{"id":46,"date":"2011-05-05T22:19:00","date_gmt":"2011-05-05T22:19:00","guid":{"rendered":"\/Blogg\/post\/Ibland-undrar-man.aspx"},"modified":"2011-08-28T11:49:42","modified_gmt":"2011-08-28T09:49:42","slug":"ibland-undrar-man","status":"publish","type":"post","link":"https:\/\/blogg.fumei.se\/?p=46","title":{"rendered":"Ibland undrar man&#8230;"},"content":{"rendered":"<p>Som vanligt idag efter jobbet, var\u00a0det massor med folk som skulle med samma t\u00e5g som jag kl 17.07 fr\u00e5n Gbg. S\u00e5 knastrar det till i h\u00f6gtalarna och det kommer inte bara ett, utan tre meddelanden om f\u00f6rseningar och inst\u00e4llda t\u00e5g. F\u00f6r det f\u00f6rsta skulle mitt t\u00e5g bli f\u00f6rsenat \u00e5ga v\u00e4xelfel (SJ:s generalurs\u00e4kt numera), f\u00f6r det andra skulle pendeln till Alings\u00e5s bli inst\u00e4lld pga samma v\u00e4xelfel, och f\u00f6r det tredje skulle Kinnekullet\u00e5get inte heller avg\u00e5 pga samma v\u00e4xelfel.<br \/>\nAlings\u00e5spendeln skulle visserligen ers\u00e4ttas med buss, s\u00e5 n\u00e5gra resen\u00e4rer f\u00f6rsvann dit\u00e5t, och Kinnekullet\u00e5get skulle g\u00e5 ifr\u00e5n Herrljunga, s\u00e5 de resen\u00e4rerna blev h\u00e4nvisade till mitt t\u00e5g fram till Herrljunga.<\/p>\n<p>D\u00e5 uppst\u00e5r den d\u00e4r inte s\u00e5 trevliga situationen med ett t\u00e5g som \u00e4r anpassat f\u00f6r x antal passagerare, men ist\u00e4llet f\u00e5r k\u00f6ra med ungef\u00e4r dubbelt s\u00e5 m\u00e5nga ombord. Det var ingen h\u00f6jdare att st\u00e5 i mittg\u00e5ngen p\u00e5 ett fullpackat t\u00e5g och vara s\u00e5 tr\u00f6tt att man svajade utan att t\u00e5get ens r\u00f6rde sig, kan jag s\u00e4ga! Dessutom blir jag lika irriterad varje eftermiddag p\u00e5 de resen\u00e4rer som ska g\u00e5 av i Alings\u00e5s, som ju \u00e4r f\u00f6rsta stationen p\u00e5 v\u00e4gen. Det \u00e4r alltid de personerna som tr\u00e4nger sig fram till d\u00f6rrarna och rusar upp p\u00e5 t\u00e5get innan de som kom med t\u00e5get knappt ens hunnit g\u00e5 av, och de sl\u00e4nger sig ner p\u00e5 alla sittplatser l\u00e4ngst in vid f\u00f6nstren och s\u00e4tter sig och sover eller plockar upp datorer.<br \/>\nOch sdan n\u00e4r de ska av s\u00e5 m\u00e5ste alla andra flytta p\u00e5 sig f\u00f6r att de ska av. Hur t\u00e4nker man d\u00e5, n\u00e4r man vet att man ska g\u00e5 av f\u00f6rst, men \u00e4nd\u00e5 envisas dag efter dag med att stressrusa till ett t\u00e5g och praktiskt taget sl\u00e5 sig fram till en ledig plats l\u00e4ngst in, l\u00e4ngst bort fr\u00e5n d\u00f6rren?<br \/>\nJaja, de kanske f\u00e5r d\u00e5lig karma l\u00e4ngre fram i livet, vad vet jag&#8230;<\/p>\n<p>Nog om det, men det \u00e4r s\u00e5dan saker som faktiskt bidrar till att jag funderar p\u00e5 att s\u00f6ka ett jobb n\u00e4rmare hemma. Eller flytta n\u00e4rmare Gbg trots att Robin har ett \u00e5r kvar i grundskolan. (Jag lovade ju mina barn att de skulle f\u00e5 g\u00e5 klart grundskolan innan vi flyttarfr\u00e5n H\u00e5lan).<br \/>\nVi f\u00e5r v\u00e4l se hur det blir. Nu \u00e4r jag i vilket fall som helst \u00e4ckeltr\u00f6tt efter att inte ha f\u00e5tt min vanliga powernap p\u00e5 t\u00e5get hem, s\u00e5 jag kommer nog inte att l\u00e4sa m\u00e5nga ord i &#8221;The Tales of Beedle The Bard&#8221; innan jag slocknar.\u00a0<\/p>\n<p style=\"text-align: center;\"><a href=\"https:\/\/i0.wp.com\/blogg.fumei.se\/wp-content\/uploads\/2011\/05\/201105042745.jpg?ssl=1\"><img data-recalc-dims=\"1\" loading=\"lazy\" decoding=\"async\" data-attachment-id=\"1306\" data-permalink=\"https:\/\/blogg.fumei.se\/?attachment_id=1306\" data-orig-file=\"https:\/\/i0.wp.com\/blogg.fumei.se\/wp-content\/uploads\/2011\/05\/201105042745.jpg?fit=778%2C583&amp;ssl=1\" data-orig-size=\"778,583\" data-comments-opened=\"1\" data-image-meta=\"{&quot;aperture&quot;:&quot;2.8&quot;,&quot;credit&quot;:&quot;&quot;,&quot;camera&quot;:&quot;N95&quot;,&quot;caption&quot;:&quot;&quot;,&quot;created_timestamp&quot;:&quot;1304545769&quot;,&quot;copyright&quot;:&quot;&quot;,&quot;focal_length&quot;:&quot;5.6&quot;,&quot;iso&quot;:&quot;320&quot;,&quot;shutter_speed&quot;:&quot;0.029&quot;,&quot;title&quot;:&quot;&quot;}\" data-image-title=\"201105042745\" data-image-description=\"\" data-image-caption=\"\" data-large-file=\"https:\/\/i0.wp.com\/blogg.fumei.se\/wp-content\/uploads\/2011\/05\/201105042745.jpg?fit=640%2C480&amp;ssl=1\" class=\"aligncenter size-medium wp-image-1306\" title=\"201105042745\" src=\"https:\/\/i0.wp.com\/blogg.fumei.se\/wp-content\/uploads\/2011\/05\/201105042745.jpg?resize=300%2C224&#038;ssl=1\" alt=\"\" width=\"300\" height=\"224\" srcset=\"https:\/\/i0.wp.com\/blogg.fumei.se\/wp-content\/uploads\/2011\/05\/201105042745.jpg?resize=300%2C224&amp;ssl=1 300w, https:\/\/i0.wp.com\/blogg.fumei.se\/wp-content\/uploads\/2011\/05\/201105042745.jpg?w=778&amp;ssl=1 778w\" sizes=\"auto, (max-width: 300px) 100vw, 300px\" \/><\/a>\u00a0<\/p>\n","protected":false},"excerpt":{"rendered":"<p>Som vanligt idag efter jobbet, var\u00a0det massor med folk som skulle med samma t\u00e5g som jag kl 17.07 fr\u00e5n Gbg. S\u00e5 knastrar det till i h\u00f6gtalarna och det kommer inte bara ett, utan tre meddelanden om f\u00f6rseningar och inst\u00e4llda t\u00e5g. F\u00f6r det f\u00f6rsta skulle mitt t\u00e5g bli f\u00f6rsenat \u00e5ga v\u00e4xelfel (SJ:s generalurs\u00e4kt numera), f\u00f6r det&#8230;<\/p>\n","protected":false},"author":1,"featured_media":0,"comment_status":"open","ping_status":"open","sticky":false,"template":"","format":"standard","meta":{"jetpack_post_was_ever_published":false,"_jetpack_newsletter_access":"","_jetpack_dont_email_post_to_subs":false,"_jetpack_newsletter_tier_id":0,"_jetpack_memberships_contains_paywalled_content":false,"_jetpack_memberships_contains_paid_content":false,"footnotes":"","jetpack_publicize_message":"","jetpack_publicize_feature_enabled":true,"jetpack_social_post_already_shared":false,"jetpack_social_options":{"image_generator_settings":{"template":"highway","default_image_id":0,"font":"","enabled":false},"version":2}},"categories":[47],"tags":[],"class_list":["post-46","post","type-post","status-publish","format-standard","hentry","category-vardagsliv"],"jetpack_publicize_connections":[],"jetpack_featured_media_url":"","jetpack_shortlink":"https:\/\/wp.me\/p3qko4-K","jetpack_sharing_enabled":true,"jetpack_likes_enabled":true,"jetpack-related-posts":[{"id":3108,"url":"https:\/\/blogg.fumei.se\/?p=3108","url_meta":{"origin":46,"position":0},"title":"Nyhetstorka tv\u00e4rtom","author":"M :)","date":"2013-08-06","format":false,"excerpt":"Ig\u00e5r lyckades jag med konststycket att f\u00e5 ton\u00e5rssonen ut ur huset! Vi gick p\u00e5 bio och s\u00e5g Wolverine, och den var bra och vi hade det trevligt ett par timmar, men det var inte vad det h\u00e4r inl\u00e4gget skulle handla om. Ist\u00e4llet funderar jag en del \u00f6ver det som intr\u00e4ffade\u2026","rel":"","context":"I \u201dVardagsliv\u201d","block_context":{"text":"Vardagsliv","link":"https:\/\/blogg.fumei.se\/?cat=47"},"img":{"alt_text":"","src":"","width":0,"height":0},"classes":[]},{"id":1400,"url":"https:\/\/blogg.fumei.se\/?p=1400","url_meta":{"origin":46,"position":1},"title":"Pyjamasparty","author":"M :)","date":"2011-09-14","format":false,"excerpt":"I m\u00e5ndags efter jobbet satte jag mig som vanligt p\u00e5 t\u00e5get mot Sk\u00f6vde f\u00f6r att \u00e5ka hem. N\u00e4r vi var ett par minuter f\u00f6rsenade iv\u00e4g meddelade kondukt\u00f6ren - f\u00f6rl\u00e5t, t\u00e5gv\u00e4rden - att vi skulle bli ytterligare lite sena f\u00f6r det hade fallit ett tr\u00e4d \u00f6ver ett sp\u00e5r ovanf\u00f6r Alings\u00e5s, s\u00e5\u2026","rel":"","context":"I \u201dVardagsliv\u201d","block_context":{"text":"Vardagsliv","link":"https:\/\/blogg.fumei.se\/?cat=47"},"img":{"alt_text":"","src":"","width":0,"height":0},"classes":[]},{"id":33,"url":"https:\/\/blogg.fumei.se\/?p=33","url_meta":{"origin":46,"position":2},"title":"Morgonmorr","author":"M :)","date":"2011-06-07","format":false,"excerpt":"Klev (som vanligt) upp 4.15 och gjorde mig i ordning f\u00f6r att \u00e5ka till jobbet. Klickade som vanligt fram [Trafikverkets sida f\u00f6r t\u00e5ginformation]. D\u00e4r stod inget s\u00e4rskilt, men ankomst- och avg\u00e5ngstider var inte heller ifyllda f\u00f6r varje station. det h\u00e4nder ibland att den som ska skriva in informationen inte hinner\u2026","rel":"","context":"I \u201dVardagsliv\u201d","block_context":{"text":"Vardagsliv","link":"https:\/\/blogg.fumei.se\/?cat=47"},"img":{"alt_text":"","src":"","width":0,"height":0},"classes":[]},{"id":291,"url":"https:\/\/blogg.fumei.se\/?p=291","url_meta":{"origin":46,"position":3},"title":"Jaha ja&#8230;","author":"EmEff","date":"2010-02-20","format":false,"excerpt":"Jag skulle ju jobba inatt. Tror ni det blir s\u00e5? Nej. F\u00f6r det sn\u00f6ar. Som fan. T\u00e5g och bussar \u00e4r inst\u00e4llda, folk f\u00e5r gr\u00e4va sig ut ur sina hus och kan knappt, om ens alls, ta sig till sina jobb eller annat de bokat in. Sverige st\u00e5r helt enkelt stilla.\u2026","rel":"","context":"I \u201dVardagsliv\u201d","block_context":{"text":"Vardagsliv","link":"https:\/\/blogg.fumei.se\/?cat=47"},"img":{"alt_text":"","src":"","width":0,"height":0},"classes":[]},{"id":685,"url":"https:\/\/blogg.fumei.se\/?p=685","url_meta":{"origin":46,"position":4},"title":"SJ, SJ gamle v\u00e4n&#8230;","author":"M :)","date":"2008-11-11","format":false,"excerpt":"\"...festligt att du lever \u00e4n. Men du ser r\u00e4tt krasslig ut, snart h\u00f6rs ditt sista tjut.\" S\u00e5 gick en gammal l\u00e5t av Stefan Demert. Det var n\u00e5n g\u00e5ngn\u00a0 b\u00f6rjan av 70-talet, men man har v\u00e4l tyckt s\u00e5 i m\u00e5nga \u00e5r nu... Jag sj\u00e4lv har, trots att jag \u00e5ker t\u00e5g varje\u2026","rel":"","context":"I \u201dVardagsliv\u201d","block_context":{"text":"Vardagsliv","link":"https:\/\/blogg.fumei.se\/?cat=47"},"img":{"alt_text":"","src":"","width":0,"height":0},"classes":[]},{"id":170,"url":"https:\/\/blogg.fumei.se\/?p=170","url_meta":{"origin":46,"position":5},"title":"Bloggtorka","author":"M :)","date":"2010-10-30","format":false,"excerpt":"N\u00e4r man inte g\u00f6r mycket mer \u00e4n jobbar och tar hand om hemmet - och dessemellan f\u00f6rs\u00f6ker vara lite social med resten av familjen - d\u00e5 har man inte mycket att skriva om. F\u00f6r hur kul \u00e4r det att l\u00e4sa varje dag att jag har lagat middag och jobbat och\u2026","rel":"","context":"I \u201dVardagsliv\u201d","block_context":{"text":"Vardagsliv","link":"https:\/\/blogg.fumei.se\/?cat=47"},"img":{"alt_text":"","src":"","width":0,"height":0},"classes":[]}],"_links":{"self":[{"href":"https:\/\/blogg.fumei.se\/index.php?rest_route=\/wp\/v2\/posts\/46","targetHints":{"allow":["GET"]}}],"collection":[{"href":"https:\/\/blogg.fumei.se\/index.php?rest_route=\/wp\/v2\/posts"}],"about":[{"href":"https:\/\/blogg.fumei.se\/index.php?rest_route=\/wp\/v2\/types\/post"}],"author":[{"embeddable":true,"href":"https:\/\/blogg.fumei.se\/index.php?rest_route=\/wp\/v2\/users\/1"}],"replies":[{"embeddable":true,"href":"https:\/\/blogg.fumei.se\/index.php?rest_route=%2Fwp%2Fv2%2Fcomments&post=46"}],"version-history":[{"count":2,"href":"https:\/\/blogg.fumei.se\/index.php?rest_route=\/wp\/v2\/posts\/46\/revisions"}],"predecessor-version":[{"id":1280,"href":"https:\/\/blogg.fumei.se\/index.php?rest_route=\/wp\/v2\/posts\/46\/revisions\/1280"}],"wp:attachment":[{"href":"https:\/\/blogg.fumei.se\/index.php?rest_route=%2Fwp%2Fv2%2Fmedia&parent=46"}],"wp:term":[{"taxonomy":"category","embeddable":true,"href":"https:\/\/blogg.fumei.se\/index.php?rest_route=%2Fwp%2Fv2%2Fcategories&post=46"},{"taxonomy":"post_tag","embeddable":true,"href":"https:\/\/blogg.fumei.se\/index.php?rest_route=%2Fwp%2Fv2%2Ftags&post=46"}],"curies":[{"name":"wp","href":"https:\/\/api.w.org\/{rel}","templated":true}]}}