{"id":4623,"date":"2019-01-09T00:01:22","date_gmt":"2019-01-08T23:01:22","guid":{"rendered":"http:\/\/blogg.fumei.se\/?p=4623"},"modified":"2019-01-08T22:06:02","modified_gmt":"2019-01-08T21:06:02","slug":"forst-ut","status":"publish","type":"post","link":"https:\/\/blogg.fumei.se\/?p=4623","title":{"rendered":"F\u00f6rst ut"},"content":{"rendered":"\n<p>\u00c5rets f\u00f6rsta f\u00f6delsedagsbloggning blir f\u00f6r Lovisa, som fyller 11 \u00e5r idag!<\/p>\n\n\n\n<figure class=\"wp-block-image\"><img data-recalc-dims=\"1\" loading=\"lazy\" decoding=\"async\" width=\"600\" height=\"429\" data-attachment-id=\"4624\" data-permalink=\"https:\/\/blogg.fumei.se\/?attachment_id=4624\" data-orig-file=\"https:\/\/i0.wp.com\/blogg.fumei.se\/wp-content\/uploads\/2019\/01\/Lovisa11-emeff2019.png?fit=600%2C429&amp;ssl=1\" data-orig-size=\"600,429\" data-comments-opened=\"1\" data-image-meta=\"{&quot;aperture&quot;:&quot;0&quot;,&quot;credit&quot;:&quot;&quot;,&quot;camera&quot;:&quot;&quot;,&quot;caption&quot;:&quot;&quot;,&quot;created_timestamp&quot;:&quot;0&quot;,&quot;copyright&quot;:&quot;&quot;,&quot;focal_length&quot;:&quot;0&quot;,&quot;iso&quot;:&quot;0&quot;,&quot;shutter_speed&quot;:&quot;0&quot;,&quot;title&quot;:&quot;&quot;,&quot;orientation&quot;:&quot;0&quot;}\" data-image-title=\"Lovisa11-emeff2019\" data-image-description=\"\" data-image-caption=\"\" data-large-file=\"https:\/\/i0.wp.com\/blogg.fumei.se\/wp-content\/uploads\/2019\/01\/Lovisa11-emeff2019.png?fit=600%2C429&amp;ssl=1\" src=\"https:\/\/i0.wp.com\/blogg.fumei.se\/wp-content\/uploads\/2019\/01\/Lovisa11-emeff2019.png?resize=600%2C429&#038;ssl=1\" alt=\"\" class=\"wp-image-4624\" srcset=\"https:\/\/i0.wp.com\/blogg.fumei.se\/wp-content\/uploads\/2019\/01\/Lovisa11-emeff2019.png?w=600&amp;ssl=1 600w, https:\/\/i0.wp.com\/blogg.fumei.se\/wp-content\/uploads\/2019\/01\/Lovisa11-emeff2019.png?resize=300%2C215&amp;ssl=1 300w\" sizes=\"auto, (max-width: 600px) 100vw, 600px\" \/><\/figure>\n\n\n\n<p style=\"color:#9100a3;text-align:center\" class=\"has-text-color has-large-font-size\"><strong>GRATTIS!<\/strong><\/p>\n\n\n\n<p style=\"color:#9100a3;text-align:center\" class=\"has-text-color\">\u00f6nskar<br \/>faster<br \/>farmor<br \/>Robin<br \/>Fia, Linus, Juliah &amp; Amandus<br \/>Berto &amp; Bella<br \/>Ilse, Magnus, Frida &amp; Tyra<\/p>\n","protected":false},"excerpt":{"rendered":"<p>\u00c5rets f\u00f6rsta f\u00f6delsedagsbloggning blir f\u00f6r Lovisa, som fyller 11 \u00e5r idag! GRATTIS! \u00f6nskarfasterfarmorRobinFia, Linus, Juliah &amp; AmandusBerto &amp; BellaIlse, Magnus, Frida &amp; Tyra<\/p>\n","protected":false},"author":1,"featured_media":0,"comment_status":"open","ping_status":"open","sticky":false,"template":"","format":"standard","meta":{"jetpack_post_was_ever_published":false,"_jetpack_newsletter_access":"","_jetpack_dont_email_post_to_subs":false,"_jetpack_newsletter_tier_id":0,"_jetpack_memberships_contains_paywalled_content":false,"_jetpack_memberships_contains_paid_content":false,"footnotes":"","jetpack_publicize_message":"","jetpack_publicize_feature_enabled":true,"jetpack_social_post_already_shared":true,"jetpack_social_options":{"image_generator_settings":{"template":"highway","default_image_id":0,"font":"","enabled":false},"version":2}},"categories":[34,47],"tags":[106],"class_list":["post-4623","post","type-post","status-publish","format-standard","hentry","category-familjen","category-vardagsliv","tag-fodelsedag"],"jetpack_publicize_connections":[],"jetpack_featured_media_url":"","jetpack_shortlink":"https:\/\/wp.me\/p3qko4-1cz","jetpack_sharing_enabled":true,"jetpack_likes_enabled":true,"jetpack-related-posts":[{"id":120,"url":"https:\/\/blogg.fumei.se\/?p=120","url_meta":{"origin":4623,"position":0},"title":"\u00c5rets f\u00f6rsta bokpaket!","author":"M :)","date":"2011-01-15","format":false,"excerpt":"Ig\u00e5r kom \u00e5rets f\u00f6rsta, en trave pocket fr\u00e5n [Pocketsmart.se]. Det inneh\u00f6ll [Svenska kulter] av Anders Fager, tredje delen av Catharina Ingelman-Sundbergs serie om Anne Persdatter; [Befriad] och Ken Folletts [Sv\u00e4rdet och spiran] och [En v\u00e4rld utan slut]. \u00a0","rel":"","context":"I \u201dVardagsliv\u201d","block_context":{"text":"Vardagsliv","link":"https:\/\/blogg.fumei.se\/?cat=47"},"img":{"alt_text":"","src":"","width":0,"height":0},"classes":[]},{"id":1009,"url":"https:\/\/blogg.fumei.se\/?p=1009","url_meta":{"origin":4623,"position":1},"title":"Filmrecension &#8211; Harry Potter och Halvblodsprinsen","author":"M :)","date":"2009-07-30","format":false,"excerpt":"Jag har l\u00e4st boken. Tv\u00e5 g\u00e5nger till och med. Och nu har jag \u00e4ntligen sett filmen. Vanligtvis brukar jag se den n\u00e5gon g\u00e5ng under premi\u00e4rveckan (tillsammans med barnen; en tradition vi har), men den h\u00e4r g\u00e5ngen drog det ut p\u00e5 tiden, eftersom en viss ung fr\u00f6ken \u00e4r ute och fl\u00e4nger\u2026","rel":"","context":"I \u201dFilmer och TV\u201d","block_context":{"text":"Filmer och TV","link":"https:\/\/blogg.fumei.se\/?cat=43"},"img":{"alt_text":"","src":"","width":0,"height":0},"classes":[]},{"id":111,"url":"https:\/\/blogg.fumei.se\/?p=111","url_meta":{"origin":4623,"position":2},"title":"Tea for two","author":"M :)","date":"2011-01-21","format":false,"excerpt":"F\u00f6rsta helgen i Februari \u00e4r det dags f\u00f6r bokm\u00e4ssans bloggambassad\u00f6rer att tr\u00e4ffas IRL f\u00f6rs f\u00f6rsta g\u00e5ngen, och det betyder att Kerstin kommer till G\u00f6teborg! Givetvis har vi redan bokat in en dejt. Det kommer som vanligt att bli kort men intensivt, men det blir nog j\u00e4ttebra \u00e4nd\u00e5!Jag har tagit mig\u2026","rel":"","context":"I \u201dVardagsliv\u201d","block_context":{"text":"Vardagsliv","link":"https:\/\/blogg.fumei.se\/?cat=47"},"img":{"alt_text":"","src":"","width":0,"height":0},"classes":[]},{"id":6886,"url":"https:\/\/blogg.fumei.se\/?p=6886","url_meta":{"origin":4623,"position":3},"title":"Streckgubbar","author":"M :)","date":"2013-10-03","format":false,"excerpt":"Jag har tatuerat mig!Jag ville ha n\u00e5got som var mitt eget, och som ingen annan hade, och en dag s\u00e5g jag en kille som hade en teckning av sitt barn tatuerad p\u00e5 sin arm, och d\u00e5 t\u00e4nkte jag. att det \u00e4r det jag ska ha! S\u00e5 nu finns Fias f\u00f6rsta\u2026","rel":"","context":"I \u201dVardagsliv\u201d","block_context":{"text":"Vardagsliv","link":"https:\/\/blogg.fumei.se\/?cat=47"},"img":{"alt_text":"","src":"https:\/\/i0.wp.com\/blogg.fumei.se\/wp-content\/uploads\/2024\/05\/7AA3045F-2BB3-4472-B716-A42E01473DFD_1_105_c.jpeg?resize=350%2C200","width":350,"height":200,"srcset":"https:\/\/i0.wp.com\/blogg.fumei.se\/wp-content\/uploads\/2024\/05\/7AA3045F-2BB3-4472-B716-A42E01473DFD_1_105_c.jpeg?resize=350%2C200 1x, https:\/\/i0.wp.com\/blogg.fumei.se\/wp-content\/uploads\/2024\/05\/7AA3045F-2BB3-4472-B716-A42E01473DFD_1_105_c.jpeg?resize=525%2C300 1.5x, https:\/\/i0.wp.com\/blogg.fumei.se\/wp-content\/uploads\/2024\/05\/7AA3045F-2BB3-4472-B716-A42E01473DFD_1_105_c.jpeg?resize=700%2C400 2x"},"classes":[]},{"id":695,"url":"https:\/\/blogg.fumei.se\/?p=695","url_meta":{"origin":4623,"position":4},"title":"Ett nytt blad i historieboken","author":"M :)","date":"2008-11-05","format":false,"excerpt":"Jo men visst m\u00e5ste man v\u00e4l b\u00f6rja p\u00e5 en ny fin sida om man ska b\u00f6rja ber\u00e4tta om hur USA fick sin f\u00f6rsta icke-vita president?! I \"the land of the free\" och alla dr\u00f6mmars och m\u00f6jligheters land, d\u00e4r har det inte alltid varit s\u00e5, och synar man ordentligt s\u00e5 inte\u2026","rel":"","context":"I \u201dVardagsliv\u201d","block_context":{"text":"Vardagsliv","link":"https:\/\/blogg.fumei.se\/?cat=47"},"img":{"alt_text":"","src":"","width":0,"height":0},"classes":[]},{"id":2778,"url":"https:\/\/blogg.fumei.se\/?p=2778","url_meta":{"origin":4623,"position":5},"title":"MUSE &#8211; The 2nd Law &#8211; Recension","author":"M :)","date":"2012-10-25","format":false,"excerpt":"Muse har sl\u00e4ppt ett nytt album, det sj\u00e4tte i ordningen. Det \u00e4r visserligen redan lite drygt en m\u00e5nad gammalt, men jag har lyssnat in mig ordentligt den h\u00e4r g\u00e5ngen. Jag har lite sv\u00e5rt att definiera Muse. \u00e4r det rock, \u00e4r det elektro, \u00e4r det pop? Jag kallar det elektrock. \"The\u2026","rel":"","context":"I \u201dMusik\u201d","block_context":{"text":"Musik","link":"https:\/\/blogg.fumei.se\/?cat=48"},"img":{"alt_text":"","src":"","width":0,"height":0},"classes":[]}],"_links":{"self":[{"href":"https:\/\/blogg.fumei.se\/index.php?rest_route=\/wp\/v2\/posts\/4623","targetHints":{"allow":["GET"]}}],"collection":[{"href":"https:\/\/blogg.fumei.se\/index.php?rest_route=\/wp\/v2\/posts"}],"about":[{"href":"https:\/\/blogg.fumei.se\/index.php?rest_route=\/wp\/v2\/types\/post"}],"author":[{"embeddable":true,"href":"https:\/\/blogg.fumei.se\/index.php?rest_route=\/wp\/v2\/users\/1"}],"replies":[{"embeddable":true,"href":"https:\/\/blogg.fumei.se\/index.php?rest_route=%2Fwp%2Fv2%2Fcomments&post=4623"}],"version-history":[{"count":1,"href":"https:\/\/blogg.fumei.se\/index.php?rest_route=\/wp\/v2\/posts\/4623\/revisions"}],"predecessor-version":[{"id":4625,"href":"https:\/\/blogg.fumei.se\/index.php?rest_route=\/wp\/v2\/posts\/4623\/revisions\/4625"}],"wp:attachment":[{"href":"https:\/\/blogg.fumei.se\/index.php?rest_route=%2Fwp%2Fv2%2Fmedia&parent=4623"}],"wp:term":[{"taxonomy":"category","embeddable":true,"href":"https:\/\/blogg.fumei.se\/index.php?rest_route=%2Fwp%2Fv2%2Fcategories&post=4623"},{"taxonomy":"post_tag","embeddable":true,"href":"https:\/\/blogg.fumei.se\/index.php?rest_route=%2Fwp%2Fv2%2Ftags&post=4623"}],"curies":[{"name":"wp","href":"https:\/\/api.w.org\/{rel}","templated":true}]}}