{"id":4638,"date":"2019-03-13T07:37:56","date_gmt":"2019-03-13T06:37:56","guid":{"rendered":"http:\/\/blogg.fumei.se\/?p=4638"},"modified":"2019-03-13T20:44:25","modified_gmt":"2019-03-13T19:44:25","slug":"bellas-dag-idag","status":"publish","type":"post","link":"https:\/\/blogg.fumei.se\/?p=4638","title":{"rendered":"Bellas dag idag"},"content":{"rendered":"\n<p>Idag \u00e4r det \u00e4ldsta brorsdotterns tur att fira f\u00f6delsedag.<\/p>\n\n\n\n<p style=\"color:#2f3357;text-align:center\" class=\"has-text-color has-huge-font-size\">GRATTIS!<\/p>\n\n\n\n<p style=\"color:#2f3357;text-align:center\" class=\"has-text-color has-medium-font-size\">\u00f6nskar<br \/>vi allesammans!<\/p>\n\n\n\n<figure class=\"wp-block-image\"><img data-recalc-dims=\"1\" loading=\"lazy\" decoding=\"async\" width=\"600\" height=\"600\" data-attachment-id=\"4639\" data-permalink=\"https:\/\/blogg.fumei.se\/?attachment_id=4639\" data-orig-file=\"https:\/\/i0.wp.com\/blogg.fumei.se\/wp-content\/uploads\/2019\/03\/Bella19-emeff2019.png?fit=600%2C600&amp;ssl=1\" data-orig-size=\"600,600\" data-comments-opened=\"1\" data-image-meta=\"{&quot;aperture&quot;:&quot;0&quot;,&quot;credit&quot;:&quot;&quot;,&quot;camera&quot;:&quot;&quot;,&quot;caption&quot;:&quot;&quot;,&quot;created_timestamp&quot;:&quot;0&quot;,&quot;copyright&quot;:&quot;&quot;,&quot;focal_length&quot;:&quot;0&quot;,&quot;iso&quot;:&quot;0&quot;,&quot;shutter_speed&quot;:&quot;0&quot;,&quot;title&quot;:&quot;&quot;,&quot;orientation&quot;:&quot;0&quot;}\" data-image-title=\"Bella19-emeff2019\" data-image-description=\"\" data-image-caption=\"\" data-large-file=\"https:\/\/i0.wp.com\/blogg.fumei.se\/wp-content\/uploads\/2019\/03\/Bella19-emeff2019.png?fit=600%2C600&amp;ssl=1\" src=\"https:\/\/i0.wp.com\/blogg.fumei.se\/wp-content\/uploads\/2019\/03\/Bella19-emeff2019.png?resize=600%2C600&#038;ssl=1\" alt=\"\" class=\"wp-image-4639\" srcset=\"https:\/\/i0.wp.com\/blogg.fumei.se\/wp-content\/uploads\/2019\/03\/Bella19-emeff2019.png?w=600&amp;ssl=1 600w, https:\/\/i0.wp.com\/blogg.fumei.se\/wp-content\/uploads\/2019\/03\/Bella19-emeff2019.png?resize=180%2C180&amp;ssl=1 180w, https:\/\/i0.wp.com\/blogg.fumei.se\/wp-content\/uploads\/2019\/03\/Bella19-emeff2019.png?resize=300%2C300&amp;ssl=1 300w\" sizes=\"auto, (max-width: 600px) 100vw, 600px\" \/><\/figure>\n","protected":false},"excerpt":{"rendered":"<p>Idag \u00e4r det \u00e4ldsta brorsdotterns tur att fira f\u00f6delsedag. GRATTIS! \u00f6nskarvi allesammans!<\/p>\n","protected":false},"author":1,"featured_media":0,"comment_status":"open","ping_status":"open","sticky":false,"template":"","format":"standard","meta":{"jetpack_post_was_ever_published":false,"_jetpack_newsletter_access":"","_jetpack_dont_email_post_to_subs":false,"_jetpack_newsletter_tier_id":0,"_jetpack_memberships_contains_paywalled_content":false,"_jetpack_memberships_contains_paid_content":false,"footnotes":"","jetpack_publicize_message":"","jetpack_publicize_feature_enabled":true,"jetpack_social_post_already_shared":true,"jetpack_social_options":{"image_generator_settings":{"template":"highway","default_image_id":0,"font":"","enabled":false},"version":2}},"categories":[34,47],"tags":[106],"class_list":["post-4638","post","type-post","status-publish","format-standard","hentry","category-familjen","category-vardagsliv","tag-fodelsedag"],"jetpack_publicize_connections":[],"jetpack_featured_media_url":"","jetpack_shortlink":"https:\/\/wp.me\/p3qko4-1cO","jetpack_sharing_enabled":true,"jetpack_likes_enabled":true,"jetpack-related-posts":[{"id":4507,"url":"https:\/\/blogg.fumei.se\/?p=4507","url_meta":{"origin":4638,"position":0},"title":"Grattis Bella!","author":"M :)","date":"2018-03-13","format":false,"excerpt":"Idag fyller \u00e4ldsta brorsdottern myndig. Vi hurrar och gratulerar f\u00f6r dig idag! GRATTIS \u00f6nskar pappa farmor faster Fia, Linus, Juliah Robin Silvio Lovisa & Victor Ilse & Magnus Frida & Tyra","rel":"","context":"I \u201dFamiljen\u201d","block_context":{"text":"Familjen","link":"https:\/\/blogg.fumei.se\/?cat=34"},"img":{"alt_text":"","src":"https:\/\/i0.wp.com\/blogg.fumei.se\/wp-content\/uploads\/2018\/03\/Bella18-emeff2018.png?resize=350%2C200","width":350,"height":200,"srcset":"https:\/\/i0.wp.com\/blogg.fumei.se\/wp-content\/uploads\/2018\/03\/Bella18-emeff2018.png?resize=350%2C200 1x, https:\/\/i0.wp.com\/blogg.fumei.se\/wp-content\/uploads\/2018\/03\/Bella18-emeff2018.png?resize=525%2C300 1.5x"},"classes":[]},{"id":3541,"url":"https:\/\/blogg.fumei.se\/?p=3541","url_meta":{"origin":4638,"position":1},"title":"Moppe!","author":"M :)","date":"2015-03-13","format":false,"excerpt":"Eller?!? I vilket fall som helst s\u00e5 fyller \u00e4ldsta brorsdottern 15 \u00e5r idag! Det hurrar vi f\u00f6r! Hurra, hurra, hurra, hurra!! GRATTIS \u00f6nskar faster, farmor & farfar, Robin, Fia, Linus och Juliah","rel":"","context":"I \u201dFamiljen\u201d","block_context":{"text":"Familjen","link":"https:\/\/blogg.fumei.se\/?cat=34"},"img":{"alt_text":"Bella15-EmEff2015","src":"https:\/\/i0.wp.com\/blogg.fumei.se\/wp-content\/uploads\/2015\/03\/Bella15-EmEff2015.jpg?resize=350%2C200","width":350,"height":200,"srcset":"https:\/\/i0.wp.com\/blogg.fumei.se\/wp-content\/uploads\/2015\/03\/Bella15-EmEff2015.jpg?resize=350%2C200 1x, https:\/\/i0.wp.com\/blogg.fumei.se\/wp-content\/uploads\/2015\/03\/Bella15-EmEff2015.jpg?resize=525%2C300 1.5x"},"classes":[]},{"id":4525,"url":"https:\/\/blogg.fumei.se\/?p=4525","url_meta":{"origin":4638,"position":2},"title":"Mammas p\u00f4jk!","author":"M :)","date":"2018-04-25","format":false,"excerpt":"Idag fyller Robin \u00e5r! Hipp hurra!! GRATTIS! \u00f6nskar mamma Fia, Linus & Juliah mormor Berto & Bella Silvio, Lovisa & Victor Ilse, Magnus, Frida & Tyra","rel":"","context":"I \u201dFamiljen\u201d","block_context":{"text":"Familjen","link":"https:\/\/blogg.fumei.se\/?cat=34"},"img":{"alt_text":"","src":"https:\/\/i0.wp.com\/blogg.fumei.se\/wp-content\/uploads\/2018\/04\/Robin21-emeff2018.png?resize=350%2C200","width":350,"height":200,"srcset":"https:\/\/i0.wp.com\/blogg.fumei.se\/wp-content\/uploads\/2018\/04\/Robin21-emeff2018.png?resize=350%2C200 1x, https:\/\/i0.wp.com\/blogg.fumei.se\/wp-content\/uploads\/2018\/04\/Robin21-emeff2018.png?resize=525%2C300 1.5x"},"classes":[]},{"id":4301,"url":"https:\/\/blogg.fumei.se\/?p=4301","url_meta":{"origin":4638,"position":3},"title":"Lillebror fyller \u00e5r","author":"M :)","date":"2017-07-17","format":false,"excerpt":"Den \u00e4ldre av de yngre f\u00f6rm\u00e5gorna firar f\u00f6delsedag idag! GRATTIS \u00f6nskar vi allesammans! \u00a0","rel":"","context":"I \u201dVardagsliv\u201d","block_context":{"text":"Vardagsliv","link":"https:\/\/blogg.fumei.se\/?cat=47"},"img":{"alt_text":"","src":"https:\/\/i0.wp.com\/blogg.fumei.se\/wp-content\/uploads\/2017\/07\/Roberto-46-emeff2017.png?resize=350%2C200","width":350,"height":200,"srcset":"https:\/\/i0.wp.com\/blogg.fumei.se\/wp-content\/uploads\/2017\/07\/Roberto-46-emeff2017.png?resize=350%2C200 1x, https:\/\/i0.wp.com\/blogg.fumei.se\/wp-content\/uploads\/2017\/07\/Roberto-46-emeff2017.png?resize=525%2C300 1.5x"},"classes":[]},{"id":2741,"url":"https:\/\/blogg.fumei.se\/?p=2741","url_meta":{"origin":4638,"position":4},"title":"F\u00f6delsedagsdags!","author":"M :)","date":"2012-08-23","format":false,"excerpt":"Idag \u00e4r det 10 \u00e5r sedan min \u00e4ldsta systerdotter Frida f\u00f6ddes, s\u00e5 idag hurrar vi f\u00f6r henne! Hipp hurra! GRATTIS \u00f6nskar moster, Fia, Robin, Jorge och Stella","rel":"","context":"I \u201dFamiljen\u201d","block_context":{"text":"Familjen","link":"https:\/\/blogg.fumei.se\/?cat=34"},"img":{"alt_text":"","src":"https:\/\/i0.wp.com\/blogg.fumei.se\/wp-content\/uploads\/2012\/08\/Frida10-emeff2012.png?resize=350%2C200","width":350,"height":200,"srcset":"https:\/\/i0.wp.com\/blogg.fumei.se\/wp-content\/uploads\/2012\/08\/Frida10-emeff2012.png?resize=350%2C200 1x, https:\/\/i0.wp.com\/blogg.fumei.se\/wp-content\/uploads\/2012\/08\/Frida10-emeff2012.png?resize=525%2C300 1.5x"},"classes":[]},{"id":4515,"url":"https:\/\/blogg.fumei.se\/?p=4515","url_meta":{"origin":4638,"position":5},"title":"Mormors tjej fyller \u00e5r","author":"M :)","date":"2018-03-15","format":false,"excerpt":"Idag fyller Juliah 4 \u00e5r! Vart tar tiden v\u00e4gen? Det k\u00e4nns som om det var nyss du l\u00e5g i din mammas mage, fast nu \u00e4r det en lillebror eller lillasyster som ligger d\u00e4r. GRATTIS! \u00f6nskar mormor nonna mamma & pappa Robin Berto & Bella Silvio, Lovisa & Victor \u00a0Ilse &\u2026","rel":"","context":"I \u201dFamiljen\u201d","block_context":{"text":"Familjen","link":"https:\/\/blogg.fumei.se\/?cat=34"},"img":{"alt_text":"","src":"https:\/\/i0.wp.com\/blogg.fumei.se\/wp-content\/uploads\/2018\/03\/Juliah4-emeff2018.png?resize=350%2C200","width":350,"height":200,"srcset":"https:\/\/i0.wp.com\/blogg.fumei.se\/wp-content\/uploads\/2018\/03\/Juliah4-emeff2018.png?resize=350%2C200 1x, https:\/\/i0.wp.com\/blogg.fumei.se\/wp-content\/uploads\/2018\/03\/Juliah4-emeff2018.png?resize=525%2C300 1.5x"},"classes":[]}],"_links":{"self":[{"href":"https:\/\/blogg.fumei.se\/index.php?rest_route=\/wp\/v2\/posts\/4638","targetHints":{"allow":["GET"]}}],"collection":[{"href":"https:\/\/blogg.fumei.se\/index.php?rest_route=\/wp\/v2\/posts"}],"about":[{"href":"https:\/\/blogg.fumei.se\/index.php?rest_route=\/wp\/v2\/types\/post"}],"author":[{"embeddable":true,"href":"https:\/\/blogg.fumei.se\/index.php?rest_route=\/wp\/v2\/users\/1"}],"replies":[{"embeddable":true,"href":"https:\/\/blogg.fumei.se\/index.php?rest_route=%2Fwp%2Fv2%2Fcomments&post=4638"}],"version-history":[{"count":1,"href":"https:\/\/blogg.fumei.se\/index.php?rest_route=\/wp\/v2\/posts\/4638\/revisions"}],"predecessor-version":[{"id":4640,"href":"https:\/\/blogg.fumei.se\/index.php?rest_route=\/wp\/v2\/posts\/4638\/revisions\/4640"}],"wp:attachment":[{"href":"https:\/\/blogg.fumei.se\/index.php?rest_route=%2Fwp%2Fv2%2Fmedia&parent=4638"}],"wp:term":[{"taxonomy":"category","embeddable":true,"href":"https:\/\/blogg.fumei.se\/index.php?rest_route=%2Fwp%2Fv2%2Fcategories&post=4638"},{"taxonomy":"post_tag","embeddable":true,"href":"https:\/\/blogg.fumei.se\/index.php?rest_route=%2Fwp%2Fv2%2Ftags&post=4638"}],"curies":[{"name":"wp","href":"https:\/\/api.w.org\/{rel}","templated":true}]}}