{"id":4641,"date":"2019-03-15T00:23:09","date_gmt":"2019-03-14T23:23:09","guid":{"rendered":"http:\/\/blogg.fumei.se\/?p=4641"},"modified":"2019-03-14T20:34:12","modified_gmt":"2019-03-14T19:34:12","slug":"mormors-sessa-fyller-ar","status":"publish","type":"post","link":"https:\/\/blogg.fumei.se\/?p=4641","title":{"rendered":"Mormors sessa fyller \u00e5r!"},"content":{"rendered":"\n<p>Juliah fyller 5 \u00e5r idag! Hj\u00e4lp, vart tog tiden v\u00e4gen!?!<\/p>\n\n\n\n<div class=\"wp-block-image\"><figure class=\"aligncenter\"><img data-recalc-dims=\"1\" loading=\"lazy\" decoding=\"async\" width=\"600\" height=\"600\" data-attachment-id=\"4642\" data-permalink=\"https:\/\/blogg.fumei.se\/?attachment_id=4642\" data-orig-file=\"https:\/\/i0.wp.com\/blogg.fumei.se\/wp-content\/uploads\/2019\/03\/Juliah5-emeff2019.png?fit=600%2C600&amp;ssl=1\" data-orig-size=\"600,600\" data-comments-opened=\"1\" data-image-meta=\"{&quot;aperture&quot;:&quot;0&quot;,&quot;credit&quot;:&quot;&quot;,&quot;camera&quot;:&quot;&quot;,&quot;caption&quot;:&quot;&quot;,&quot;created_timestamp&quot;:&quot;0&quot;,&quot;copyright&quot;:&quot;&quot;,&quot;focal_length&quot;:&quot;0&quot;,&quot;iso&quot;:&quot;0&quot;,&quot;shutter_speed&quot;:&quot;0&quot;,&quot;title&quot;:&quot;&quot;,&quot;orientation&quot;:&quot;0&quot;}\" data-image-title=\"Juliah5-emeff2019\" data-image-description=\"\" data-image-caption=\"\" data-large-file=\"https:\/\/i0.wp.com\/blogg.fumei.se\/wp-content\/uploads\/2019\/03\/Juliah5-emeff2019.png?fit=600%2C600&amp;ssl=1\" src=\"https:\/\/i0.wp.com\/blogg.fumei.se\/wp-content\/uploads\/2019\/03\/Juliah5-emeff2019.png?resize=600%2C600&#038;ssl=1\" alt=\"\" class=\"wp-image-4642\" srcset=\"https:\/\/i0.wp.com\/blogg.fumei.se\/wp-content\/uploads\/2019\/03\/Juliah5-emeff2019.png?w=600&amp;ssl=1 600w, https:\/\/i0.wp.com\/blogg.fumei.se\/wp-content\/uploads\/2019\/03\/Juliah5-emeff2019.png?resize=180%2C180&amp;ssl=1 180w, https:\/\/i0.wp.com\/blogg.fumei.se\/wp-content\/uploads\/2019\/03\/Juliah5-emeff2019.png?resize=300%2C300&amp;ssl=1 300w\" sizes=\"auto, (max-width: 600px) 100vw, 600px\" \/><\/figure><\/div>\n\n\n\n<p style=\"color:#cb52ac;text-align:center\" class=\"has-text-color has-huge-font-size\">GRATTIS!<\/p>\n\n\n\n<p style=\"color:#cb52ac;text-align:center\" class=\"has-text-color has-medium-font-size\">\u00f6nskar<br \/>mormor &amp; Mikael<br \/>Melina &amp; Max<br \/>Robin<br \/>Nonna<br \/>Berto &amp; Bella<br \/>Silvio, Lovisa &amp; Victor<br \/>Ilse, Magnus, Frida &amp; Tyra<\/p>\n","protected":false},"excerpt":{"rendered":"<p>Juliah fyller 5 \u00e5r idag! Hj\u00e4lp, vart tog tiden v\u00e4gen!?! GRATTIS! \u00f6nskarmormor &amp; MikaelMelina &amp; MaxRobinNonnaBerto &amp; BellaSilvio, Lovisa &amp; VictorIlse, Magnus, Frida &amp; Tyra<\/p>\n","protected":false},"author":1,"featured_media":0,"comment_status":"open","ping_status":"open","sticky":false,"template":"","format":"standard","meta":{"jetpack_post_was_ever_published":false,"_jetpack_newsletter_access":"","_jetpack_dont_email_post_to_subs":false,"_jetpack_newsletter_tier_id":0,"_jetpack_memberships_contains_paywalled_content":false,"_jetpack_memberships_contains_paid_content":false,"footnotes":"","jetpack_publicize_message":"","jetpack_publicize_feature_enabled":true,"jetpack_social_post_already_shared":true,"jetpack_social_options":{"image_generator_settings":{"template":"highway","default_image_id":0,"font":"","enabled":false},"version":2}},"categories":[34,47],"tags":[106],"class_list":["post-4641","post","type-post","status-publish","format-standard","hentry","category-familjen","category-vardagsliv","tag-fodelsedag"],"jetpack_publicize_connections":[],"jetpack_featured_media_url":"","jetpack_shortlink":"https:\/\/wp.me\/p3qko4-1cR","jetpack_sharing_enabled":true,"jetpack_likes_enabled":true,"jetpack-related-posts":[{"id":4497,"url":"https:\/\/blogg.fumei.se\/?p=4497","url_meta":{"origin":4641,"position":0},"title":"Idag fyller vi \u00e5r!","author":"M :)","date":"2018-01-17","format":false,"excerpt":"Det \u00e4r inte bara min f\u00f6delsedag idag, utan \u00e4ven Victors! Hela 9 \u00e5r fyller han idag! GRATTIS! \u00f6nskar faster farmor Fia, Linus & Juliah Robin Roberto och Isabella","rel":"","context":"I \u201dFamiljen\u201d","block_context":{"text":"Familjen","link":"https:\/\/blogg.fumei.se\/?cat=34"},"img":{"alt_text":"","src":"https:\/\/i0.wp.com\/blogg.fumei.se\/wp-content\/uploads\/2018\/01\/Victor9-emeff2018-650x422.png?resize=350%2C200","width":350,"height":200,"srcset":"https:\/\/i0.wp.com\/blogg.fumei.se\/wp-content\/uploads\/2018\/01\/Victor9-emeff2018-650x422.png?resize=350%2C200 1x, https:\/\/i0.wp.com\/blogg.fumei.se\/wp-content\/uploads\/2018\/01\/Victor9-emeff2018-650x422.png?resize=525%2C300 1.5x"},"classes":[]},{"id":3281,"url":"https:\/\/blogg.fumei.se\/?p=3281","url_meta":{"origin":4641,"position":1},"title":"F\u00f6r\u00e4ldradag","author":"M :)","date":"2014-04-15","format":false,"excerpt":"Idag fyller v\u00e4rldens b\u00e4sta mamma och pappa \u00e5r! Hipp hipp hurra f\u00f6r er! Lilla pappsen s\u00e4ger alltid att han fyller 25. I \u00e5r gjorde han det f\u00f6r tredje g\u00e5ngen. Och ig\u00e5r fick han vara med i tidningen.","rel":"","context":"I \u201dVardagsliv\u201d","block_context":{"text":"Vardagsliv","link":"https:\/\/blogg.fumei.se\/?cat=47"},"img":{"alt_text":"wpid-collage.jpg","src":"https:\/\/i0.wp.com\/blogg.fumei.se\/wp-content\/uploads\/2014\/04\/wpid-collage-585x650.jpg?resize=350%2C200","width":350,"height":200,"srcset":"https:\/\/i0.wp.com\/blogg.fumei.se\/wp-content\/uploads\/2014\/04\/wpid-collage-585x650.jpg?resize=350%2C200 1x, https:\/\/i0.wp.com\/blogg.fumei.se\/wp-content\/uploads\/2014\/04\/wpid-collage-585x650.jpg?resize=525%2C300 1.5x"},"classes":[]},{"id":3877,"url":"https:\/\/blogg.fumei.se\/?p=3877","url_meta":{"origin":4641,"position":2},"title":"\u00c5ren g\u00e5r","author":"M :)","date":"2016-04-25","format":false,"excerpt":"och barnen fyller \u00e5r. Fast numera \u00e4r de inte l\u00e4ngre barn, men de \u00e4r f\u00f6r alltid mina barn! Idag fyller Robin 20, och jag fattar fortfarande inte hur det gick till, f\u00f6r jag \u00e4r v\u00e4l inte en dag \u00f6ver 30?! GRATTIS p\u00e5 f\u00f6delsedagen \u00f6nskar mamma Fia, Linus & Juliah mormor\u2026","rel":"","context":"I \u201dFamiljen\u201d","block_context":{"text":"Familjen","link":"https:\/\/blogg.fumei.se\/?cat=34"},"img":{"alt_text":"Robin20-emeff2016","src":"https:\/\/i0.wp.com\/blogg.fumei.se\/wp-content\/uploads\/2016\/04\/Robin20-emeff2016-650x535.jpg?resize=350%2C200","width":350,"height":200,"srcset":"https:\/\/i0.wp.com\/blogg.fumei.se\/wp-content\/uploads\/2016\/04\/Robin20-emeff2016-650x535.jpg?resize=350%2C200 1x, https:\/\/i0.wp.com\/blogg.fumei.se\/wp-content\/uploads\/2016\/04\/Robin20-emeff2016-650x535.jpg?resize=525%2C300 1.5x"},"classes":[]},{"id":4515,"url":"https:\/\/blogg.fumei.se\/?p=4515","url_meta":{"origin":4641,"position":3},"title":"Mormors tjej fyller \u00e5r","author":"M :)","date":"2018-03-15","format":false,"excerpt":"Idag fyller Juliah 4 \u00e5r! Vart tar tiden v\u00e4gen? Det k\u00e4nns som om det var nyss du l\u00e5g i din mammas mage, fast nu \u00e4r det en lillebror eller lillasyster som ligger d\u00e4r. GRATTIS! \u00f6nskar mormor nonna mamma & pappa Robin Berto & Bella Silvio, Lovisa & Victor \u00a0Ilse &\u2026","rel":"","context":"I \u201dFamiljen\u201d","block_context":{"text":"Familjen","link":"https:\/\/blogg.fumei.se\/?cat=34"},"img":{"alt_text":"","src":"https:\/\/i0.wp.com\/blogg.fumei.se\/wp-content\/uploads\/2018\/03\/Juliah4-emeff2018.png?resize=350%2C200","width":350,"height":200,"srcset":"https:\/\/i0.wp.com\/blogg.fumei.se\/wp-content\/uploads\/2018\/03\/Juliah4-emeff2018.png?resize=350%2C200 1x, https:\/\/i0.wp.com\/blogg.fumei.se\/wp-content\/uploads\/2018\/03\/Juliah4-emeff2018.png?resize=525%2C300 1.5x"},"classes":[]},{"id":116,"url":"https:\/\/blogg.fumei.se\/?p=116","url_meta":{"origin":4641,"position":4},"title":"F\u00f6delsedag i kvadrat","author":"M :)","date":"2011-01-17","format":false,"excerpt":"Idag fyller jag \u00e5r. Hipp hurra. Men - \u00e4ven bus-Victor fyller \u00e5r idag! Hela 2 \u00e5r har han hunnit bli! Grattis och dubbel-hurra!! \u00a0 Men det \u00e4r inte slut d\u00e4r...f\u00f6r det var ju en liten Lovisafr\u00f6ken som inte fick en ordentlig scrap p\u00e5 sin f\u00f6delsedag, s\u00e5 den kommer h\u00e4r: (nej,\u2026","rel":"","context":"I \u201dVardagsliv\u201d","block_context":{"text":"Vardagsliv","link":"https:\/\/blogg.fumei.se\/?cat=47"},"img":{"alt_text":"","src":"","width":0,"height":0},"classes":[]},{"id":4594,"url":"https:\/\/blogg.fumei.se\/?p=4594","url_meta":{"origin":4641,"position":5},"title":"En alldeles s\u00e4rskild dag","author":"M :)","date":"2018-11-30","format":false,"excerpt":"F\u00f6r det \u00e4r Mickes f\u00f6delsedag, och inte vilken f\u00f6delsedag som helst, han fyller ju 50!\u00a0\u2665 Vi befinner oss f\u00f6r tillf\u00e4llet i Barcelona och firar tillsammans med Melina och Max, men ett litet inl\u00e4gg p\u00e5 bloggen m\u00e5ste det ju bli n\u00e4r man fyller \u00e5r! S\u00e5 h\u00e4r kommer grattis och fina (eh...tja...)\u2026","rel":"","context":"I \u201dFamiljen\u201d","block_context":{"text":"Familjen","link":"https:\/\/blogg.fumei.se\/?cat=34"},"img":{"alt_text":"","src":"https:\/\/i0.wp.com\/blogg.fumei.se\/wp-content\/uploads\/2018\/11\/Micke50-EmEff2018.png?resize=350%2C200","width":350,"height":200,"srcset":"https:\/\/i0.wp.com\/blogg.fumei.se\/wp-content\/uploads\/2018\/11\/Micke50-EmEff2018.png?resize=350%2C200 1x, https:\/\/i0.wp.com\/blogg.fumei.se\/wp-content\/uploads\/2018\/11\/Micke50-EmEff2018.png?resize=525%2C300 1.5x"},"classes":[]}],"_links":{"self":[{"href":"https:\/\/blogg.fumei.se\/index.php?rest_route=\/wp\/v2\/posts\/4641","targetHints":{"allow":["GET"]}}],"collection":[{"href":"https:\/\/blogg.fumei.se\/index.php?rest_route=\/wp\/v2\/posts"}],"about":[{"href":"https:\/\/blogg.fumei.se\/index.php?rest_route=\/wp\/v2\/types\/post"}],"author":[{"embeddable":true,"href":"https:\/\/blogg.fumei.se\/index.php?rest_route=\/wp\/v2\/users\/1"}],"replies":[{"embeddable":true,"href":"https:\/\/blogg.fumei.se\/index.php?rest_route=%2Fwp%2Fv2%2Fcomments&post=4641"}],"version-history":[{"count":3,"href":"https:\/\/blogg.fumei.se\/index.php?rest_route=\/wp\/v2\/posts\/4641\/revisions"}],"predecessor-version":[{"id":4645,"href":"https:\/\/blogg.fumei.se\/index.php?rest_route=\/wp\/v2\/posts\/4641\/revisions\/4645"}],"wp:attachment":[{"href":"https:\/\/blogg.fumei.se\/index.php?rest_route=%2Fwp%2Fv2%2Fmedia&parent=4641"}],"wp:term":[{"taxonomy":"category","embeddable":true,"href":"https:\/\/blogg.fumei.se\/index.php?rest_route=%2Fwp%2Fv2%2Fcategories&post=4641"},{"taxonomy":"post_tag","embeddable":true,"href":"https:\/\/blogg.fumei.se\/index.php?rest_route=%2Fwp%2Fv2%2Ftags&post=4641"}],"curies":[{"name":"wp","href":"https:\/\/api.w.org\/{rel}","templated":true}]}}