{"id":4646,"date":"2019-04-15T00:03:17","date_gmt":"2019-04-14T22:03:17","guid":{"rendered":"http:\/\/blogg.fumei.se\/?p=4646"},"modified":"2019-04-15T22:58:17","modified_gmt":"2019-04-15T20:58:17","slug":"varldens-basta-mamma","status":"publish","type":"post","link":"https:\/\/blogg.fumei.se\/?p=4646","title":{"rendered":"V\u00e4rldens b\u00e4sta mamma!"},"content":{"rendered":"\n<p>Idag \u00e4r det din dag, hela dagen! Stor grattiskram p\u00e5 din f\u00f6delsedag!<\/p>\n\n\n\n<figure class=\"wp-block-image\"><img data-recalc-dims=\"1\" loading=\"lazy\" decoding=\"async\" width=\"600\" height=\"600\" data-attachment-id=\"4647\" data-permalink=\"https:\/\/blogg.fumei.se\/?attachment_id=4647\" data-orig-file=\"https:\/\/i0.wp.com\/blogg.fumei.se\/wp-content\/uploads\/2019\/04\/mamma82blogg-emeff2019.png?fit=600%2C600&amp;ssl=1\" data-orig-size=\"600,600\" data-comments-opened=\"1\" data-image-meta=\"{&quot;aperture&quot;:&quot;0&quot;,&quot;credit&quot;:&quot;&quot;,&quot;camera&quot;:&quot;&quot;,&quot;caption&quot;:&quot;&quot;,&quot;created_timestamp&quot;:&quot;0&quot;,&quot;copyright&quot;:&quot;&quot;,&quot;focal_length&quot;:&quot;0&quot;,&quot;iso&quot;:&quot;0&quot;,&quot;shutter_speed&quot;:&quot;0&quot;,&quot;title&quot;:&quot;&quot;,&quot;orientation&quot;:&quot;0&quot;}\" data-image-title=\"mamma82blogg-emeff2019\" data-image-description=\"\" data-image-caption=\"\" data-large-file=\"https:\/\/i0.wp.com\/blogg.fumei.se\/wp-content\/uploads\/2019\/04\/mamma82blogg-emeff2019.png?fit=600%2C600&amp;ssl=1\" src=\"https:\/\/i0.wp.com\/blogg.fumei.se\/wp-content\/uploads\/2019\/04\/mamma82blogg-emeff2019.png?resize=600%2C600&#038;ssl=1\" alt=\"\" class=\"wp-image-4647\" srcset=\"https:\/\/i0.wp.com\/blogg.fumei.se\/wp-content\/uploads\/2019\/04\/mamma82blogg-emeff2019.png?w=600&amp;ssl=1 600w, https:\/\/i0.wp.com\/blogg.fumei.se\/wp-content\/uploads\/2019\/04\/mamma82blogg-emeff2019.png?resize=180%2C180&amp;ssl=1 180w, https:\/\/i0.wp.com\/blogg.fumei.se\/wp-content\/uploads\/2019\/04\/mamma82blogg-emeff2019.png?resize=300%2C300&amp;ssl=1 300w\" sizes=\"auto, (max-width: 600px) 100vw, 600px\" \/><\/figure>\n\n\n\n<p style=\"color:#d072a2;text-align:center\" class=\"has-text-color has-huge-font-size\">GRATTIS!<\/p>\n\n\n\n<p style=\"text-align:center\">fr\u00e5n oss alla!<\/p>\n","protected":false},"excerpt":{"rendered":"<p>Idag \u00e4r det din dag, hela dagen! Stor grattiskram p\u00e5 din f\u00f6delsedag! GRATTIS! fr\u00e5n oss alla!<\/p>\n","protected":false},"author":1,"featured_media":0,"comment_status":"open","ping_status":"open","sticky":false,"template":"","format":"standard","meta":{"jetpack_post_was_ever_published":false,"_jetpack_newsletter_access":"","_jetpack_dont_email_post_to_subs":false,"_jetpack_newsletter_tier_id":0,"_jetpack_memberships_contains_paywalled_content":false,"_jetpack_memberships_contains_paid_content":false,"footnotes":"","jetpack_publicize_message":"","jetpack_publicize_feature_enabled":true,"jetpack_social_post_already_shared":true,"jetpack_social_options":{"image_generator_settings":{"template":"highway","default_image_id":0,"font":"","enabled":false},"version":2}},"categories":[34],"tags":[106,298],"class_list":["post-4646","post","type-post","status-publish","format-standard","hentry","category-familjen","tag-fodelsedag","tag-grattis"],"jetpack_publicize_connections":[],"jetpack_featured_media_url":"","jetpack_shortlink":"https:\/\/wp.me\/p3qko4-1cW","jetpack_sharing_enabled":true,"jetpack_likes_enabled":true,"jetpack-related-posts":[{"id":4594,"url":"https:\/\/blogg.fumei.se\/?p=4594","url_meta":{"origin":4646,"position":0},"title":"En alldeles s\u00e4rskild dag","author":"M :)","date":"2018-11-30","format":false,"excerpt":"F\u00f6r det \u00e4r Mickes f\u00f6delsedag, och inte vilken f\u00f6delsedag som helst, han fyller ju 50!\u00a0\u2665 Vi befinner oss f\u00f6r tillf\u00e4llet i Barcelona och firar tillsammans med Melina och Max, men ett litet inl\u00e4gg p\u00e5 bloggen m\u00e5ste det ju bli n\u00e4r man fyller \u00e5r! S\u00e5 h\u00e4r kommer grattis och fina (eh...tja...)\u2026","rel":"","context":"I \u201dFamiljen\u201d","block_context":{"text":"Familjen","link":"https:\/\/blogg.fumei.se\/?cat=34"},"img":{"alt_text":"","src":"https:\/\/i0.wp.com\/blogg.fumei.se\/wp-content\/uploads\/2018\/11\/Micke50-EmEff2018.png?resize=350%2C200","width":350,"height":200,"srcset":"https:\/\/i0.wp.com\/blogg.fumei.se\/wp-content\/uploads\/2018\/11\/Micke50-EmEff2018.png?resize=350%2C200 1x, https:\/\/i0.wp.com\/blogg.fumei.se\/wp-content\/uploads\/2018\/11\/Micke50-EmEff2018.png?resize=525%2C300 1.5x"},"classes":[]},{"id":4066,"url":"https:\/\/blogg.fumei.se\/?p=4066","url_meta":{"origin":4646,"position":1},"title":"Grattis i efterskott!","author":"M :)","date":"2017-01-18","format":false,"excerpt":"Ig\u00e5r var det f\u00f6delsedagsdags igen i sl\u00e4kten. Dels min egen, men ocks\u00e5 lillprins Victors \u00e5ttonde f\u00f6delsedag! F\u00f6rl\u00e5t s\u00e5 j\u00e4ttemycket att det inte kom p\u00e5 bloggen p\u00e5 den r\u00e4tta dagen, men faster jobbade b\u00e5de ig\u00e5r och idag, och ig\u00e5r ville jag ju inte sitta vid datorn n\u00e4r jag hade g\u00e4ster hemma,\u2026","rel":"","context":"I \u201dFamiljen\u201d","block_context":{"text":"Familjen","link":"https:\/\/blogg.fumei.se\/?cat=34"},"img":{"alt_text":"","src":"https:\/\/i0.wp.com\/blogg.fumei.se\/wp-content\/uploads\/2017\/01\/Victor8%C3%A5r-emeff2017.png?resize=350%2C200","width":350,"height":200,"srcset":"https:\/\/i0.wp.com\/blogg.fumei.se\/wp-content\/uploads\/2017\/01\/Victor8%C3%A5r-emeff2017.png?resize=350%2C200 1x, https:\/\/i0.wp.com\/blogg.fumei.se\/wp-content\/uploads\/2017\/01\/Victor8%C3%A5r-emeff2017.png?resize=525%2C300 1.5x"},"classes":[]},{"id":4658,"url":"https:\/\/blogg.fumei.se\/?p=4658","url_meta":{"origin":4646,"position":2},"title":"Grattis Frida!","author":"M :)","date":"2019-08-23","format":false,"excerpt":"Grattis p\u00e5 f\u00f6delsedagen! \u00f6nskarmostermormor LisFia, Linus, Juliah & AmandusRoberto & IsabellaSilvio, Lovisa & Victor","rel":"","context":"I \u201dVardagsliv\u201d","block_context":{"text":"Vardagsliv","link":"https:\/\/blogg.fumei.se\/?cat=47"},"img":{"alt_text":"","src":"https:\/\/i0.wp.com\/blogg.fumei.se\/wp-content\/uploads\/2019\/08\/Frida17-emeff2019-1.png?resize=350%2C200&ssl=1","width":350,"height":200,"srcset":"https:\/\/i0.wp.com\/blogg.fumei.se\/wp-content\/uploads\/2019\/08\/Frida17-emeff2019-1.png?resize=350%2C200&ssl=1 1x, https:\/\/i0.wp.com\/blogg.fumei.se\/wp-content\/uploads\/2019\/08\/Frida17-emeff2019-1.png?resize=525%2C300&ssl=1 1.5x"},"classes":[]},{"id":4503,"url":"https:\/\/blogg.fumei.se\/?p=4503","url_meta":{"origin":4646,"position":3},"title":"Grattis syrran!","author":"M :)","date":"2018-01-24","format":false,"excerpt":"Grattis p\u00e5 f\u00f6delsedagen \u00f6nskar Tella mamma Lis Fia, Linus & Juliah Robin Roberto & Isabella Silvio, Lovisa & Victor \u00a0","rel":"","context":"I \u201dFamiljen\u201d","block_context":{"text":"Familjen","link":"https:\/\/blogg.fumei.se\/?cat=34"},"img":{"alt_text":"","src":"https:\/\/i0.wp.com\/blogg.fumei.se\/wp-content\/uploads\/2018\/01\/Ilse54-emeff2018.png?resize=350%2C200","width":350,"height":200,"srcset":"https:\/\/i0.wp.com\/blogg.fumei.se\/wp-content\/uploads\/2018\/01\/Ilse54-emeff2018.png?resize=350%2C200 1x, https:\/\/i0.wp.com\/blogg.fumei.se\/wp-content\/uploads\/2018\/01\/Ilse54-emeff2018.png?resize=525%2C300 1.5x"},"classes":[]},{"id":4638,"url":"https:\/\/blogg.fumei.se\/?p=4638","url_meta":{"origin":4646,"position":4},"title":"Bellas dag idag","author":"M :)","date":"2019-03-13","format":false,"excerpt":"Idag \u00e4r det \u00e4ldsta brorsdotterns tur att fira f\u00f6delsedag. GRATTIS! \u00f6nskarvi allesammans!","rel":"","context":"I \u201dFamiljen\u201d","block_context":{"text":"Familjen","link":"https:\/\/blogg.fumei.se\/?cat=34"},"img":{"alt_text":"","src":"https:\/\/i0.wp.com\/blogg.fumei.se\/wp-content\/uploads\/2019\/03\/Bella19-emeff2019.png?resize=350%2C200&ssl=1","width":350,"height":200,"srcset":"https:\/\/i0.wp.com\/blogg.fumei.se\/wp-content\/uploads\/2019\/03\/Bella19-emeff2019.png?resize=350%2C200&ssl=1 1x, https:\/\/i0.wp.com\/blogg.fumei.se\/wp-content\/uploads\/2019\/03\/Bella19-emeff2019.png?resize=525%2C300&ssl=1 1.5x"},"classes":[]},{"id":6863,"url":"https:\/\/blogg.fumei.se\/?p=6863","url_meta":{"origin":4646,"position":5},"title":"Himmelsk f\u00f6delsedag","author":"M :)","date":"2024-04-15","format":false,"excerpt":"Grattis mamma och pappa p\u00e5 er dag! \u2764\ufe0fJag \u00f6nskar att ni var h\u00e4r, men i st\u00e4llet fick jag fira er genom ljus och blommor i minnelsunden. Jag saknar er varje dag! ????","rel":"","context":"I \u201dFamiljen\u201d","block_context":{"text":"Familjen","link":"https:\/\/blogg.fumei.se\/?cat=34"},"img":{"alt_text":"","src":"https:\/\/i0.wp.com\/blogg.fumei.se\/wp-content\/uploads\/2024\/05\/8515605F-DE99-415C-835E-B046D690456A_1_105_c.jpeg?resize=350%2C200&ssl=1","width":350,"height":200,"srcset":"https:\/\/i0.wp.com\/blogg.fumei.se\/wp-content\/uploads\/2024\/05\/8515605F-DE99-415C-835E-B046D690456A_1_105_c.jpeg?resize=350%2C200&ssl=1 1x, https:\/\/i0.wp.com\/blogg.fumei.se\/wp-content\/uploads\/2024\/05\/8515605F-DE99-415C-835E-B046D690456A_1_105_c.jpeg?resize=525%2C300&ssl=1 1.5x, https:\/\/i0.wp.com\/blogg.fumei.se\/wp-content\/uploads\/2024\/05\/8515605F-DE99-415C-835E-B046D690456A_1_105_c.jpeg?resize=700%2C400&ssl=1 2x"},"classes":[]}],"_links":{"self":[{"href":"https:\/\/blogg.fumei.se\/index.php?rest_route=\/wp\/v2\/posts\/4646","targetHints":{"allow":["GET"]}}],"collection":[{"href":"https:\/\/blogg.fumei.se\/index.php?rest_route=\/wp\/v2\/posts"}],"about":[{"href":"https:\/\/blogg.fumei.se\/index.php?rest_route=\/wp\/v2\/types\/post"}],"author":[{"embeddable":true,"href":"https:\/\/blogg.fumei.se\/index.php?rest_route=\/wp\/v2\/users\/1"}],"replies":[{"embeddable":true,"href":"https:\/\/blogg.fumei.se\/index.php?rest_route=%2Fwp%2Fv2%2Fcomments&post=4646"}],"version-history":[{"count":1,"href":"https:\/\/blogg.fumei.se\/index.php?rest_route=\/wp\/v2\/posts\/4646\/revisions"}],"predecessor-version":[{"id":4648,"href":"https:\/\/blogg.fumei.se\/index.php?rest_route=\/wp\/v2\/posts\/4646\/revisions\/4648"}],"wp:attachment":[{"href":"https:\/\/blogg.fumei.se\/index.php?rest_route=%2Fwp%2Fv2%2Fmedia&parent=4646"}],"wp:term":[{"taxonomy":"category","embeddable":true,"href":"https:\/\/blogg.fumei.se\/index.php?rest_route=%2Fwp%2Fv2%2Fcategories&post=4646"},{"taxonomy":"post_tag","embeddable":true,"href":"https:\/\/blogg.fumei.se\/index.php?rest_route=%2Fwp%2Fv2%2Ftags&post=4646"}],"curies":[{"name":"wp","href":"https:\/\/api.w.org\/{rel}","templated":true}]}}