{"id":4658,"date":"2019-08-23T00:52:18","date_gmt":"2019-08-22T22:52:18","guid":{"rendered":"http:\/\/blogg.fumei.se\/?p=4658"},"modified":"2019-08-22T21:04:47","modified_gmt":"2019-08-22T19:04:47","slug":"grattis-frida","status":"publish","type":"post","link":"https:\/\/blogg.fumei.se\/?p=4658","title":{"rendered":"Grattis Frida!"},"content":{"rendered":"\n<figure class=\"wp-block-image\"><img data-recalc-dims=\"1\" loading=\"lazy\" decoding=\"async\" width=\"567\" height=\"607\" data-attachment-id=\"4660\" data-permalink=\"https:\/\/blogg.fumei.se\/?attachment_id=4660\" data-orig-file=\"https:\/\/i0.wp.com\/blogg.fumei.se\/wp-content\/uploads\/2019\/08\/Frida17-emeff2019-1.png?fit=567%2C607&amp;ssl=1\" data-orig-size=\"567,607\" data-comments-opened=\"1\" data-image-meta=\"{&quot;aperture&quot;:&quot;0&quot;,&quot;credit&quot;:&quot;&quot;,&quot;camera&quot;:&quot;&quot;,&quot;caption&quot;:&quot;&quot;,&quot;created_timestamp&quot;:&quot;0&quot;,&quot;copyright&quot;:&quot;&quot;,&quot;focal_length&quot;:&quot;0&quot;,&quot;iso&quot;:&quot;0&quot;,&quot;shutter_speed&quot;:&quot;0&quot;,&quot;title&quot;:&quot;&quot;,&quot;orientation&quot;:&quot;0&quot;}\" data-image-title=\"Frida17-emeff2019\" data-image-description=\"\" data-image-caption=\"\" data-large-file=\"https:\/\/i0.wp.com\/blogg.fumei.se\/wp-content\/uploads\/2019\/08\/Frida17-emeff2019-1.png?fit=567%2C607&amp;ssl=1\" src=\"https:\/\/i0.wp.com\/blogg.fumei.se\/wp-content\/uploads\/2019\/08\/Frida17-emeff2019-1.png?resize=567%2C607&#038;ssl=1\" alt=\"\" class=\"wp-image-4660\" srcset=\"https:\/\/i0.wp.com\/blogg.fumei.se\/wp-content\/uploads\/2019\/08\/Frida17-emeff2019-1.png?w=567&amp;ssl=1 567w, https:\/\/i0.wp.com\/blogg.fumei.se\/wp-content\/uploads\/2019\/08\/Frida17-emeff2019-1.png?resize=280%2C300&amp;ssl=1 280w\" sizes=\"auto, (max-width: 567px) 100vw, 567px\" \/><\/figure>\n\n\n\n<p style=\"text-align:center\" class=\"has-text-color has-huge-font-size has-medium-gray-color\">Grattis p\u00e5 f\u00f6delsedagen!<\/p>\n\n\n\n<p style=\"text-align:center\" class=\"has-text-color has-medium-font-size has-medium-gray-color\">\u00f6nskar<br \/>moster<br \/>mormor Lis<br \/>Fia, Linus, Juliah &amp; Amandus<br \/>Roberto &amp; Isabella<br \/>Silvio, Lovisa &amp; Victor<br \/><br \/><\/p>\n","protected":false},"excerpt":{"rendered":"<p>Grattis p\u00e5 f\u00f6delsedagen! \u00f6nskarmostermormor LisFia, Linus, Juliah &amp; AmandusRoberto &amp; IsabellaSilvio, Lovisa &amp; Victor<\/p>\n","protected":false},"author":1,"featured_media":0,"comment_status":"open","ping_status":"open","sticky":false,"template":"","format":"standard","meta":{"jetpack_post_was_ever_published":false,"_jetpack_newsletter_access":"","_jetpack_dont_email_post_to_subs":false,"_jetpack_newsletter_tier_id":0,"_jetpack_memberships_contains_paywalled_content":false,"_jetpack_memberships_contains_paid_content":false,"footnotes":"","jetpack_publicize_message":"","jetpack_publicize_feature_enabled":true,"jetpack_social_post_already_shared":true,"jetpack_social_options":{"image_generator_settings":{"template":"highway","default_image_id":0,"font":"","enabled":false},"version":2}},"categories":[47],"tags":[220,106,298],"class_list":["post-4658","post","type-post","status-publish","format-standard","hentry","category-vardagsliv","tag-fira","tag-fodelsedag","tag-grattis"],"jetpack_publicize_connections":[],"jetpack_featured_media_url":"","jetpack_shortlink":"https:\/\/wp.me\/p3qko4-1d8","jetpack_sharing_enabled":true,"jetpack_likes_enabled":true,"jetpack-related-posts":[{"id":4503,"url":"https:\/\/blogg.fumei.se\/?p=4503","url_meta":{"origin":4658,"position":0},"title":"Grattis syrran!","author":"M :)","date":"2018-01-24","format":false,"excerpt":"Grattis p\u00e5 f\u00f6delsedagen \u00f6nskar Tella mamma Lis Fia, Linus & Juliah Robin Roberto & Isabella Silvio, Lovisa & Victor \u00a0","rel":"","context":"I \u201dFamiljen\u201d","block_context":{"text":"Familjen","link":"https:\/\/blogg.fumei.se\/?cat=34"},"img":{"alt_text":"","src":"https:\/\/i0.wp.com\/blogg.fumei.se\/wp-content\/uploads\/2018\/01\/Ilse54-emeff2018.png?resize=350%2C200","width":350,"height":200,"srcset":"https:\/\/i0.wp.com\/blogg.fumei.se\/wp-content\/uploads\/2018\/01\/Ilse54-emeff2018.png?resize=350%2C200 1x, https:\/\/i0.wp.com\/blogg.fumei.se\/wp-content\/uploads\/2018\/01\/Ilse54-emeff2018.png?resize=525%2C300 1.5x"},"classes":[]},{"id":7147,"url":"https:\/\/blogg.fumei.se\/?p=7147","url_meta":{"origin":4658,"position":1},"title":"Grattis min \u00e4lskade","author":"M :)","date":"2024-11-30","format":false,"excerpt":"Idag p\u00e5 din f\u00f6delsedag!","rel":"","context":"I \u201dFamiljen\u201d","block_context":{"text":"Familjen","link":"https:\/\/blogg.fumei.se\/?cat=34"},"img":{"alt_text":"","src":"","width":0,"height":0},"classes":[]},{"id":4594,"url":"https:\/\/blogg.fumei.se\/?p=4594","url_meta":{"origin":4658,"position":2},"title":"En alldeles s\u00e4rskild dag","author":"M :)","date":"2018-11-30","format":false,"excerpt":"F\u00f6r det \u00e4r Mickes f\u00f6delsedag, och inte vilken f\u00f6delsedag som helst, han fyller ju 50!\u00a0\u2665 Vi befinner oss f\u00f6r tillf\u00e4llet i Barcelona och firar tillsammans med Melina och Max, men ett litet inl\u00e4gg p\u00e5 bloggen m\u00e5ste det ju bli n\u00e4r man fyller \u00e5r! S\u00e5 h\u00e4r kommer grattis och fina (eh...tja...)\u2026","rel":"","context":"I \u201dFamiljen\u201d","block_context":{"text":"Familjen","link":"https:\/\/blogg.fumei.se\/?cat=34"},"img":{"alt_text":"","src":"https:\/\/i0.wp.com\/blogg.fumei.se\/wp-content\/uploads\/2018\/11\/Micke50-EmEff2018.png?resize=350%2C200","width":350,"height":200,"srcset":"https:\/\/i0.wp.com\/blogg.fumei.se\/wp-content\/uploads\/2018\/11\/Micke50-EmEff2018.png?resize=350%2C200 1x, https:\/\/i0.wp.com\/blogg.fumei.se\/wp-content\/uploads\/2018\/11\/Micke50-EmEff2018.png?resize=525%2C300 1.5x"},"classes":[]},{"id":4646,"url":"https:\/\/blogg.fumei.se\/?p=4646","url_meta":{"origin":4658,"position":3},"title":"V\u00e4rldens b\u00e4sta mamma!","author":"M :)","date":"2019-04-15","format":false,"excerpt":"Idag \u00e4r det din dag, hela dagen! Stor grattiskram p\u00e5 din f\u00f6delsedag! GRATTIS! fr\u00e5n oss alla!","rel":"","context":"I \u201dFamiljen\u201d","block_context":{"text":"Familjen","link":"https:\/\/blogg.fumei.se\/?cat=34"},"img":{"alt_text":"","src":"https:\/\/i0.wp.com\/blogg.fumei.se\/wp-content\/uploads\/2019\/04\/mamma82blogg-emeff2019.png?resize=350%2C200&ssl=1","width":350,"height":200,"srcset":"https:\/\/i0.wp.com\/blogg.fumei.se\/wp-content\/uploads\/2019\/04\/mamma82blogg-emeff2019.png?resize=350%2C200&ssl=1 1x, https:\/\/i0.wp.com\/blogg.fumei.se\/wp-content\/uploads\/2019\/04\/mamma82blogg-emeff2019.png?resize=525%2C300&ssl=1 1.5x"},"classes":[]},{"id":5876,"url":"https:\/\/blogg.fumei.se\/?p=5876","url_meta":{"origin":4658,"position":4},"title":"Juliah 9 \u00e5r","author":"M :)","date":"2023-03-15","format":false,"excerpt":"Hurra f\u00f6r Juliah idag p\u00e5 din f\u00f6delsedag! Grattis fr\u00e5n morrmor och Mikael \u2764\ufe0f","rel":"","context":"I \u201dFamiljen\u201d","block_context":{"text":"Familjen","link":"https:\/\/blogg.fumei.se\/?cat=34"},"img":{"alt_text":"","src":"https:\/\/i0.wp.com\/blogg.fumei.se\/wp-content\/uploads\/2024\/02\/05C2CD52-924B-4CEB-9A76-9B3F4669FCCC_1_105_c.jpeg?resize=350%2C200&ssl=1","width":350,"height":200,"srcset":"https:\/\/i0.wp.com\/blogg.fumei.se\/wp-content\/uploads\/2024\/02\/05C2CD52-924B-4CEB-9A76-9B3F4669FCCC_1_105_c.jpeg?resize=350%2C200&ssl=1 1x, https:\/\/i0.wp.com\/blogg.fumei.se\/wp-content\/uploads\/2024\/02\/05C2CD52-924B-4CEB-9A76-9B3F4669FCCC_1_105_c.jpeg?resize=525%2C300&ssl=1 1.5x, https:\/\/i0.wp.com\/blogg.fumei.se\/wp-content\/uploads\/2024\/02\/05C2CD52-924B-4CEB-9A76-9B3F4669FCCC_1_105_c.jpeg?resize=700%2C400&ssl=1 2x"},"classes":[]},{"id":5756,"url":"https:\/\/blogg.fumei.se\/?p=5756","url_meta":{"origin":4658,"position":5},"title":"60 \u00e5r!","author":"M :)","date":"2024-01-24","format":false,"excerpt":"Hurra hurra f\u00f6r k\u00e4ra syster idag!Stort grattis och massa kramar p\u00e5 din f\u00f6delsedag \u00f6nskar vi! \u2764\ufe0f","rel":"","context":"I \u201dFamiljen\u201d","block_context":{"text":"Familjen","link":"https:\/\/blogg.fumei.se\/?cat=34"},"img":{"alt_text":"","src":"https:\/\/i0.wp.com\/blogg.fumei.se\/wp-content\/uploads\/2024\/02\/82C3E54B-8D11-48AC-BE58-FA0241856440_1_105_c.jpeg?resize=350%2C200&ssl=1","width":350,"height":200,"srcset":"https:\/\/i0.wp.com\/blogg.fumei.se\/wp-content\/uploads\/2024\/02\/82C3E54B-8D11-48AC-BE58-FA0241856440_1_105_c.jpeg?resize=350%2C200&ssl=1 1x, https:\/\/i0.wp.com\/blogg.fumei.se\/wp-content\/uploads\/2024\/02\/82C3E54B-8D11-48AC-BE58-FA0241856440_1_105_c.jpeg?resize=525%2C300&ssl=1 1.5x, https:\/\/i0.wp.com\/blogg.fumei.se\/wp-content\/uploads\/2024\/02\/82C3E54B-8D11-48AC-BE58-FA0241856440_1_105_c.jpeg?resize=700%2C400&ssl=1 2x"},"classes":[]}],"_links":{"self":[{"href":"https:\/\/blogg.fumei.se\/index.php?rest_route=\/wp\/v2\/posts\/4658","targetHints":{"allow":["GET"]}}],"collection":[{"href":"https:\/\/blogg.fumei.se\/index.php?rest_route=\/wp\/v2\/posts"}],"about":[{"href":"https:\/\/blogg.fumei.se\/index.php?rest_route=\/wp\/v2\/types\/post"}],"author":[{"embeddable":true,"href":"https:\/\/blogg.fumei.se\/index.php?rest_route=\/wp\/v2\/users\/1"}],"replies":[{"embeddable":true,"href":"https:\/\/blogg.fumei.se\/index.php?rest_route=%2Fwp%2Fv2%2Fcomments&post=4658"}],"version-history":[{"count":2,"href":"https:\/\/blogg.fumei.se\/index.php?rest_route=\/wp\/v2\/posts\/4658\/revisions"}],"predecessor-version":[{"id":4663,"href":"https:\/\/blogg.fumei.se\/index.php?rest_route=\/wp\/v2\/posts\/4658\/revisions\/4663"}],"wp:attachment":[{"href":"https:\/\/blogg.fumei.se\/index.php?rest_route=%2Fwp%2Fv2%2Fmedia&parent=4658"}],"wp:term":[{"taxonomy":"category","embeddable":true,"href":"https:\/\/blogg.fumei.se\/index.php?rest_route=%2Fwp%2Fv2%2Fcategories&post=4658"},{"taxonomy":"post_tag","embeddable":true,"href":"https:\/\/blogg.fumei.se\/index.php?rest_route=%2Fwp%2Fv2%2Ftags&post=4658"}],"curies":[{"name":"wp","href":"https:\/\/api.w.org\/{rel}","templated":true}]}}