{"id":4787,"date":"2020-03-15T00:20:49","date_gmt":"2020-03-14T23:20:49","guid":{"rendered":"http:\/\/blogg.fumei.se\/?p=4787"},"modified":"2020-03-15T15:28:06","modified_gmt":"2020-03-15T14:28:06","slug":"hipp-hurra-for-juliah-idag-2","status":"publish","type":"post","link":"https:\/\/blogg.fumei.se\/?p=4787","title":{"rendered":"Hipp hurra f\u00f6r Juliah idag!"},"content":{"rendered":"\n<figure class=\"wp-block-image size-large\"><img loading=\"lazy\" decoding=\"async\" width=\"800\" height=\"800\" data-attachment-id=\"4788\" data-permalink=\"https:\/\/blogg.fumei.se\/?attachment_id=4788\" data-orig-file=\"https:\/\/i0.wp.com\/blogg.fumei.se\/wp-content\/uploads\/2020\/03\/Juliah6blogg-emeff2020.png?fit=800%2C800&amp;ssl=1\" data-orig-size=\"800,800\" data-comments-opened=\"1\" data-image-meta=\"{&quot;aperture&quot;:&quot;0&quot;,&quot;credit&quot;:&quot;&quot;,&quot;camera&quot;:&quot;&quot;,&quot;caption&quot;:&quot;&quot;,&quot;created_timestamp&quot;:&quot;0&quot;,&quot;copyright&quot;:&quot;&quot;,&quot;focal_length&quot;:&quot;0&quot;,&quot;iso&quot;:&quot;0&quot;,&quot;shutter_speed&quot;:&quot;0&quot;,&quot;title&quot;:&quot;&quot;,&quot;orientation&quot;:&quot;0&quot;}\" data-image-title=\"Juliah6blogg-emeff2020\" data-image-description=\"\" data-image-caption=\"\" data-large-file=\"https:\/\/i0.wp.com\/blogg.fumei.se\/wp-content\/uploads\/2020\/03\/Juliah6blogg-emeff2020.png?fit=640%2C640&amp;ssl=1\" src=\"https:\/\/i2.wp.com\/blogg.fumei.se\/wp-content\/uploads\/2020\/03\/Juliah6blogg-emeff2020.png?fit=640%2C640\" alt=\"\" class=\"wp-image-4788\" srcset=\"https:\/\/i0.wp.com\/blogg.fumei.se\/wp-content\/uploads\/2020\/03\/Juliah6blogg-emeff2020.png?w=800&amp;ssl=1 800w, https:\/\/i0.wp.com\/blogg.fumei.se\/wp-content\/uploads\/2020\/03\/Juliah6blogg-emeff2020.png?resize=300%2C300&amp;ssl=1 300w, https:\/\/i0.wp.com\/blogg.fumei.se\/wp-content\/uploads\/2020\/03\/Juliah6blogg-emeff2020.png?resize=650%2C650&amp;ssl=1 650w, https:\/\/i0.wp.com\/blogg.fumei.se\/wp-content\/uploads\/2020\/03\/Juliah6blogg-emeff2020.png?resize=180%2C180&amp;ssl=1 180w, https:\/\/i0.wp.com\/blogg.fumei.se\/wp-content\/uploads\/2020\/03\/Juliah6blogg-emeff2020.png?resize=768%2C768&amp;ssl=1 768w\" sizes=\"auto, (max-width: 640px) 100vw, 640px\" \/><\/figure>\n\n\n\n<p style=\"color:#bf2659\" class=\"has-text-color has-text-align-center has-huge-font-size\">GRATTIS<\/p>\n\n\n\n<p style=\"color:#bf2659\" class=\"has-text-color has-text-align-center has-large-font-size\">p\u00e5 6-\u00e5rsdagen!<\/p>\n\n\n\n<p style=\"color:#bf2659\" class=\"has-text-color has-text-align-center has-medium-font-size\">\u00f6nskar<br \/>mormor<br \/>Mikael, Melina &amp; Max<\/p>\n","protected":false},"excerpt":{"rendered":"<p>GRATTIS p\u00e5 6-\u00e5rsdagen! \u00f6nskarmormorMikael, Melina &amp; Max<\/p>\n","protected":false},"author":1,"featured_media":0,"comment_status":"open","ping_status":"open","sticky":false,"template":"","format":"standard","meta":{"jetpack_post_was_ever_published":false,"_jetpack_newsletter_access":"","_jetpack_dont_email_post_to_subs":false,"_jetpack_newsletter_tier_id":0,"_jetpack_memberships_contains_paywalled_content":false,"_jetpack_memberships_contains_paid_content":false,"footnotes":"","jetpack_publicize_message":"","jetpack_publicize_feature_enabled":true,"jetpack_social_post_already_shared":true,"jetpack_social_options":{"image_generator_settings":{"template":"highway","default_image_id":0,"font":"","enabled":false},"version":2}},"categories":[34],"tags":[220,106,298],"class_list":["post-4787","post","type-post","status-publish","format-standard","hentry","category-familjen","tag-fira","tag-fodelsedag","tag-grattis"],"jetpack_publicize_connections":[],"jetpack_featured_media_url":"","jetpack_shortlink":"https:\/\/wp.me\/p3qko4-1fd","jetpack_sharing_enabled":true,"jetpack_likes_enabled":true,"jetpack-related-posts":[{"id":3454,"url":"https:\/\/blogg.fumei.se\/?p=3454","url_meta":{"origin":4787,"position":0},"title":"Idag fyller vi \u00e5r!","author":"M :)","date":"2015-01-17","format":false,"excerpt":"Vi b\u00f6rjar med att hurra f\u00f6r den h\u00e4r killen: Hipp hurra f\u00f6r Victor idag p\u00e5 din 6-\u00e5rsdag! GRATTIS \u00f6nskar faster, farmor, farfar, Robin, Fia, Linus och Juliah. Och ja, det \u00e4r ju faktiskt min f\u00f6delsedag ocks\u00e5, s\u00e5 hurra och grattis till mig ocks\u00e5! N\u00e5gra andra som fyller \u00e5r idag \u00e4r\u2026","rel":"","context":"I \u201dVardagsliv\u201d","block_context":{"text":"Vardagsliv","link":"https:\/\/blogg.fumei.se\/?cat=47"},"img":{"alt_text":"Victor6-emeff2015","src":"https:\/\/i0.wp.com\/blogg.fumei.se\/wp-content\/uploads\/2015\/01\/Victor6-emeff2015.jpg?resize=350%2C200","width":350,"height":200,"srcset":"https:\/\/i0.wp.com\/blogg.fumei.se\/wp-content\/uploads\/2015\/01\/Victor6-emeff2015.jpg?resize=350%2C200 1x, https:\/\/i0.wp.com\/blogg.fumei.se\/wp-content\/uploads\/2015\/01\/Victor6-emeff2015.jpg?resize=525%2C300 1.5x"},"classes":[]},{"id":4398,"url":"https:\/\/blogg.fumei.se\/?p=4398","url_meta":{"origin":4787,"position":1},"title":"Ett helt decennium","author":"M :)","date":"2018-01-09","format":false,"excerpt":"S\u00e5 l\u00e4nge sen var det Lovisa f\u00f6ddes. Idag hurrar vi f\u00f6r henne p\u00e5 10-\u00e5rsdagen! GRATTIS! \u00f6nskar faster farmor Fia, Linus & Juliah Robin Roberto & Isabella \u00a0","rel":"","context":"I \u201dFamiljen\u201d","block_context":{"text":"Familjen","link":"https:\/\/blogg.fumei.se\/?cat=34"},"img":{"alt_text":"","src":"https:\/\/i0.wp.com\/blogg.fumei.se\/wp-content\/uploads\/2018\/01\/Lovisa10-emeff2018.png?resize=350%2C200","width":350,"height":200,"srcset":"https:\/\/i0.wp.com\/blogg.fumei.se\/wp-content\/uploads\/2018\/01\/Lovisa10-emeff2018.png?resize=350%2C200 1x, https:\/\/i0.wp.com\/blogg.fumei.se\/wp-content\/uploads\/2018\/01\/Lovisa10-emeff2018.png?resize=525%2C300 1.5x"},"classes":[]},{"id":7169,"url":"https:\/\/blogg.fumei.se\/?p=7169","url_meta":{"origin":4787,"position":2},"title":"Grattis Max!","author":"M :)","date":"2024-11-18","format":false,"excerpt":"P\u00e5 20-\u00e5rsdagen hurrar vi f\u00f6r dig!","rel":"","context":"I \u201dFamiljen\u201d","block_context":{"text":"Familjen","link":"https:\/\/blogg.fumei.se\/?cat=34"},"img":{"alt_text":"","src":"https:\/\/i0.wp.com\/blogg.fumei.se\/wp-content\/uploads\/2024\/12\/78FF0CAB-A8C4-45A7-A4CB-073E76B4A57C_1_105_c.jpeg?resize=350%2C200&ssl=1","width":350,"height":200,"srcset":"https:\/\/i0.wp.com\/blogg.fumei.se\/wp-content\/uploads\/2024\/12\/78FF0CAB-A8C4-45A7-A4CB-073E76B4A57C_1_105_c.jpeg?resize=350%2C200&ssl=1 1x, https:\/\/i0.wp.com\/blogg.fumei.se\/wp-content\/uploads\/2024\/12\/78FF0CAB-A8C4-45A7-A4CB-073E76B4A57C_1_105_c.jpeg?resize=525%2C300&ssl=1 1.5x, https:\/\/i0.wp.com\/blogg.fumei.se\/wp-content\/uploads\/2024\/12\/78FF0CAB-A8C4-45A7-A4CB-073E76B4A57C_1_105_c.jpeg?resize=700%2C400&ssl=1 2x"},"classes":[]},{"id":3804,"url":"https:\/\/blogg.fumei.se\/?p=3804","url_meta":{"origin":4787,"position":3},"title":"\u00c5rets f\u00f6rsta f\u00f6delsedag","author":"M :)","date":"2016-01-09","format":false,"excerpt":"\u00e4r Lovisas, s\u00e5 idag hurrar vi f\u00f6r henne p\u00e5 8-\u00e5rsdagen! GRATTIS \u00f6nskar faster, farmor, farfar, Robin, Fia, Linus och Juliah","rel":"","context":"I \u201dFamiljen\u201d","block_context":{"text":"Familjen","link":"https:\/\/blogg.fumei.se\/?cat=34"},"img":{"alt_text":"lovisa8-emeff2016","src":"https:\/\/i0.wp.com\/blogg.fumei.se\/wp-content\/uploads\/2016\/01\/lovisa8-emeff2016.jpg?resize=350%2C200","width":350,"height":200,"srcset":"https:\/\/i0.wp.com\/blogg.fumei.se\/wp-content\/uploads\/2016\/01\/lovisa8-emeff2016.jpg?resize=350%2C200 1x, https:\/\/i0.wp.com\/blogg.fumei.se\/wp-content\/uploads\/2016\/01\/lovisa8-emeff2016.jpg?resize=525%2C300 1.5x"},"classes":[]},{"id":4525,"url":"https:\/\/blogg.fumei.se\/?p=4525","url_meta":{"origin":4787,"position":4},"title":"Mammas p\u00f4jk!","author":"M :)","date":"2018-04-25","format":false,"excerpt":"Idag fyller Robin \u00e5r! Hipp hurra!! GRATTIS! \u00f6nskar mamma Fia, Linus & Juliah mormor Berto & Bella Silvio, Lovisa & Victor Ilse, Magnus, Frida & Tyra","rel":"","context":"I \u201dFamiljen\u201d","block_context":{"text":"Familjen","link":"https:\/\/blogg.fumei.se\/?cat=34"},"img":{"alt_text":"","src":"https:\/\/i0.wp.com\/blogg.fumei.se\/wp-content\/uploads\/2018\/04\/Robin21-emeff2018.png?resize=350%2C200","width":350,"height":200,"srcset":"https:\/\/i0.wp.com\/blogg.fumei.se\/wp-content\/uploads\/2018\/04\/Robin21-emeff2018.png?resize=350%2C200 1x, https:\/\/i0.wp.com\/blogg.fumei.se\/wp-content\/uploads\/2018\/04\/Robin21-emeff2018.png?resize=525%2C300 1.5x"},"classes":[]},{"id":3968,"url":"https:\/\/blogg.fumei.se\/?p=3968","url_meta":{"origin":4787,"position":5},"title":"Hipp hurra","author":"M :)","date":"2016-08-23","format":false,"excerpt":"f\u00f6r Frida idag! GRATTIS \u00f6nskar Tella nonno och Lis Fia, Linus och Juliah Roberto och Isabella Silvio, Lovisa och Victor \u00a0","rel":"","context":"I \u201dFamiljen\u201d","block_context":{"text":"Familjen","link":"https:\/\/blogg.fumei.se\/?cat=34"},"img":{"alt_text":"Frida14-emeff2016","src":"https:\/\/i0.wp.com\/blogg.fumei.se\/wp-content\/uploads\/2016\/08\/Frida14-emeff2016.png?resize=350%2C200","width":350,"height":200,"srcset":"https:\/\/i0.wp.com\/blogg.fumei.se\/wp-content\/uploads\/2016\/08\/Frida14-emeff2016.png?resize=350%2C200 1x, https:\/\/i0.wp.com\/blogg.fumei.se\/wp-content\/uploads\/2016\/08\/Frida14-emeff2016.png?resize=525%2C300 1.5x"},"classes":[]}],"_links":{"self":[{"href":"https:\/\/blogg.fumei.se\/index.php?rest_route=\/wp\/v2\/posts\/4787","targetHints":{"allow":["GET"]}}],"collection":[{"href":"https:\/\/blogg.fumei.se\/index.php?rest_route=\/wp\/v2\/posts"}],"about":[{"href":"https:\/\/blogg.fumei.se\/index.php?rest_route=\/wp\/v2\/types\/post"}],"author":[{"embeddable":true,"href":"https:\/\/blogg.fumei.se\/index.php?rest_route=\/wp\/v2\/users\/1"}],"replies":[{"embeddable":true,"href":"https:\/\/blogg.fumei.se\/index.php?rest_route=%2Fwp%2Fv2%2Fcomments&post=4787"}],"version-history":[{"count":1,"href":"https:\/\/blogg.fumei.se\/index.php?rest_route=\/wp\/v2\/posts\/4787\/revisions"}],"predecessor-version":[{"id":4789,"href":"https:\/\/blogg.fumei.se\/index.php?rest_route=\/wp\/v2\/posts\/4787\/revisions\/4789"}],"wp:attachment":[{"href":"https:\/\/blogg.fumei.se\/index.php?rest_route=%2Fwp%2Fv2%2Fmedia&parent=4787"}],"wp:term":[{"taxonomy":"category","embeddable":true,"href":"https:\/\/blogg.fumei.se\/index.php?rest_route=%2Fwp%2Fv2%2Fcategories&post=4787"},{"taxonomy":"post_tag","embeddable":true,"href":"https:\/\/blogg.fumei.se\/index.php?rest_route=%2Fwp%2Fv2%2Ftags&post=4787"}],"curies":[{"name":"wp","href":"https:\/\/api.w.org\/{rel}","templated":true}]}}