{"id":48,"date":"2011-04-29T22:37:00","date_gmt":"2011-04-29T22:37:00","guid":{"rendered":"\/Blogg\/post\/tjurig.aspx"},"modified":"2011-04-29T22:37:00","modified_gmt":"2011-04-29T22:37:00","slug":"tjurig","status":"publish","type":"post","link":"https:\/\/blogg.fumei.se\/?p=48","title":{"rendered":"*tjurig*"},"content":{"rendered":"<p>Jag &auml;r lite lagom sur just nu. Ig&aring;r installerade jag en thumbnail extension p&aring; bloggen, idag har av n&aring;gon underlig anledning inst&auml;llningen f&ouml;r att se, ta bort och\/eller godk&auml;nna kommentarer fallit bort. Och inte nog med det &#8211; det inl&auml;gg jag skrev ig&aring;r finns inte heller kvar!<\/p>\n<p>S&aring; nu ska lillebror f&aring; kika p&aring; inst&auml;llningarna. G&aring;r det bara att ha ett visst antal extensions eller vad&aring;?<\/p>\n","protected":false},"excerpt":{"rendered":"<p>Jag &auml;r lite lagom sur just nu. Ig&aring;r installerade jag en thumbnail extension p&aring; bloggen, idag har av n&aring;gon underlig anledning inst&auml;llningen f&ouml;r att se, ta bort och\/eller godk&auml;nna kommentarer fallit bort. Och inte nog med det &#8211; det inl&auml;gg jag skrev ig&aring;r finns inte heller kvar! S&aring; nu ska lillebror f&aring; kika p&aring; inst&auml;llningarna&#8230;.<\/p>\n","protected":false},"author":1,"featured_media":0,"comment_status":"open","ping_status":"open","sticky":false,"template":"","format":"standard","meta":{"jetpack_post_was_ever_published":false,"_jetpack_newsletter_access":"","_jetpack_dont_email_post_to_subs":false,"_jetpack_newsletter_tier_id":0,"_jetpack_memberships_contains_paywalled_content":false,"_jetpack_memberships_contains_paid_content":false,"footnotes":"","jetpack_publicize_message":"","jetpack_publicize_feature_enabled":true,"jetpack_social_post_already_shared":false,"jetpack_social_options":{"image_generator_settings":{"template":"highway","default_image_id":0,"font":"","enabled":false},"version":2}},"categories":[47],"tags":[],"class_list":["post-48","post","type-post","status-publish","format-standard","hentry","category-vardagsliv"],"jetpack_publicize_connections":[],"jetpack_featured_media_url":"","jetpack_shortlink":"https:\/\/wp.me\/s3qko4-tjurig","jetpack_sharing_enabled":true,"jetpack_likes_enabled":true,"jetpack-related-posts":[{"id":802,"url":"https:\/\/blogg.fumei.se\/?p=802","url_meta":{"origin":48,"position":0},"title":"S\u00e5 var det M\u00e5ndag igen","author":"M :)","date":"2009-01-19","format":false,"excerpt":"Efter en helt ok helg, med himla trevlig l\u00f6rdag och slapp och sl\u00f6 s\u00f6ndag, var det \u00e5ter dagstillbaka till vardagen. Jag jobbade en tidig tur idag, kors i taket! V\u00e4ldigt lugnt p\u00e5 jobbet, lite lagom att g\u00f6ra, och vi var tv\u00e5, s\u00e5 vi hade gott om tid att st\u00e4da och\u2026","rel":"","context":"I \u201dVardagsliv\u201d","block_context":{"text":"Vardagsliv","link":"https:\/\/blogg.fumei.se\/?cat=47"},"img":{"alt_text":"","src":"","width":0,"height":0},"classes":[]},{"id":320,"url":"https:\/\/blogg.fumei.se\/?p=320","url_meta":{"origin":48,"position":1},"title":"Tjej&#038;Killsnack vecka 2, 2010","author":"EmEff","date":"2010-01-10","format":false,"excerpt":"Vill du ocks\u00e5 vara med? Du hittar Tjejsnack h\u00e4r. 5 \u00e4mnen med 5 fr\u00e5gor till varje, var det, ja! Vassego: B\u00f6ckerGillar du att l\u00e4sa b\u00f6cker?Hur m\u00e5nga b\u00f6cker l\u00e4ser du per \u00e5r?Vad f\u00f6r sorts b\u00f6cker l\u00e4ser du helst?Favorit f\u00f6rfattare?B\u00e4sta bok du l\u00e4st? Vad gjorde du f\u00f6r1 vecka sedan?1 m\u00e5nad sedan?1 \u00e5r\u2026","rel":"","context":"I \u201dVardagsliv\u201d","block_context":{"text":"Vardagsliv","link":"https:\/\/blogg.fumei.se\/?cat=47"},"img":{"alt_text":"","src":"","width":0,"height":0},"classes":[]},{"id":180,"url":"https:\/\/blogg.fumei.se\/?p=180","url_meta":{"origin":48,"position":2},"title":"Bu &#038; b\u00e4","author":"M :)","date":"2010-09-23","format":false,"excerpt":"Det \u00e4r mycket nu, fast \u00e4nd\u00e5 inte. Mycket p\u00e5 jobbet, s\u00e5d\u00e4r jobbigt mycket som det kan vara ibland. Men jag \u00e4r glad att jag har ett jobb, och ett jobb som jag dessutom gillar! Jag f\u00e5r ofta h\u00f6ra att jag \u00e4r s\u00e5 himla duktig som orkar att pendla s\u00e5 l\u00e5ngt\u2026","rel":"","context":"I \u201dVardagsliv\u201d","block_context":{"text":"Vardagsliv","link":"https:\/\/blogg.fumei.se\/?cat=47"},"img":{"alt_text":"","src":"","width":0,"height":0},"classes":[]},{"id":619,"url":"https:\/\/blogg.fumei.se\/?p=619","url_meta":{"origin":48,"position":3},"title":"Sp\u00e4ckad helg","author":"M :)","date":"2008-10-12","format":false,"excerpt":"H\u00e4r har det varit full rulle hela helgen. I l\u00f6rdags st\u00e4dade vi, och jag gjorde storkok av k\u00f6ttf\u00e4rss\u00e5s och k\u00e5lpudding. Ilse, Magnus, Frida och Tyra ramlade in vid 15-tiden och s\u00e5g ut som om de skulle flytta in. Efter kaffe, fruktstund, vilopaus f\u00f6r k\u00f6rande pappor och middag f\u00f6r sm\u00e5 flickor,\u2026","rel":"","context":"I \u201dVardagsliv\u201d","block_context":{"text":"Vardagsliv","link":"https:\/\/blogg.fumei.se\/?cat=47"},"img":{"alt_text":"","src":"","width":0,"height":0},"classes":[]},{"id":877,"url":"https:\/\/blogg.fumei.se\/?p=877","url_meta":{"origin":48,"position":4},"title":"Jippie!","author":"M :)","date":"2009-03-16","format":false,"excerpt":"\u00c4nnu ett steg mot flytt: idag har jag f\u00e5tt nycklarna till nya l\u00e4genheten! Har \u00e4ven rensat i k\u00f6kssk\u00e5pen s\u00e5 det som \u00e4r kvar i sk\u00e5pen nu \u00e4r s\u00e5nt som jag ska ha kvar. Kl\u00e4der packade vi ig\u00e5r, det g\u00e5r ju inte \u00e5t s\u00e5 mycket kl\u00e4der f\u00f6r min del eftersom jag\u2026","rel":"","context":"I \u201dVardagsliv\u201d","block_context":{"text":"Vardagsliv","link":"https:\/\/blogg.fumei.se\/?cat=47"},"img":{"alt_text":"","src":"","width":0,"height":0},"classes":[]},{"id":36,"url":"https:\/\/blogg.fumei.se\/?p=36","url_meta":{"origin":48,"position":5},"title":"Tr\u00f6tt och sliten","author":"M :)","date":"2011-06-01","format":false,"excerpt":"De senaste tv\u00e5 velckorna\u00a0har jag inte bara jobbat med mitt \"vanliga\" jobb, jag har \u00e4ven - tillsammans med en kollega - gjort om i f\u00f6rr\u00e5dsutrymmena p\u00e5 jobbet. Vi har lyft, burit, sl\u00e4pat, h\u00e4ngt upp, flyttat och fixat, och\u00a0nu ser det s\u00e5 fint och \u00f6versk\u00e5dligt ut och\u00a0saker och ting har sin\u2026","rel":"","context":"I \u201dVardagsliv\u201d","block_context":{"text":"Vardagsliv","link":"https:\/\/blogg.fumei.se\/?cat=47"},"img":{"alt_text":"","src":"","width":0,"height":0},"classes":[]}],"_links":{"self":[{"href":"https:\/\/blogg.fumei.se\/index.php?rest_route=\/wp\/v2\/posts\/48","targetHints":{"allow":["GET"]}}],"collection":[{"href":"https:\/\/blogg.fumei.se\/index.php?rest_route=\/wp\/v2\/posts"}],"about":[{"href":"https:\/\/blogg.fumei.se\/index.php?rest_route=\/wp\/v2\/types\/post"}],"author":[{"embeddable":true,"href":"https:\/\/blogg.fumei.se\/index.php?rest_route=\/wp\/v2\/users\/1"}],"replies":[{"embeddable":true,"href":"https:\/\/blogg.fumei.se\/index.php?rest_route=%2Fwp%2Fv2%2Fcomments&post=48"}],"version-history":[{"count":1,"href":"https:\/\/blogg.fumei.se\/index.php?rest_route=\/wp\/v2\/posts\/48\/revisions"}],"predecessor-version":[{"id":1281,"href":"https:\/\/blogg.fumei.se\/index.php?rest_route=\/wp\/v2\/posts\/48\/revisions\/1281"}],"wp:attachment":[{"href":"https:\/\/blogg.fumei.se\/index.php?rest_route=%2Fwp%2Fv2%2Fmedia&parent=48"}],"wp:term":[{"taxonomy":"category","embeddable":true,"href":"https:\/\/blogg.fumei.se\/index.php?rest_route=%2Fwp%2Fv2%2Fcategories&post=48"},{"taxonomy":"post_tag","embeddable":true,"href":"https:\/\/blogg.fumei.se\/index.php?rest_route=%2Fwp%2Fv2%2Ftags&post=48"}],"curies":[{"name":"wp","href":"https:\/\/api.w.org\/{rel}","templated":true}]}}