{"id":4812,"date":"2018-09-28T20:00:00","date_gmt":"2018-09-28T18:00:00","guid":{"rendered":"http:\/\/blogg.fumei.se\/?p=4812"},"modified":"2020-08-08T15:49:50","modified_gmt":"2020-08-08T13:49:50","slug":"halva-hyran","status":"publish","type":"post","link":"https:\/\/blogg.fumei.se\/?p=4812","title":{"rendered":"Halva hyran"},"content":{"rendered":"\n<p>Mer beh\u00f6ver jag inte betala from idag. Vi har n\u00e4mligen flyttat ihop \u201dp\u00e5 riktigt\u201d! Jag har ju i princip bott hos Mikael de senaste m\u00e5naderna, s\u00e5 det k\u00e4ndes som ett naturligt steg.<\/p>\n<p><img data-recalc-dims=\"1\" loading=\"lazy\" decoding=\"async\" data-attachment-id=\"4813\" data-permalink=\"https:\/\/blogg.fumei.se\/?attachment_id=4813\" data-orig-file=\"https:\/\/i0.wp.com\/blogg.fumei.se\/wp-content\/uploads\/2020\/08\/img_1975.jpg?fit=968%2C544&amp;ssl=1\" data-orig-size=\"968,544\" data-comments-opened=\"1\" data-image-meta=\"{&quot;aperture&quot;:&quot;0&quot;,&quot;credit&quot;:&quot;&quot;,&quot;camera&quot;:&quot;&quot;,&quot;caption&quot;:&quot;&quot;,&quot;created_timestamp&quot;:&quot;0&quot;,&quot;copyright&quot;:&quot;&quot;,&quot;focal_length&quot;:&quot;0&quot;,&quot;iso&quot;:&quot;0&quot;,&quot;shutter_speed&quot;:&quot;0&quot;,&quot;title&quot;:&quot;&quot;,&quot;orientation&quot;:&quot;1&quot;}\" data-image-title=\"img_1975\" data-image-description=\"\" data-image-caption=\"\" data-large-file=\"https:\/\/i0.wp.com\/blogg.fumei.se\/wp-content\/uploads\/2020\/08\/img_1975.jpg?fit=640%2C359&amp;ssl=1\" src=\"https:\/\/i0.wp.com\/blogg.fumei.se\/wp-content\/uploads\/2020\/08\/img_1975.jpg?resize=640%2C360&#038;ssl=1\" class=\"size-full wp-image-4813\" width=\"640\" height=\"360\" srcset=\"https:\/\/i0.wp.com\/blogg.fumei.se\/wp-content\/uploads\/2020\/08\/img_1975.jpg?w=968&amp;ssl=1 968w, https:\/\/i0.wp.com\/blogg.fumei.se\/wp-content\/uploads\/2020\/08\/img_1975.jpg?resize=300%2C169&amp;ssl=1 300w, https:\/\/i0.wp.com\/blogg.fumei.se\/wp-content\/uploads\/2020\/08\/img_1975.jpg?resize=650%2C365&amp;ssl=1 650w, https:\/\/i0.wp.com\/blogg.fumei.se\/wp-content\/uploads\/2020\/08\/img_1975.jpg?resize=768%2C432&amp;ssl=1 768w\" sizes=\"auto, (max-width: 640px) 100vw, 640px\" \/><\/p>\n\n\n<p>\u00c4n s\u00e5 l\u00e4nge hyr jag ut min l\u00e4genhet i andra hand, men Sanna som hyr den har redan sagt upp kontraktet pga hon f\u00e5tt nytt jobb i Lund och flyttar redan om en m\u00e5nad!<\/p>\n\n\n<p>Jag f\u00e5r se om jag f\u00f6rs\u00f6ker hitta n\u00e5gon annan hyresg\u00e4st (det var ganska meckigt att f\u00e5 godk\u00e4nt av hyresv\u00e4rden) eller om jag ska s\u00e4ga upp den. Jag har ju hela 2 dagar p\u00e5 mig att best\u00e4mma mig, haha.<\/p>\n\n\n<p><\/p>\n","protected":false},"excerpt":{"rendered":"<p>Mer beh\u00f6ver jag inte betala from idag. Vi har n\u00e4mligen flyttat ihop \u201dp\u00e5 riktigt\u201d! Jag har ju i princip bott hos Mikael de senaste m\u00e5naderna, s\u00e5 det k\u00e4ndes som ett naturligt steg. \u00c4n s\u00e5 l\u00e4nge hyr jag ut min l\u00e4genhet i andra hand, men Sanna som hyr den har redan sagt upp kontraktet pga hon&#8230;<\/p>\n","protected":false},"author":1,"featured_media":0,"comment_status":"open","ping_status":"open","sticky":false,"template":"","format":"standard","meta":{"jetpack_post_was_ever_published":false,"_jetpack_newsletter_access":"","_jetpack_dont_email_post_to_subs":false,"_jetpack_newsletter_tier_id":0,"_jetpack_memberships_contains_paywalled_content":false,"_jetpack_memberships_contains_paid_content":false,"footnotes":"","jetpack_publicize_message":"","jetpack_publicize_feature_enabled":true,"jetpack_social_post_already_shared":true,"jetpack_social_options":{"image_generator_settings":{"template":"highway","default_image_id":0,"font":"","enabled":false},"version":2}},"categories":[47],"tags":[304,455,454],"class_list":["post-4812","post","type-post","status-publish","format-standard","hentry","category-vardagsliv","tag-flytta","tag-flytta-ihop","tag-sambo"],"jetpack_publicize_connections":[],"jetpack_featured_media_url":"","jetpack_shortlink":"https:\/\/wp.me\/p3qko4-1fC","jetpack_sharing_enabled":true,"jetpack_likes_enabled":true,"jetpack-related-posts":[{"id":5818,"url":"https:\/\/blogg.fumei.se\/?p=5818","url_meta":{"origin":4812,"position":0},"title":"I g\u00f6mmorna","author":"M :)","date":"2018-07-16","format":false,"excerpt":"Jag har varit hos mamma och hj\u00e4lpt henne rensa och r\u00f6ja inf\u00f6r flytt. Hon ska flytta till Sk\u00e5ne och bli inneboende hos Roberto och hans sambo. L\u00e4genheten i Floby \u00e4r allladelse f\u00f6r stor f\u00f6r henne, s\u00e5 detta blir en bra l\u00f6sning eftersom det blir sv\u00e5rt att hitta en l\u00e4genhet med\u2026","rel":"","context":"I \u201dFamiljen\u201d","block_context":{"text":"Familjen","link":"https:\/\/blogg.fumei.se\/?cat=34"},"img":{"alt_text":"","src":"https:\/\/i0.wp.com\/blogg.fumei.se\/wp-content\/uploads\/2024\/02\/A11A8591-3CBF-44D2-9691-04D9625E02B7-scaled.jpeg?resize=350%2C200","width":350,"height":200,"srcset":"https:\/\/i0.wp.com\/blogg.fumei.se\/wp-content\/uploads\/2024\/02\/A11A8591-3CBF-44D2-9691-04D9625E02B7-scaled.jpeg?resize=350%2C200 1x, https:\/\/i0.wp.com\/blogg.fumei.se\/wp-content\/uploads\/2024\/02\/A11A8591-3CBF-44D2-9691-04D9625E02B7-scaled.jpeg?resize=525%2C300 1.5x, https:\/\/i0.wp.com\/blogg.fumei.se\/wp-content\/uploads\/2024\/02\/A11A8591-3CBF-44D2-9691-04D9625E02B7-scaled.jpeg?resize=700%2C400 2x, https:\/\/i0.wp.com\/blogg.fumei.se\/wp-content\/uploads\/2024\/02\/A11A8591-3CBF-44D2-9691-04D9625E02B7-scaled.jpeg?resize=1050%2C600 3x, https:\/\/i0.wp.com\/blogg.fumei.se\/wp-content\/uploads\/2024\/02\/A11A8591-3CBF-44D2-9691-04D9625E02B7-scaled.jpeg?resize=1400%2C800 4x"},"classes":[]},{"id":3236,"url":"https:\/\/blogg.fumei.se\/?p=3236","url_meta":{"origin":4812,"position":1},"title":"Pl\u00f6tsligt h\u00e4nder det!","author":"M :)","date":"2014-03-01","format":false,"excerpt":"Efter 12 \u00e5r som ofrivillig sm\u00e5stadsbo och sen 7 \u00e5r i bostadsk\u00f6, efter otaliga ans\u00f6kningar, brev och telefonsamtal till diverse bostadsbolag och privata hyresv\u00e4rdar blev det \u00e4ntligen min tur! Jag har i ett par \u00e5rs tid varit extra flitig mef att kolla BoPlats G\u00f6teborgs sida. Varje morgon och varje kv\u00e4ll\u2026","rel":"","context":"I \u201dHemmet\u201d","block_context":{"text":"Hemmet","link":"https:\/\/blogg.fumei.se\/?cat=31"},"img":{"alt_text":"","src":"","width":0,"height":0},"classes":[]},{"id":828,"url":"https:\/\/blogg.fumei.se\/?p=828","url_meta":{"origin":4812,"position":2},"title":"Jag fick ett samtal","author":"M :)","date":"2009-01-03","format":false,"excerpt":"ifr\u00e5n fastighets\u00e4garen som lovat mig f\u00f6rsta lediga l\u00e4genhet i det hus han har h\u00e4r i \"byn\". Han sa att han hade hoppats kunna ge mig ett besked om vilken l\u00e4genhet jag ska f\u00e5 och kanske tom ett inflyttningsdatum, men det visade sig att det ar lite problem med det, i\u2026","rel":"","context":"I \u201dVardagsliv\u201d","block_context":{"text":"Vardagsliv","link":"https:\/\/blogg.fumei.se\/?cat=47"},"img":{"alt_text":"","src":"","width":0,"height":0},"classes":[]},{"id":842,"url":"https:\/\/blogg.fumei.se\/?p=842","url_meta":{"origin":4812,"position":3},"title":"N\u00e4r jag blir stor&#8230;","author":"M :)","date":"2009-02-18","format":false,"excerpt":"...eller snarare n\u00e4r mina barn blivit stora nog att klara sig sj\u00e4lva, d\u00e5 skulle jag vilja g\u00f6ra s\u00e5nt jag inte hann\/kunde\/fick\/hade r\u00e5d med innan de f\u00f6ddes. I stora drag kan man v\u00e4l s\u00e4ga att det inneb\u00e4r en del resande, men \u00e4ven en del jobb. Jag har n\u00e4mligen t\u00e4nkt jobba mig\u2026","rel":"","context":"I \u201dVardagsliv\u201d","block_context":{"text":"Vardagsliv","link":"https:\/\/blogg.fumei.se\/?cat=47"},"img":{"alt_text":"","src":"","width":0,"height":0},"classes":[]},{"id":3017,"url":"https:\/\/blogg.fumei.se\/?p=3017","url_meta":{"origin":4812,"position":4},"title":"Produktiv intighet","author":"M :)","date":"2013-07-14","format":false,"excerpt":"N\u00e4r man l\u00e4ser mina inl\u00e4gg de senaste veckorna kan man l\u00e4tt f\u00e5 intrycket att jag suttit p\u00e5 kammaren och b\u00f6lat i fyra veckor, men det har jag inte. Jag kunde ha gjort det, men det hade jag aldrig orkat, s\u00e5 f\u00f6r att orka med mig sj\u00e4lv och f\u00f6r att inte\u2026","rel":"","context":"I \u201dVardagsliv\u201d","block_context":{"text":"Vardagsliv","link":"https:\/\/blogg.fumei.se\/?cat=47"},"img":{"alt_text":"","src":"","width":0,"height":0},"classes":[]},{"id":1049,"url":"https:\/\/blogg.fumei.se\/?p=1049","url_meta":{"origin":4812,"position":5},"title":"F\u00e4\u00e4\u00e4\u00e4\u00e4rdig!","author":"M :)","date":"2009-08-29","format":false,"excerpt":"N\u00e4stan i alla fall. Men det jag hade t\u00e4nkt g\u00f6ra under helgen \u00e4r nu gjort. Jag har flyttat in min Billy-hylla till Fia och lagt hennes saker i den, s\u00e5 att det blev en tom garderob \u00e5t mina kl\u00e4der. Jag har flyttat mina kl\u00e4der fr\u00e5n kl\u00e4dkammaren till byr\u00e5er och garderoben\u2026","rel":"","context":"I \u201dVardagsliv\u201d","block_context":{"text":"Vardagsliv","link":"https:\/\/blogg.fumei.se\/?cat=47"},"img":{"alt_text":"","src":"","width":0,"height":0},"classes":[]}],"_links":{"self":[{"href":"https:\/\/blogg.fumei.se\/index.php?rest_route=\/wp\/v2\/posts\/4812","targetHints":{"allow":["GET"]}}],"collection":[{"href":"https:\/\/blogg.fumei.se\/index.php?rest_route=\/wp\/v2\/posts"}],"about":[{"href":"https:\/\/blogg.fumei.se\/index.php?rest_route=\/wp\/v2\/types\/post"}],"author":[{"embeddable":true,"href":"https:\/\/blogg.fumei.se\/index.php?rest_route=\/wp\/v2\/users\/1"}],"replies":[{"embeddable":true,"href":"https:\/\/blogg.fumei.se\/index.php?rest_route=%2Fwp%2Fv2%2Fcomments&post=4812"}],"version-history":[{"count":1,"href":"https:\/\/blogg.fumei.se\/index.php?rest_route=\/wp\/v2\/posts\/4812\/revisions"}],"predecessor-version":[{"id":4814,"href":"https:\/\/blogg.fumei.se\/index.php?rest_route=\/wp\/v2\/posts\/4812\/revisions\/4814"}],"wp:attachment":[{"href":"https:\/\/blogg.fumei.se\/index.php?rest_route=%2Fwp%2Fv2%2Fmedia&parent=4812"}],"wp:term":[{"taxonomy":"category","embeddable":true,"href":"https:\/\/blogg.fumei.se\/index.php?rest_route=%2Fwp%2Fv2%2Fcategories&post=4812"},{"taxonomy":"post_tag","embeddable":true,"href":"https:\/\/blogg.fumei.se\/index.php?rest_route=%2Fwp%2Fv2%2Ftags&post=4812"}],"curies":[{"name":"wp","href":"https:\/\/api.w.org\/{rel}","templated":true}]}}