{"id":4862,"date":"2020-10-03T08:08:49","date_gmt":"2020-10-03T06:08:49","guid":{"rendered":"http:\/\/blogg.fumei.se\/?p=4862"},"modified":"2020-10-03T16:30:47","modified_gmt":"2020-10-03T14:30:47","slug":"mormors-lillprins-fyller-ar","status":"publish","type":"post","link":"https:\/\/blogg.fumei.se\/?p=4862","title":{"rendered":"Mormors lillprins fyller \u00e5r!"},"content":{"rendered":"\n<figure class=\"wp-block-image size-large\"><img data-recalc-dims=\"1\" loading=\"lazy\" decoding=\"async\" width=\"640\" height=\"640\" data-attachment-id=\"4863\" data-permalink=\"https:\/\/blogg.fumei.se\/?attachment_id=4863\" data-orig-file=\"https:\/\/i0.wp.com\/blogg.fumei.se\/wp-content\/uploads\/2020\/10\/8758A455-459E-49E3-9A73-E0BA3EF3E990-scaled.jpeg?fit=2560%2C2560&amp;ssl=1\" data-orig-size=\"2560,2560\" data-comments-opened=\"1\" data-image-meta=\"{&quot;aperture&quot;:&quot;0&quot;,&quot;credit&quot;:&quot;&quot;,&quot;camera&quot;:&quot;&quot;,&quot;caption&quot;:&quot;&quot;,&quot;created_timestamp&quot;:&quot;0&quot;,&quot;copyright&quot;:&quot;&quot;,&quot;focal_length&quot;:&quot;0&quot;,&quot;iso&quot;:&quot;0&quot;,&quot;shutter_speed&quot;:&quot;0&quot;,&quot;title&quot;:&quot;&quot;,&quot;orientation&quot;:&quot;1&quot;}\" data-image-title=\"8758A455-459E-49E3-9A73-E0BA3EF3E990\" data-image-description=\"\" data-image-caption=\"\" data-large-file=\"https:\/\/i0.wp.com\/blogg.fumei.se\/wp-content\/uploads\/2020\/10\/8758A455-459E-49E3-9A73-E0BA3EF3E990-scaled.jpeg?fit=640%2C640&amp;ssl=1\" src=\"https:\/\/i0.wp.com\/blogg.fumei.se\/wp-content\/uploads\/2020\/10\/8758A455-459E-49E3-9A73-E0BA3EF3E990-650x650.jpeg?resize=640%2C640&#038;ssl=1\" alt=\"\" class=\"wp-image-4863\" srcset=\"https:\/\/i0.wp.com\/blogg.fumei.se\/wp-content\/uploads\/2020\/10\/8758A455-459E-49E3-9A73-E0BA3EF3E990-scaled.jpeg?resize=650%2C650&amp;ssl=1 650w, https:\/\/i0.wp.com\/blogg.fumei.se\/wp-content\/uploads\/2020\/10\/8758A455-459E-49E3-9A73-E0BA3EF3E990-scaled.jpeg?resize=300%2C300&amp;ssl=1 300w, https:\/\/i0.wp.com\/blogg.fumei.se\/wp-content\/uploads\/2020\/10\/8758A455-459E-49E3-9A73-E0BA3EF3E990-scaled.jpeg?resize=180%2C180&amp;ssl=1 180w, https:\/\/i0.wp.com\/blogg.fumei.se\/wp-content\/uploads\/2020\/10\/8758A455-459E-49E3-9A73-E0BA3EF3E990-scaled.jpeg?resize=768%2C768&amp;ssl=1 768w, https:\/\/i0.wp.com\/blogg.fumei.se\/wp-content\/uploads\/2020\/10\/8758A455-459E-49E3-9A73-E0BA3EF3E990-scaled.jpeg?resize=1536%2C1536&amp;ssl=1 1536w, https:\/\/i0.wp.com\/blogg.fumei.se\/wp-content\/uploads\/2020\/10\/8758A455-459E-49E3-9A73-E0BA3EF3E990-scaled.jpeg?resize=2048%2C2048&amp;ssl=1 2048w, https:\/\/i0.wp.com\/blogg.fumei.se\/wp-content\/uploads\/2020\/10\/8758A455-459E-49E3-9A73-E0BA3EF3E990-scaled.jpeg?w=1280&amp;ssl=1 1280w, https:\/\/i0.wp.com\/blogg.fumei.se\/wp-content\/uploads\/2020\/10\/8758A455-459E-49E3-9A73-E0BA3EF3E990-scaled.jpeg?w=1920&amp;ssl=1 1920w\" sizes=\"auto, (max-width: 640px) 100vw, 640px\" \/><\/figure>\n\n\n\n<h1 class=\"has-text-align-center wp-block-heading\"><strong>GRATTIS!<\/strong><\/h1>\n\n\n\n<p class=\"has-text-align-center\">\u00f6nskar mormor, Mikael, Melina &amp; Max.<\/p>\n","protected":false},"excerpt":{"rendered":"<p>GRATTIS! \u00f6nskar mormor, Mikael, Melina &amp; Max.<\/p>\n","protected":false},"author":1,"featured_media":0,"comment_status":"open","ping_status":"open","sticky":false,"template":"","format":"standard","meta":{"jetpack_post_was_ever_published":false,"_jetpack_newsletter_access":"","_jetpack_dont_email_post_to_subs":false,"_jetpack_newsletter_tier_id":0,"_jetpack_memberships_contains_paywalled_content":false,"_jetpack_memberships_contains_paid_content":false,"footnotes":"","jetpack_publicize_message":"","jetpack_publicize_feature_enabled":true,"jetpack_social_post_already_shared":true,"jetpack_social_options":{"image_generator_settings":{"template":"highway","default_image_id":0,"font":"","enabled":false},"version":2}},"categories":[47],"tags":[220,106,422],"class_list":["post-4862","post","type-post","status-publish","format-standard","hentry","category-vardagsliv","tag-fira","tag-fodelsedag","tag-kalas"],"jetpack_publicize_connections":[],"jetpack_featured_media_url":"","jetpack_shortlink":"https:\/\/wp.me\/p3qko4-1gq","jetpack_sharing_enabled":true,"jetpack_likes_enabled":true,"jetpack-related-posts":[{"id":4515,"url":"https:\/\/blogg.fumei.se\/?p=4515","url_meta":{"origin":4862,"position":0},"title":"Mormors tjej fyller \u00e5r","author":"M :)","date":"2018-03-15","format":false,"excerpt":"Idag fyller Juliah 4 \u00e5r! Vart tar tiden v\u00e4gen? Det k\u00e4nns som om det var nyss du l\u00e5g i din mammas mage, fast nu \u00e4r det en lillebror eller lillasyster som ligger d\u00e4r. GRATTIS! \u00f6nskar mormor nonna mamma & pappa Robin Berto & Bella Silvio, Lovisa & Victor \u00a0Ilse &\u2026","rel":"","context":"I \u201dFamiljen\u201d","block_context":{"text":"Familjen","link":"https:\/\/blogg.fumei.se\/?cat=34"},"img":{"alt_text":"","src":"https:\/\/i0.wp.com\/blogg.fumei.se\/wp-content\/uploads\/2018\/03\/Juliah4-emeff2018.png?resize=350%2C200","width":350,"height":200,"srcset":"https:\/\/i0.wp.com\/blogg.fumei.se\/wp-content\/uploads\/2018\/03\/Juliah4-emeff2018.png?resize=350%2C200 1x, https:\/\/i0.wp.com\/blogg.fumei.se\/wp-content\/uploads\/2018\/03\/Juliah4-emeff2018.png?resize=525%2C300 1.5x"},"classes":[]},{"id":5193,"url":"https:\/\/blogg.fumei.se\/?p=5193","url_meta":{"origin":4862,"position":1},"title":"Barcelona!","author":"M :)","date":"2018-12-01","format":false,"excerpt":"Exakt ett \u00e5r efter att Mikael och jag tr\u00e4ffades f\u00f6r f\u00f6rsta g\u00e5ngen satte vi oss tillsammans med Mikaels barn; Melina och Max, p\u00e5 ett plan till Barcelona. Mikael fyller 50 \u00e5r, och den h\u00e4r resan \u00e4r ist\u00e4llet f\u00f6r stort kalas. Vi bor p\u00e5 ett hotell som heter Grand Havana, och\u2026","rel":"","context":"I \u201dFamiljen\u201d","block_context":{"text":"Familjen","link":"https:\/\/blogg.fumei.se\/?cat=34"},"img":{"alt_text":"","src":"https:\/\/i0.wp.com\/blogg.fumei.se\/wp-content\/uploads\/2023\/09\/72782BFD-B339-4EF0-89CD-3E8B5616D2C7_1_105_c.jpeg?resize=350%2C200","width":350,"height":200,"srcset":"https:\/\/i0.wp.com\/blogg.fumei.se\/wp-content\/uploads\/2023\/09\/72782BFD-B339-4EF0-89CD-3E8B5616D2C7_1_105_c.jpeg?resize=350%2C200 1x, https:\/\/i0.wp.com\/blogg.fumei.se\/wp-content\/uploads\/2023\/09\/72782BFD-B339-4EF0-89CD-3E8B5616D2C7_1_105_c.jpeg?resize=525%2C300 1.5x, https:\/\/i0.wp.com\/blogg.fumei.se\/wp-content\/uploads\/2023\/09\/72782BFD-B339-4EF0-89CD-3E8B5616D2C7_1_105_c.jpeg?resize=700%2C400 2x"},"classes":[]},{"id":4291,"url":"https:\/\/blogg.fumei.se\/?p=4291","url_meta":{"origin":4862,"position":2},"title":"Dubbelfirande!","author":"M :)","date":"2017-05-21","format":false,"excerpt":"Idag firar vi Sophia som fyller 24! Vi passar samtidigt p\u00e5 att gratulera henne till examen (\u00e4ntligen...) och f\u00e4rdig undersk\u00f6terska! GRATTIS! \u00f6nskar Mamma Robin mormor","rel":"","context":"I \u201dFamiljen\u201d","block_context":{"text":"Familjen","link":"https:\/\/blogg.fumei.se\/?cat=34"},"img":{"alt_text":"","src":"https:\/\/i0.wp.com\/blogg.fumei.se\/wp-content\/uploads\/2017\/05\/Sophia24-emeff2017.png?resize=350%2C200","width":350,"height":200,"srcset":"https:\/\/i0.wp.com\/blogg.fumei.se\/wp-content\/uploads\/2017\/05\/Sophia24-emeff2017.png?resize=350%2C200 1x, https:\/\/i0.wp.com\/blogg.fumei.se\/wp-content\/uploads\/2017\/05\/Sophia24-emeff2017.png?resize=525%2C300 1.5x"},"classes":[]},{"id":4594,"url":"https:\/\/blogg.fumei.se\/?p=4594","url_meta":{"origin":4862,"position":3},"title":"En alldeles s\u00e4rskild dag","author":"M :)","date":"2018-11-30","format":false,"excerpt":"F\u00f6r det \u00e4r Mickes f\u00f6delsedag, och inte vilken f\u00f6delsedag som helst, han fyller ju 50!\u00a0\u2665 Vi befinner oss f\u00f6r tillf\u00e4llet i Barcelona och firar tillsammans med Melina och Max, men ett litet inl\u00e4gg p\u00e5 bloggen m\u00e5ste det ju bli n\u00e4r man fyller \u00e5r! S\u00e5 h\u00e4r kommer grattis och fina (eh...tja...)\u2026","rel":"","context":"I \u201dFamiljen\u201d","block_context":{"text":"Familjen","link":"https:\/\/blogg.fumei.se\/?cat=34"},"img":{"alt_text":"","src":"https:\/\/i0.wp.com\/blogg.fumei.se\/wp-content\/uploads\/2018\/11\/Micke50-EmEff2018.png?resize=350%2C200","width":350,"height":200,"srcset":"https:\/\/i0.wp.com\/blogg.fumei.se\/wp-content\/uploads\/2018\/11\/Micke50-EmEff2018.png?resize=350%2C200 1x, https:\/\/i0.wp.com\/blogg.fumei.se\/wp-content\/uploads\/2018\/11\/Micke50-EmEff2018.png?resize=525%2C300 1.5x"},"classes":[]},{"id":4263,"url":"https:\/\/blogg.fumei.se\/?p=4263","url_meta":{"origin":4862,"position":4},"title":"Mormors tjej","author":"M :)","date":"2017-03-15","format":false,"excerpt":"Idag \u00e4r ingen vanlig dag, f\u00f6r idag \u00e4r det Juliahs f\u00f6delsedag! GRATTIS \u00f6nskar mormor \u2665","rel":"","context":"I \u201dFamiljen\u201d","block_context":{"text":"Familjen","link":"https:\/\/blogg.fumei.se\/?cat=34"},"img":{"alt_text":"","src":"https:\/\/i0.wp.com\/blogg.fumei.se\/wp-content\/uploads\/2017\/03\/Juliah3-emeff2017.png?resize=350%2C200","width":350,"height":200,"srcset":"https:\/\/i0.wp.com\/blogg.fumei.se\/wp-content\/uploads\/2017\/03\/Juliah3-emeff2017.png?resize=350%2C200 1x, https:\/\/i0.wp.com\/blogg.fumei.se\/wp-content\/uploads\/2017\/03\/Juliah3-emeff2017.png?resize=525%2C300 1.5x"},"classes":[]},{"id":4652,"url":"https:\/\/blogg.fumei.se\/?p=4652","url_meta":{"origin":4862,"position":5},"title":"Ja m\u00e5 hon leva!","author":"M :)","date":"2019-05-21","format":false,"excerpt":"Den finaste, vackraste, b\u00e4sta dottern av dem alla, idag fyller hon \u00e5r! GRATTIS! \u00f6nskar mamma & RobinmormorIlse, Magnus, Frida & TyraRoberto & IsabellaSilvio, Lovisa & VictorMikael, Melina & Max\u2665","rel":"","context":"I \u201dVardagsliv\u201d","block_context":{"text":"Vardagsliv","link":"https:\/\/blogg.fumei.se\/?cat=47"},"img":{"alt_text":"","src":"https:\/\/i0.wp.com\/blogg.fumei.se\/wp-content\/uploads\/2019\/05\/Fia26Blogg-EmEff2019.png?resize=350%2C200&ssl=1","width":350,"height":200,"srcset":"https:\/\/i0.wp.com\/blogg.fumei.se\/wp-content\/uploads\/2019\/05\/Fia26Blogg-EmEff2019.png?resize=350%2C200&ssl=1 1x, https:\/\/i0.wp.com\/blogg.fumei.se\/wp-content\/uploads\/2019\/05\/Fia26Blogg-EmEff2019.png?resize=525%2C300&ssl=1 1.5x"},"classes":[]}],"_links":{"self":[{"href":"https:\/\/blogg.fumei.se\/index.php?rest_route=\/wp\/v2\/posts\/4862","targetHints":{"allow":["GET"]}}],"collection":[{"href":"https:\/\/blogg.fumei.se\/index.php?rest_route=\/wp\/v2\/posts"}],"about":[{"href":"https:\/\/blogg.fumei.se\/index.php?rest_route=\/wp\/v2\/types\/post"}],"author":[{"embeddable":true,"href":"https:\/\/blogg.fumei.se\/index.php?rest_route=\/wp\/v2\/users\/1"}],"replies":[{"embeddable":true,"href":"https:\/\/blogg.fumei.se\/index.php?rest_route=%2Fwp%2Fv2%2Fcomments&post=4862"}],"version-history":[{"count":1,"href":"https:\/\/blogg.fumei.se\/index.php?rest_route=\/wp\/v2\/posts\/4862\/revisions"}],"predecessor-version":[{"id":4864,"href":"https:\/\/blogg.fumei.se\/index.php?rest_route=\/wp\/v2\/posts\/4862\/revisions\/4864"}],"wp:attachment":[{"href":"https:\/\/blogg.fumei.se\/index.php?rest_route=%2Fwp%2Fv2%2Fmedia&parent=4862"}],"wp:term":[{"taxonomy":"category","embeddable":true,"href":"https:\/\/blogg.fumei.se\/index.php?rest_route=%2Fwp%2Fv2%2Fcategories&post=4862"},{"taxonomy":"post_tag","embeddable":true,"href":"https:\/\/blogg.fumei.se\/index.php?rest_route=%2Fwp%2Fv2%2Ftags&post=4862"}],"curies":[{"name":"wp","href":"https:\/\/api.w.org\/{rel}","templated":true}]}}