{"id":49,"date":"2011-04-25T10:38:00","date_gmt":"2011-04-25T10:38:00","guid":{"rendered":"\/Blogg\/post\/Det-ar-Robins-dag-idag.aspx"},"modified":"2011-08-30T09:26:50","modified_gmt":"2011-08-30T07:26:50","slug":"det-ar-robins-dag-idag","status":"publish","type":"post","link":"https:\/\/blogg.fumei.se\/?p=49","title":{"rendered":"Det \u00e4r Robins dag idag"},"content":{"rendered":"<p>Idag fyller min &#8221;lilla&#8221; kille 15 \u00e5r! Han har best\u00e4llt fl\u00e4skfil\u00e8 med klyftpotatis och b\u00e8arnaises\u00e5s till middag och rullt\u00e5rta ist\u00e4llet f\u00f6r vanlig t\u00e5rta.<br \/>\nGrattis och hurra!<\/p>\n<p>\u00a0<a href=\"https:\/\/i0.wp.com\/blogg.fumei.se\/wp-content\/uploads\/2011\/04\/Robin15%C3%A5r-emeff2011.png?ssl=1\"><img data-recalc-dims=\"1\" loading=\"lazy\" decoding=\"async\" data-attachment-id=\"1318\" data-permalink=\"https:\/\/blogg.fumei.se\/?attachment_id=1318\" data-orig-file=\"https:\/\/i0.wp.com\/blogg.fumei.se\/wp-content\/uploads\/2011\/04\/Robin15%C3%A5r-emeff2011.png?fit=650%2C400&amp;ssl=1\" data-orig-size=\"650,400\" data-comments-opened=\"1\" data-image-meta=\"{&quot;aperture&quot;:&quot;0&quot;,&quot;credit&quot;:&quot;&quot;,&quot;camera&quot;:&quot;&quot;,&quot;caption&quot;:&quot;&quot;,&quot;created_timestamp&quot;:&quot;0&quot;,&quot;copyright&quot;:&quot;&quot;,&quot;focal_length&quot;:&quot;0&quot;,&quot;iso&quot;:&quot;0&quot;,&quot;shutter_speed&quot;:&quot;0&quot;,&quot;title&quot;:&quot;&quot;}\" data-image-title=\"Robin15\u00e5r-emeff2011\" data-image-description=\"\" data-image-caption=\"\" data-large-file=\"https:\/\/i0.wp.com\/blogg.fumei.se\/wp-content\/uploads\/2011\/04\/Robin15%C3%A5r-emeff2011.png?fit=640%2C394&amp;ssl=1\" class=\"aligncenter size-full wp-image-1318\" title=\"Robin15\u00e5r-emeff2011\" src=\"https:\/\/i0.wp.com\/blogg.fumei.se\/wp-content\/uploads\/2011\/04\/Robin15%C3%A5r-emeff2011.png?resize=640%2C394&#038;ssl=1\" alt=\"\" width=\"640\" height=\"394\" srcset=\"https:\/\/i0.wp.com\/blogg.fumei.se\/wp-content\/uploads\/2011\/04\/Robin15%C3%A5r-emeff2011.png?w=650&amp;ssl=1 650w, https:\/\/i0.wp.com\/blogg.fumei.se\/wp-content\/uploads\/2011\/04\/Robin15%C3%A5r-emeff2011.png?resize=300%2C184&amp;ssl=1 300w\" sizes=\"auto, (max-width: 640px) 100vw, 640px\" \/><\/a><\/p>\n","protected":false},"excerpt":{"rendered":"<p>Idag fyller min &#8221;lilla&#8221; kille 15 \u00e5r! Han har best\u00e4llt fl\u00e4skfil\u00e8 med klyftpotatis och b\u00e8arnaises\u00e5s till middag och rullt\u00e5rta ist\u00e4llet f\u00f6r vanlig t\u00e5rta. Grattis och hurra! \u00a0<\/p>\n","protected":false},"author":1,"featured_media":0,"comment_status":"open","ping_status":"open","sticky":false,"template":"","format":"standard","meta":{"jetpack_post_was_ever_published":false,"_jetpack_newsletter_access":"","_jetpack_dont_email_post_to_subs":false,"_jetpack_newsletter_tier_id":0,"_jetpack_memberships_contains_paywalled_content":false,"_jetpack_memberships_contains_paid_content":false,"footnotes":"","jetpack_publicize_message":"","jetpack_publicize_feature_enabled":true,"jetpack_social_post_already_shared":false,"jetpack_social_options":{"image_generator_settings":{"template":"highway","default_image_id":0,"font":"","enabled":false},"version":2}},"categories":[47],"tags":[],"class_list":["post-49","post","type-post","status-publish","format-standard","hentry","category-vardagsliv"],"jetpack_publicize_connections":[],"jetpack_featured_media_url":"","jetpack_shortlink":"https:\/\/wp.me\/p3qko4-N","jetpack_sharing_enabled":true,"jetpack_likes_enabled":true,"jetpack-related-posts":[{"id":4497,"url":"https:\/\/blogg.fumei.se\/?p=4497","url_meta":{"origin":49,"position":0},"title":"Idag fyller vi \u00e5r!","author":"M :)","date":"2018-01-17","format":false,"excerpt":"Det \u00e4r inte bara min f\u00f6delsedag idag, utan \u00e4ven Victors! Hela 9 \u00e5r fyller han idag! GRATTIS! \u00f6nskar faster farmor Fia, Linus & Juliah Robin Roberto och Isabella","rel":"","context":"I \u201dFamiljen\u201d","block_context":{"text":"Familjen","link":"https:\/\/blogg.fumei.se\/?cat=34"},"img":{"alt_text":"","src":"https:\/\/i0.wp.com\/blogg.fumei.se\/wp-content\/uploads\/2018\/01\/Victor9-emeff2018-650x422.png?resize=350%2C200","width":350,"height":200,"srcset":"https:\/\/i0.wp.com\/blogg.fumei.se\/wp-content\/uploads\/2018\/01\/Victor9-emeff2018-650x422.png?resize=350%2C200 1x, https:\/\/i0.wp.com\/blogg.fumei.se\/wp-content\/uploads\/2018\/01\/Victor9-emeff2018-650x422.png?resize=525%2C300 1.5x"},"classes":[]},{"id":965,"url":"https:\/\/blogg.fumei.se\/?p=965","url_meta":{"origin":49,"position":1},"title":"Det h\u00e4r \u00e4r ingen fyndig rubrik","author":"M :)","date":"2009-05-01","format":false,"excerpt":"men det beh\u00f6vs v\u00e4l knappast, heller. Idag \u00e4r det 1:a Maj. Solen skiner och det verkar vara ganska vindstilla, s\u00e5 snart ska jag ge mig ut i det fina v\u00e4dret. Jag ska bara dricka upp kaffet och skriva klart det h\u00e4r inl\u00e4gget f\u00f6rst. 1:a Maj har aldrig varit n\u00e5got s\u00e4rskilt\u2026","rel":"","context":"I \u201dVardagsliv\u201d","block_context":{"text":"Vardagsliv","link":"https:\/\/blogg.fumei.se\/?cat=47"},"img":{"alt_text":"","src":"","width":0,"height":0},"classes":[]},{"id":856,"url":"https:\/\/blogg.fumei.se\/?p=856","url_meta":{"origin":49,"position":2},"title":"Torsdag","author":"M :)","date":"2009-02-05","format":false,"excerpt":"Ledig idag. Konstigt det d\u00e4r att jag ibland \u00e4r ledig s\u00e5 m\u00e5nga dagar p\u00e5 en och samma vecka, medan jag ibland jobbar ihj\u00e4l mig (k\u00e4nns det som). Men det \u00e4r ju s\u00e5 det blir n\u00e4r vi nu l\u00e4gger egna scheman. S\u00e5 idag \u00e4r jag allts\u00e5 ledig, och sen ska jag\u2026","rel":"","context":"I \u201dVardagsliv\u201d","block_context":{"text":"Vardagsliv","link":"https:\/\/blogg.fumei.se\/?cat=47"},"img":{"alt_text":"","src":"","width":0,"height":0},"classes":[]},{"id":1213,"url":"https:\/\/blogg.fumei.se\/?p=1213","url_meta":{"origin":49,"position":3},"title":"Idag \u00e4r ingen vanlig dag&#8230;","author":"M :)","date":"2009-12-17","format":false,"excerpt":"...f\u00f6r idag \u00e4r det Emmas f\u00f6delsedag! Grattis p\u00e5 20-\u00e5rsdagen fr\u00e5n oss h\u00e4r i bonnh\u00e5lan! ;)","rel":"","context":"I \u201dVardagsliv\u201d","block_context":{"text":"Vardagsliv","link":"https:\/\/blogg.fumei.se\/?cat=47"},"img":{"alt_text":"","src":"","width":0,"height":0},"classes":[]},{"id":186,"url":"https:\/\/blogg.fumei.se\/?p=186","url_meta":{"origin":49,"position":4},"title":"Idag \u00e4r ingen vanlig dag&#8230;","author":"EmEff","date":"2010-08-23","format":false,"excerpt":"f\u00f6r idag \u00e4r det Fridas f\u00f6delsedag! GRATTIS \u00f6nskar moster Tella, Fia och Robin.\u00a0 \u00a0","rel":"","context":"I \u201dVardagsliv\u201d","block_context":{"text":"Vardagsliv","link":"https:\/\/blogg.fumei.se\/?cat=47"},"img":{"alt_text":"","src":"","width":0,"height":0},"classes":[]},{"id":4263,"url":"https:\/\/blogg.fumei.se\/?p=4263","url_meta":{"origin":49,"position":5},"title":"Mormors tjej","author":"M :)","date":"2017-03-15","format":false,"excerpt":"Idag \u00e4r ingen vanlig dag, f\u00f6r idag \u00e4r det Juliahs f\u00f6delsedag! GRATTIS \u00f6nskar mormor \u2665","rel":"","context":"I \u201dFamiljen\u201d","block_context":{"text":"Familjen","link":"https:\/\/blogg.fumei.se\/?cat=34"},"img":{"alt_text":"","src":"https:\/\/i0.wp.com\/blogg.fumei.se\/wp-content\/uploads\/2017\/03\/Juliah3-emeff2017.png?resize=350%2C200","width":350,"height":200,"srcset":"https:\/\/i0.wp.com\/blogg.fumei.se\/wp-content\/uploads\/2017\/03\/Juliah3-emeff2017.png?resize=350%2C200 1x, https:\/\/i0.wp.com\/blogg.fumei.se\/wp-content\/uploads\/2017\/03\/Juliah3-emeff2017.png?resize=525%2C300 1.5x"},"classes":[]}],"_links":{"self":[{"href":"https:\/\/blogg.fumei.se\/index.php?rest_route=\/wp\/v2\/posts\/49","targetHints":{"allow":["GET"]}}],"collection":[{"href":"https:\/\/blogg.fumei.se\/index.php?rest_route=\/wp\/v2\/posts"}],"about":[{"href":"https:\/\/blogg.fumei.se\/index.php?rest_route=\/wp\/v2\/types\/post"}],"author":[{"embeddable":true,"href":"https:\/\/blogg.fumei.se\/index.php?rest_route=\/wp\/v2\/users\/1"}],"replies":[{"embeddable":true,"href":"https:\/\/blogg.fumei.se\/index.php?rest_route=%2Fwp%2Fv2%2Fcomments&post=49"}],"version-history":[{"count":2,"href":"https:\/\/blogg.fumei.se\/index.php?rest_route=\/wp\/v2\/posts\/49\/revisions"}],"predecessor-version":[{"id":1317,"href":"https:\/\/blogg.fumei.se\/index.php?rest_route=\/wp\/v2\/posts\/49\/revisions\/1317"}],"wp:attachment":[{"href":"https:\/\/blogg.fumei.se\/index.php?rest_route=%2Fwp%2Fv2%2Fmedia&parent=49"}],"wp:term":[{"taxonomy":"category","embeddable":true,"href":"https:\/\/blogg.fumei.se\/index.php?rest_route=%2Fwp%2Fv2%2Fcategories&post=49"},{"taxonomy":"post_tag","embeddable":true,"href":"https:\/\/blogg.fumei.se\/index.php?rest_route=%2Fwp%2Fv2%2Ftags&post=49"}],"curies":[{"name":"wp","href":"https:\/\/api.w.org\/{rel}","templated":true}]}}