{"id":4913,"date":"2017-12-19T19:45:00","date_gmt":"2017-12-19T18:45:00","guid":{"rendered":"https:\/\/blogg.fumei.se\/?p=4913"},"modified":"2024-04-01T19:29:33","modified_gmt":"2024-04-01T17:29:33","slug":"vila-i-frid","status":"publish","type":"post","link":"https:\/\/blogg.fumei.se\/?p=4913","title":{"rendered":"Vila i frid"},"content":{"rendered":"\n<p>Idag har jag varit p\u00e5 begravning. En kollega som ocks\u00e5 blev en v\u00e4n, men som tyv\u00e4rr valde fel v\u00e4g i livet, och nu inte finns med oss l\u00e4ngre.<\/p>\n\n\n\n<p>Sov gott, finaste Magda! Du kommer f\u00f6r alltid att vara saknad! <\/p>\n\n\n\n<figure class=\"wp-block-gallery has-nested-images columns-default is-cropped wp-block-gallery-1 is-layout-flex wp-block-gallery-is-layout-flex\">\n<figure class=\"wp-block-image size-large\"><img data-recalc-dims=\"1\" loading=\"lazy\" decoding=\"async\" width=\"453\" height=\"604\" data-attachment-id=\"4914\" data-permalink=\"https:\/\/blogg.fumei.se\/?attachment_id=4914\" data-orig-file=\"https:\/\/i0.wp.com\/blogg.fumei.se\/wp-content\/uploads\/2022\/10\/A8CBBB69-F25B-4DC4-B2FF-6C09ED0229C0.jpeg?fit=453%2C604&amp;ssl=1\" data-orig-size=\"453,604\" data-comments-opened=\"1\" data-image-meta=\"{&quot;aperture&quot;:&quot;0&quot;,&quot;credit&quot;:&quot;&quot;,&quot;camera&quot;:&quot;&quot;,&quot;caption&quot;:&quot;&quot;,&quot;created_timestamp&quot;:&quot;0&quot;,&quot;copyright&quot;:&quot;&quot;,&quot;focal_length&quot;:&quot;0&quot;,&quot;iso&quot;:&quot;0&quot;,&quot;shutter_speed&quot;:&quot;0&quot;,&quot;title&quot;:&quot;&quot;,&quot;orientation&quot;:&quot;0&quot;}\" data-image-title=\"\" data-image-description=\"\" data-image-caption=\"\" data-large-file=\"https:\/\/i0.wp.com\/blogg.fumei.se\/wp-content\/uploads\/2022\/10\/A8CBBB69-F25B-4DC4-B2FF-6C09ED0229C0.jpeg?fit=453%2C604&amp;ssl=1\" data-id=\"4914\" src=\"https:\/\/i0.wp.com\/blogg.fumei.se\/wp-content\/uploads\/2022\/10\/A8CBBB69-F25B-4DC4-B2FF-6C09ED0229C0.jpeg?resize=453%2C604&#038;ssl=1\" alt=\"\" class=\"wp-image-4914\" srcset=\"https:\/\/i0.wp.com\/blogg.fumei.se\/wp-content\/uploads\/2022\/10\/A8CBBB69-F25B-4DC4-B2FF-6C09ED0229C0.jpeg?w=453&amp;ssl=1 453w, https:\/\/i0.wp.com\/blogg.fumei.se\/wp-content\/uploads\/2022\/10\/A8CBBB69-F25B-4DC4-B2FF-6C09ED0229C0.jpeg?resize=225%2C300&amp;ssl=1 225w\" sizes=\"auto, (max-width: 453px) 100vw, 453px\" \/><\/figure>\n\n\n\n<figure class=\"wp-block-image size-large\"><img data-recalc-dims=\"1\" loading=\"lazy\" decoding=\"async\" width=\"640\" height=\"853\" data-attachment-id=\"4915\" data-permalink=\"https:\/\/blogg.fumei.se\/?attachment_id=4915\" data-orig-file=\"https:\/\/i0.wp.com\/blogg.fumei.se\/wp-content\/uploads\/2022\/10\/58A10EB2-7DFF-478B-AA7E-B083EEA1E785-scaled.jpeg?fit=1920%2C2560&amp;ssl=1\" data-orig-size=\"1920,2560\" data-comments-opened=\"1\" data-image-meta=\"{&quot;aperture&quot;:&quot;1.7&quot;,&quot;credit&quot;:&quot;&quot;,&quot;camera&quot;:&quot;SM-G930F&quot;,&quot;caption&quot;:&quot;&quot;,&quot;created_timestamp&quot;:&quot;1513677619&quot;,&quot;copyright&quot;:&quot;&quot;,&quot;focal_length&quot;:&quot;4.2&quot;,&quot;iso&quot;:&quot;125&quot;,&quot;shutter_speed&quot;:&quot;0.02&quot;,&quot;title&quot;:&quot;&quot;,&quot;orientation&quot;:&quot;1&quot;}\" data-image-title=\"58A10EB2-7DFF-478B-AA7E-B083EEA1E785\" data-image-description=\"\" data-image-caption=\"\" data-large-file=\"https:\/\/i0.wp.com\/blogg.fumei.se\/wp-content\/uploads\/2022\/10\/58A10EB2-7DFF-478B-AA7E-B083EEA1E785-scaled.jpeg?fit=488%2C650&amp;ssl=1\" data-id=\"4915\" src=\"https:\/\/i0.wp.com\/blogg.fumei.se\/wp-content\/uploads\/2022\/10\/58A10EB2-7DFF-478B-AA7E-B083EEA1E785-scaled.jpeg?resize=640%2C853&#038;ssl=1\" alt=\"\" class=\"wp-image-4915\" srcset=\"https:\/\/i0.wp.com\/blogg.fumei.se\/wp-content\/uploads\/2022\/10\/58A10EB2-7DFF-478B-AA7E-B083EEA1E785-scaled.jpeg?w=1920&amp;ssl=1 1920w, https:\/\/i0.wp.com\/blogg.fumei.se\/wp-content\/uploads\/2022\/10\/58A10EB2-7DFF-478B-AA7E-B083EEA1E785-scaled.jpeg?resize=225%2C300&amp;ssl=1 225w, https:\/\/i0.wp.com\/blogg.fumei.se\/wp-content\/uploads\/2022\/10\/58A10EB2-7DFF-478B-AA7E-B083EEA1E785-scaled.jpeg?resize=488%2C650&amp;ssl=1 488w, https:\/\/i0.wp.com\/blogg.fumei.se\/wp-content\/uploads\/2022\/10\/58A10EB2-7DFF-478B-AA7E-B083EEA1E785-scaled.jpeg?resize=768%2C1024&amp;ssl=1 768w, https:\/\/i0.wp.com\/blogg.fumei.se\/wp-content\/uploads\/2022\/10\/58A10EB2-7DFF-478B-AA7E-B083EEA1E785-scaled.jpeg?resize=1152%2C1536&amp;ssl=1 1152w, https:\/\/i0.wp.com\/blogg.fumei.se\/wp-content\/uploads\/2022\/10\/58A10EB2-7DFF-478B-AA7E-B083EEA1E785-scaled.jpeg?resize=1536%2C2048&amp;ssl=1 1536w, https:\/\/i0.wp.com\/blogg.fumei.se\/wp-content\/uploads\/2022\/10\/58A10EB2-7DFF-478B-AA7E-B083EEA1E785-scaled.jpeg?w=1280&amp;ssl=1 1280w\" sizes=\"auto, (max-width: 640px) 100vw, 640px\" \/><\/figure>\n<\/figure>\n","protected":false},"excerpt":{"rendered":"<p>Idag har jag varit p\u00e5 begravning. En kollega som ocks\u00e5 blev en v\u00e4n, men som tyv\u00e4rr valde fel v\u00e4g i livet, och nu inte finns med oss l\u00e4ngre. Sov gott, finaste Magda! Du kommer f\u00f6r alltid att vara saknad!<\/p>\n","protected":false},"author":1,"featured_media":0,"comment_status":"open","ping_status":"open","sticky":false,"template":"","format":"standard","meta":{"jetpack_post_was_ever_published":false,"_jetpack_newsletter_access":"","_jetpack_dont_email_post_to_subs":false,"_jetpack_newsletter_tier_id":0,"_jetpack_memberships_contains_paywalled_content":false,"_jetpack_memberships_contains_paid_content":false,"footnotes":"","jetpack_publicize_message":"","jetpack_publicize_feature_enabled":true,"jetpack_social_post_already_shared":true,"jetpack_social_options":{"image_generator_settings":{"template":"highway","default_image_id":0,"font":"","enabled":false},"version":2}},"categories":[47],"tags":[438,579,230],"class_list":["post-4913","post","type-post","status-publish","format-standard","hentry","category-vardagsliv","tag-begravning","tag-jordfastning","tag-sorg"],"jetpack_publicize_connections":[],"jetpack_featured_media_url":"","jetpack_shortlink":"https:\/\/wp.me\/p3qko4-1hf","jetpack_sharing_enabled":true,"jetpack_likes_enabled":true,"jetpack-related-posts":[{"id":4339,"url":"https:\/\/blogg.fumei.se\/?p=4339","url_meta":{"origin":4913,"position":0},"title":"Att ta adj\u00f6","author":"M :)","date":"2017-03-30","format":false,"excerpt":"Ig\u00e5r hade vi begravning f\u00f6r pappa. Mamma, vi barn, barnbarn och barnbarnsbarn, Hanne och Flemming samt m\u00e5nga av mamma och pappas v\u00e4nner. Dessutom var Sylwia med, och Jorge kom ocks\u00e5. Ceremonin h\u00f6lls i kyrkans hus i Floby, och efter\u00e5t gick vi alla till en annan lokal d\u00e4r vi fikade. Det\u2026","rel":"","context":"I \u201dFamiljen\u201d","block_context":{"text":"Familjen","link":"https:\/\/blogg.fumei.se\/?cat=34"},"img":{"alt_text":"","src":"https:\/\/i0.wp.com\/blogg.fumei.se\/wp-content\/uploads\/2017\/12\/20170329_123844-e1512210110370.jpg?resize=350%2C200","width":350,"height":200,"srcset":"https:\/\/i0.wp.com\/blogg.fumei.se\/wp-content\/uploads\/2017\/12\/20170329_123844-e1512210110370.jpg?resize=350%2C200 1x, https:\/\/i0.wp.com\/blogg.fumei.se\/wp-content\/uploads\/2017\/12\/20170329_123844-e1512210110370.jpg?resize=525%2C300 1.5x, https:\/\/i0.wp.com\/blogg.fumei.se\/wp-content\/uploads\/2017\/12\/20170329_123844-e1512210110370.jpg?resize=700%2C400 2x, https:\/\/i0.wp.com\/blogg.fumei.se\/wp-content\/uploads\/2017\/12\/20170329_123844-e1512210110370.jpg?resize=1050%2C600 3x, https:\/\/i0.wp.com\/blogg.fumei.se\/wp-content\/uploads\/2017\/12\/20170329_123844-e1512210110370.jpg?resize=1400%2C800 4x"},"classes":[]},{"id":535,"url":"https:\/\/blogg.fumei.se\/?p=535","url_meta":{"origin":4913,"position":1},"title":"En liten lista jag hittade n\u00e5nstans","author":"M :)","date":"2008-09-16","format":false,"excerpt":"Associationslista(skriv det f\u00f6rsta ordet du t\u00e4nker p\u00e5)Gr\u00f6n: Gr\u00e4sParis: EiffeltornetUSA: StortElvisp: Gr\u00e4ddeKrulligt: Afroh\u00e5rAlkohol: \u00d6lSkr\u00e4ckfilm: EntitySkitfilm: Allt med Steven SegalDricka: VattenDestruktiv: IlskaVarmt: SommarD\u00f6den: SorgBegravning: LedsenBr\u00f6llop: VittSommar: SolDjurpark: Bor\u00e5sVinterlek: PulkaGodis: lakritsMardr\u00f6m: HemsktSk\u00f6nt: SovaVass: KnivSmycke: halsbandPolitik: SkitParis Hilton: Stackars lilla rika flickaSysl\u00f6jd: MammaPyssel: JulV\u00e4xt: Gr\u00f6ntPicasso: Konstiga tavlorMusik: RockOst: H\u00e5lFrukt: \u00c4ppleKusin: KirstenDoft: VanderbiltPizza: CapricciosaGott: Thai\u00c4ckligt:\u2026","rel":"","context":"I \u201dListor\u201d","block_context":{"text":"Listor","link":"https:\/\/blogg.fumei.se\/?cat=633"},"img":{"alt_text":"","src":"","width":0,"height":0},"classes":[]},{"id":1181,"url":"https:\/\/blogg.fumei.se\/?p=1181","url_meta":{"origin":4913,"position":2},"title":"Tjejsnack vecka 48","author":"M :)","date":"2009-11-29","format":false,"excerpt":"Vill du ocks\u00e5 vara med? Du hittar Tjejsnack h\u00e4r. L\u00e5tar 1. En l\u00e5t som betyder mycket f\u00f6r dig, av vilken anledning?Love bites med Def Leppard. En favoritl\u00e5t i flera \u00e5r under 90-talet, och senare spelad p\u00e5 en mycket god v\u00e4ns alltf\u00f6r tidiga\u00a0begravning. 2. En l\u00e5t du aldrig mer vill h\u00f6ra,\u2026","rel":"","context":"I \u201dVardagsliv\u201d","block_context":{"text":"Vardagsliv","link":"https:\/\/blogg.fumei.se\/?cat=47"},"img":{"alt_text":"","src":"https:\/\/i0.wp.com\/img.youtube.com\/vi\/yHYALTY3iek\/0.jpg?resize=350%2C200","width":350,"height":200},"classes":[]},{"id":5089,"url":"https:\/\/blogg.fumei.se\/?p=5089","url_meta":{"origin":4913,"position":3},"title":"Hej d\u00e5 mamma!","author":"M :)","date":"2022-04-01","format":false,"excerpt":"Ig\u00e5r h\u00f6ll vi begravningsceremoni f\u00f6r mamma. Det var en jobbig och tung, men samtidigt fin dag. Flera av mammas (och pappas) v\u00e4nner kom f\u00f6r att ta ett sista farv\u00e4l tillsammans med familjen, \u00e4ven Jorge d\u00f6k upp. Mamma hade valt att kremeras och att urnan skulle s\u00e4ttas ner i askgravlunden p\u00e5\u2026","rel":"","context":"I \u201dFamiljen\u201d","block_context":{"text":"Familjen","link":"https:\/\/blogg.fumei.se\/?cat=34"},"img":{"alt_text":"","src":"https:\/\/i0.wp.com\/blogg.fumei.se\/wp-content\/uploads\/2022\/11\/9DC6C70F-2A67-4157-B833-643FBDE5E2D5_1_105_c.jpeg?resize=350%2C200","width":350,"height":200,"srcset":"https:\/\/i0.wp.com\/blogg.fumei.se\/wp-content\/uploads\/2022\/11\/9DC6C70F-2A67-4157-B833-643FBDE5E2D5_1_105_c.jpeg?resize=350%2C200 1x, https:\/\/i0.wp.com\/blogg.fumei.se\/wp-content\/uploads\/2022\/11\/9DC6C70F-2A67-4157-B833-643FBDE5E2D5_1_105_c.jpeg?resize=525%2C300 1.5x, https:\/\/i0.wp.com\/blogg.fumei.se\/wp-content\/uploads\/2022\/11\/9DC6C70F-2A67-4157-B833-643FBDE5E2D5_1_105_c.jpeg?resize=700%2C400 2x"},"classes":[]},{"id":1034,"url":"https:\/\/blogg.fumei.se\/?p=1034","url_meta":{"origin":4913,"position":4},"title":"Tjejsnack vecka 27","author":"M :)","date":"2009-07-09","format":false,"excerpt":"Vill du ocks\u00e5 vara med? Du hittar Tjejsnack h\u00e4r.D\u00f6den 1. \u00c4r du r\u00e4dd f\u00f6r att d\u00f6? Nej. D\u00e4remot \u00e4r jag r\u00e4dd f\u00f6r att jag ska d\u00f6 p\u00e5 ett onaturligt s\u00e4tt; genom en olycka eller liknande. 2. Har du varit p\u00e5 n\u00e5gons begravning? Ja. N\u00e4r jag gick i gymnasiet var det\u2026","rel":"","context":"I \u201dVardagsliv\u201d","block_context":{"text":"Vardagsliv","link":"https:\/\/blogg.fumei.se\/?cat=47"},"img":{"alt_text":"","src":"","width":0,"height":0},"classes":[]},{"id":1089,"url":"https:\/\/blogg.fumei.se\/?p=1089","url_meta":{"origin":4913,"position":5},"title":"Tjejsnack vecka 40","author":"M :)","date":"2009-09-28","format":false,"excerpt":"Vill du ocks\u00e5 vara med? Du hittar Tjejsnack h\u00e4r.Sjukligt 1. Vilka barnsjukdomar har du haft?Jag har haft vattenkoppor och p\u00e5ssjuka. Det \u00e4r de enda jag s\u00e4kert vet om. N\u00e5gra blev man ju vaccinerad emot \"p\u00e5 min tid\"; m\u00e4sslingen, r\u00f6da hund och n\u00e5n mer. Just ja, polio, men den r\u00e4knas inte...2.\u2026","rel":"","context":"I \u201dVardagsliv\u201d","block_context":{"text":"Vardagsliv","link":"https:\/\/blogg.fumei.se\/?cat=47"},"img":{"alt_text":"","src":"","width":0,"height":0},"classes":[]}],"_links":{"self":[{"href":"https:\/\/blogg.fumei.se\/index.php?rest_route=\/wp\/v2\/posts\/4913","targetHints":{"allow":["GET"]}}],"collection":[{"href":"https:\/\/blogg.fumei.se\/index.php?rest_route=\/wp\/v2\/posts"}],"about":[{"href":"https:\/\/blogg.fumei.se\/index.php?rest_route=\/wp\/v2\/types\/post"}],"author":[{"embeddable":true,"href":"https:\/\/blogg.fumei.se\/index.php?rest_route=\/wp\/v2\/users\/1"}],"replies":[{"embeddable":true,"href":"https:\/\/blogg.fumei.se\/index.php?rest_route=%2Fwp%2Fv2%2Fcomments&post=4913"}],"version-history":[{"count":1,"href":"https:\/\/blogg.fumei.se\/index.php?rest_route=\/wp\/v2\/posts\/4913\/revisions"}],"predecessor-version":[{"id":4917,"href":"https:\/\/blogg.fumei.se\/index.php?rest_route=\/wp\/v2\/posts\/4913\/revisions\/4917"}],"wp:attachment":[{"href":"https:\/\/blogg.fumei.se\/index.php?rest_route=%2Fwp%2Fv2%2Fmedia&parent=4913"}],"wp:term":[{"taxonomy":"category","embeddable":true,"href":"https:\/\/blogg.fumei.se\/index.php?rest_route=%2Fwp%2Fv2%2Fcategories&post=4913"},{"taxonomy":"post_tag","embeddable":true,"href":"https:\/\/blogg.fumei.se\/index.php?rest_route=%2Fwp%2Fv2%2Ftags&post=4913"}],"curies":[{"name":"wp","href":"https:\/\/api.w.org\/{rel}","templated":true}]}}