{"id":4931,"date":"2018-01-03T13:32:00","date_gmt":"2018-01-03T12:32:00","guid":{"rendered":"https:\/\/blogg.fumei.se\/?p=4931"},"modified":"2024-04-01T19:34:07","modified_gmt":"2024-04-01T17:34:07","slug":"skyddad","status":"publish","type":"post","link":"https:\/\/blogg.fumei.se\/?p=4931","title":{"rendered":"Skyddad"},"content":{"rendered":"\n<p>F\u00f6r ett tag sedan uppt\u00e4cktes att en man som kommit in p\u00e5 en v\u00e5rdcentral h\u00e4r i G\u00f6teborg hade m\u00e4sslingen. M\u00e4ssling \u00e4r en v\u00e4ldigt smittsam visrussjukdom, den smittar via luften n\u00e4r den som \u00e4r sjuk hostar eller nyser, s\u00e5 p\u00e5 den h\u00e4r v\u00e5rdcentralen blev man tvungna att smittsp\u00e5ra alla som befunnit sig i lokalerna vid samma tidpunkt som den sjuke mannen.<\/p>\n\n\n\n<p>M\u00e4ssling yttrar sig som s\u00e5 att du f\u00e5r feber, torrhosta, och dina \u00f6gon kan bli r\u00f6da och irriterade, och efter n\u00e5gra dagar f\u00e5r du utslag. Man kan f\u00e5 m\u00e4ssling om man inte har haft det innan och inte \u00e4r vaccinerad mot det. Har man d\u00e4remot haft det s\u00e5 \u00e4r man immun, men har man f\u00e5tt vaccin som barn, s\u00e5 rekommenderas man i vissa fall att vaccinera sig igen i vuxen \u00e5lder.<\/p>\n\n\n\n<p>Vi som jobbar i sjukv\u00e5rden \u00e4r ju ofta extra utsatta f\u00f6r olika virus och bakterier, s\u00e5 vi f\u00e5r n\u00e4stan alltid direktiv att uppdatera v\u00e5ra vaccin n\u00e4r s\u00e5dant h\u00e4r intr\u00e4ffar. D\u00e4rf\u00f6r har jag idag f\u00e5tt m\u00e4sslingsvaccin.<\/p>\n\n\n\n<p>Om du inte \u00e4r vaccinerad, eller om du, som jag, fick ditt vaccin n\u00e4r du var liten, s\u00e5 g\u00e5 g\u00e4rna och f\u00e5 en spruta. S\u00f6k p\u00e5 1177.se efter n\u00e4rmaste vaccinationsst\u00e4lle.<\/p>\n","protected":false},"excerpt":{"rendered":"<p>F\u00f6r ett tag sedan uppt\u00e4cktes att en man som kommit in p\u00e5 en v\u00e5rdcentral h\u00e4r i G\u00f6teborg hade m\u00e4sslingen. M\u00e4ssling \u00e4r en v\u00e4ldigt smittsam visrussjukdom, den smittar via luften n\u00e4r den som \u00e4r sjuk hostar eller nyser, s\u00e5 p\u00e5 den h\u00e4r v\u00e5rdcentralen blev man tvungna att smittsp\u00e5ra alla som befunnit sig i lokalerna vid samma&#8230;<\/p>\n","protected":false},"author":1,"featured_media":0,"comment_status":"open","ping_status":"open","sticky":false,"template":"","format":"standard","meta":{"jetpack_post_was_ever_published":false,"_jetpack_newsletter_access":"","_jetpack_dont_email_post_to_subs":false,"_jetpack_newsletter_tier_id":0,"_jetpack_memberships_contains_paywalled_content":false,"_jetpack_memberships_contains_paid_content":false,"footnotes":"","jetpack_publicize_message":"","jetpack_publicize_feature_enabled":true,"jetpack_social_post_already_shared":true,"jetpack_social_options":{"image_generator_settings":{"template":"highway","default_image_id":0,"font":"","enabled":false},"version":2}},"categories":[47],"tags":[589,590],"class_list":["post-4931","post","type-post","status-publish","format-standard","hentry","category-vardagsliv","tag-massling","tag-vaccin"],"jetpack_publicize_connections":[],"jetpack_featured_media_url":"","jetpack_shortlink":"https:\/\/wp.me\/s3qko4-skyddad","jetpack_sharing_enabled":true,"jetpack_likes_enabled":true,"jetpack-related-posts":[{"id":1089,"url":"https:\/\/blogg.fumei.se\/?p=1089","url_meta":{"origin":4931,"position":0},"title":"Tjejsnack vecka 40","author":"M :)","date":"2009-09-28","format":false,"excerpt":"Vill du ocks\u00e5 vara med? Du hittar Tjejsnack h\u00e4r.Sjukligt 1. Vilka barnsjukdomar har du haft?Jag har haft vattenkoppor och p\u00e5ssjuka. Det \u00e4r de enda jag s\u00e4kert vet om. N\u00e5gra blev man ju vaccinerad emot \"p\u00e5 min tid\"; m\u00e4sslingen, r\u00f6da hund och n\u00e5n mer. Just ja, polio, men den r\u00e4knas inte...2.\u2026","rel":"","context":"I \u201dVardagsliv\u201d","block_context":{"text":"Vardagsliv","link":"https:\/\/blogg.fumei.se\/?cat=47"},"img":{"alt_text":"","src":"","width":0,"height":0},"classes":[]},{"id":5033,"url":"https:\/\/blogg.fumei.se\/?p=5033","url_meta":{"origin":4931,"position":1},"title":"Besked","author":"M :)","date":"2018-09-28","format":false,"excerpt":"Jag har sedan strax efter att jag b\u00f6rjade jobba p\u00e5 barnmorskemottagningen haft problem med sm\u00e4rta i min v\u00e4nstra arm. Det \u00e4r en lite diffus men \u00e4nd\u00e5 v\u00e4ldigt p\u00e5taglig sm\u00e4rta, som liksom sitter inuti armen, det spelar ingen roll om jag nyper eller kl\u00e4mmer eller vad jag g\u00f6r med armen, s\u00e5\u2026","rel":"","context":"I \u201dVardagsliv\u201d","block_context":{"text":"Vardagsliv","link":"https:\/\/blogg.fumei.se\/?cat=47"},"img":{"alt_text":"","src":"https:\/\/i0.wp.com\/blogg.fumei.se\/wp-content\/uploads\/2022\/10\/Ska%CC%88rmavbild-2022-10-30-kl.-13.49.35.jpeg?resize=350%2C200&ssl=1","width":350,"height":200,"srcset":"https:\/\/i0.wp.com\/blogg.fumei.se\/wp-content\/uploads\/2022\/10\/Ska%CC%88rmavbild-2022-10-30-kl.-13.49.35.jpeg?resize=350%2C200&ssl=1 1x, https:\/\/i0.wp.com\/blogg.fumei.se\/wp-content\/uploads\/2022\/10\/Ska%CC%88rmavbild-2022-10-30-kl.-13.49.35.jpeg?resize=525%2C300&ssl=1 1.5x, https:\/\/i0.wp.com\/blogg.fumei.se\/wp-content\/uploads\/2022\/10\/Ska%CC%88rmavbild-2022-10-30-kl.-13.49.35.jpeg?resize=700%2C400&ssl=1 2x, https:\/\/i0.wp.com\/blogg.fumei.se\/wp-content\/uploads\/2022\/10\/Ska%CC%88rmavbild-2022-10-30-kl.-13.49.35.jpeg?resize=1050%2C600&ssl=1 3x"},"classes":[]},{"id":1709,"url":"https:\/\/blogg.fumei.se\/?p=1709","url_meta":{"origin":4931,"position":2},"title":"B\u00e4ttre","author":"M :)","date":"2011-11-11","format":false,"excerpt":"Kort, men intensivt. S\u00e5 kan man sammanfatta mitt bes\u00f6k p\u00e5 v\u00e5rdcentralen idag. Jag kom dit, doktorn tittade och hon konstaterade genast att jag hade en infektion. Duktig doktor, det d\u00e4r, med tanke p\u00e5 att jag ocks\u00e5 redan fattat det. S\u00e5 jag fick ett fotbad i gr\u00f6ns\u00e5pa (tydligen \u00e4r det otroligt\u2026","rel":"","context":"I \u201dVardagsliv\u201d","block_context":{"text":"Vardagsliv","link":"https:\/\/blogg.fumei.se\/?cat=47"},"img":{"alt_text":"","src":"https:\/\/i0.wp.com\/blogg.fumei.se\/wp-content\/uploads\/2011\/11\/2011-11-11-11.01.17.jpg?resize=350%2C200","width":350,"height":200},"classes":[]},{"id":1702,"url":"https:\/\/blogg.fumei.se\/?p=1702","url_meta":{"origin":4931,"position":3},"title":"Och vad h\u00e4nde h\u00e4r, d\u00e5?","author":"M :)","date":"2011-11-10","format":false,"excerpt":"Ig\u00e5r morse n\u00e4r jag vaknade hade jag ont i en t\u00e5. T\u00e4nkte inte s\u00e5 mycket p\u00e5 vad det kunde vara f\u00f6rr\u00e4n jag knappt fick p\u00e5 mig skon n\u00e4r jag skulle ut med hunden. \u00c4nnu senare p\u00e5 eftermiddagen hade jag sv\u00e5rt att sova inf\u00f6r nattjobb\u00a0\u00a0f\u00f6r att det gjorde mer och mer\u2026","rel":"","context":"I \u201dVardagsliv\u201d","block_context":{"text":"Vardagsliv","link":"https:\/\/blogg.fumei.se\/?cat=47"},"img":{"alt_text":"","src":"","width":0,"height":0},"classes":[]},{"id":3902,"url":"https:\/\/blogg.fumei.se\/?p=3902","url_meta":{"origin":4931,"position":4},"title":"Sjukstuga no more!","author":"M :)","date":"2016-06-14","format":false,"excerpt":"\u00c4ntligen \u00e4r b\u00e5de sten och pyelostomiketeter borta! Jag fick f\u00f6rst en tid f\u00f6r operation den 17:e Juni, men s\u00e5 kom det ett brev d\u00e4r de beklagade att de hade f\u00e5tt flytta fram operationsdatumet till den 29:e Juni ist\u00e4llet. Den 7:e Juni var jag p\u00e5 urologmottagningen f\u00f6r bed\u00f6mning, provtagning och inskrivning\u2026","rel":"","context":"I \u201dVardagsliv\u201d","block_context":{"text":"Vardagsliv","link":"https:\/\/blogg.fumei.se\/?cat=47"},"img":{"alt_text":"","src":"","width":0,"height":0},"classes":[]},{"id":1138,"url":"https:\/\/blogg.fumei.se\/?p=1138","url_meta":{"origin":4931,"position":5},"title":"Bleurgh-morgon","author":"M :)","date":"2009-09-01","format":false,"excerpt":"J\u00e4ttekul morgon. Verkligen. Det b\u00f6rjade redan ig\u00e5r kv\u00e4ll. Fia hittar inte sitt tillf\u00e4lliga resepass till skolan, s\u00e5 ig\u00e5r hade hon f\u00e5tt l\u00e5na ett fritidskort av en kompis. Idag g\u00e4ller inte f-kort dygnet runt l\u00e4ngre, s\u00e5 nu m\u00e5ste hon ha skolkort. Hon f\u00f6rs\u00f6kte f\u00e5 lift med en klasskompis som har k\u00f6rkort,\u2026","rel":"","context":"I \u201dVardagsliv\u201d","block_context":{"text":"Vardagsliv","link":"https:\/\/blogg.fumei.se\/?cat=47"},"img":{"alt_text":"","src":"","width":0,"height":0},"classes":[]}],"_links":{"self":[{"href":"https:\/\/blogg.fumei.se\/index.php?rest_route=\/wp\/v2\/posts\/4931","targetHints":{"allow":["GET"]}}],"collection":[{"href":"https:\/\/blogg.fumei.se\/index.php?rest_route=\/wp\/v2\/posts"}],"about":[{"href":"https:\/\/blogg.fumei.se\/index.php?rest_route=\/wp\/v2\/types\/post"}],"author":[{"embeddable":true,"href":"https:\/\/blogg.fumei.se\/index.php?rest_route=\/wp\/v2\/users\/1"}],"replies":[{"embeddable":true,"href":"https:\/\/blogg.fumei.se\/index.php?rest_route=%2Fwp%2Fv2%2Fcomments&post=4931"}],"version-history":[{"count":1,"href":"https:\/\/blogg.fumei.se\/index.php?rest_route=\/wp\/v2\/posts\/4931\/revisions"}],"predecessor-version":[{"id":4932,"href":"https:\/\/blogg.fumei.se\/index.php?rest_route=\/wp\/v2\/posts\/4931\/revisions\/4932"}],"wp:attachment":[{"href":"https:\/\/blogg.fumei.se\/index.php?rest_route=%2Fwp%2Fv2%2Fmedia&parent=4931"}],"wp:term":[{"taxonomy":"category","embeddable":true,"href":"https:\/\/blogg.fumei.se\/index.php?rest_route=%2Fwp%2Fv2%2Fcategories&post=4931"},{"taxonomy":"post_tag","embeddable":true,"href":"https:\/\/blogg.fumei.se\/index.php?rest_route=%2Fwp%2Fv2%2Ftags&post=4931"}],"curies":[{"name":"wp","href":"https:\/\/api.w.org\/{rel}","templated":true}]}}