{"id":4947,"date":"2018-03-15T18:21:00","date_gmt":"2018-03-15T17:21:00","guid":{"rendered":"https:\/\/blogg.fumei.se\/?p=4947"},"modified":"2024-04-01T19:41:59","modified_gmt":"2024-04-01T17:41:59","slug":"tack-och-adjo","status":"publish","type":"post","link":"https:\/\/blogg.fumei.se\/?p=4947","title":{"rendered":"Tack och adj\u00f6!"},"content":{"rendered":"\n<p>Idag gjorde jag mitt sista arbetspass som anst\u00e4lld p\u00e5 IVA avdelning 343 \u00d6stra sjukhuset.<\/p>\n\n\n\n<p>Det har varit 3 1\/2 givande, l\u00e4rorika, intressanta, sp\u00e4nnande och roliga \u00e5r, men nu g\u00e5r jag vidare till nya utmaningar.<br \/>Tack f\u00f6r den h\u00e4r tiden!<\/p>\n\n\n\n<figure class=\"wp-block-image size-large\"><img data-recalc-dims=\"1\" loading=\"lazy\" decoding=\"async\" width=\"640\" height=\"640\" data-attachment-id=\"4948\" data-permalink=\"https:\/\/blogg.fumei.se\/?attachment_id=4948\" data-orig-file=\"https:\/\/i0.wp.com\/blogg.fumei.se\/wp-content\/uploads\/2022\/10\/964AC2D4-E856-4FD4-84DA-83CA4DED45A6_1_201_a.jpeg?fit=999%2C999&amp;ssl=1\" data-orig-size=\"999,999\" data-comments-opened=\"1\" data-image-meta=\"{&quot;aperture&quot;:&quot;1.7&quot;,&quot;credit&quot;:&quot;&quot;,&quot;camera&quot;:&quot;SM-G930F&quot;,&quot;caption&quot;:&quot;&quot;,&quot;created_timestamp&quot;:&quot;1521119083&quot;,&quot;copyright&quot;:&quot;&quot;,&quot;focal_length&quot;:&quot;4.2&quot;,&quot;iso&quot;:&quot;160&quot;,&quot;shutter_speed&quot;:&quot;0.02&quot;,&quot;title&quot;:&quot;&quot;,&quot;orientation&quot;:&quot;1&quot;}\" data-image-title=\"964AC2D4-E856-4FD4-84DA-83CA4DED45A6_1_201_a\" data-image-description=\"\" data-image-caption=\"\" data-large-file=\"https:\/\/i0.wp.com\/blogg.fumei.se\/wp-content\/uploads\/2022\/10\/964AC2D4-E856-4FD4-84DA-83CA4DED45A6_1_201_a.jpeg?fit=640%2C640&amp;ssl=1\" src=\"https:\/\/i0.wp.com\/blogg.fumei.se\/wp-content\/uploads\/2022\/10\/964AC2D4-E856-4FD4-84DA-83CA4DED45A6_1_201_a.jpeg?resize=640%2C640&#038;ssl=1\" alt=\"\" class=\"wp-image-4948\" srcset=\"https:\/\/i0.wp.com\/blogg.fumei.se\/wp-content\/uploads\/2022\/10\/964AC2D4-E856-4FD4-84DA-83CA4DED45A6_1_201_a.jpeg?resize=650%2C650&amp;ssl=1 650w, https:\/\/i0.wp.com\/blogg.fumei.se\/wp-content\/uploads\/2022\/10\/964AC2D4-E856-4FD4-84DA-83CA4DED45A6_1_201_a.jpeg?resize=300%2C300&amp;ssl=1 300w, https:\/\/i0.wp.com\/blogg.fumei.se\/wp-content\/uploads\/2022\/10\/964AC2D4-E856-4FD4-84DA-83CA4DED45A6_1_201_a.jpeg?resize=180%2C180&amp;ssl=1 180w, https:\/\/i0.wp.com\/blogg.fumei.se\/wp-content\/uploads\/2022\/10\/964AC2D4-E856-4FD4-84DA-83CA4DED45A6_1_201_a.jpeg?resize=768%2C768&amp;ssl=1 768w, https:\/\/i0.wp.com\/blogg.fumei.se\/wp-content\/uploads\/2022\/10\/964AC2D4-E856-4FD4-84DA-83CA4DED45A6_1_201_a.jpeg?w=999&amp;ssl=1 999w\" sizes=\"auto, (max-width: 640px) 100vw, 640px\" \/><\/figure>\n","protected":false},"excerpt":{"rendered":"<p>Idag gjorde jag mitt sista arbetspass som anst\u00e4lld p\u00e5 IVA avdelning 343 \u00d6stra sjukhuset. Det har varit 3 1\/2 givande, l\u00e4rorika, intressanta, sp\u00e4nnande och roliga \u00e5r, men nu g\u00e5r jag vidare till nya utmaningar.Tack f\u00f6r den h\u00e4r tiden!<\/p>\n","protected":false},"author":1,"featured_media":0,"comment_status":"open","ping_status":"open","sticky":false,"template":"","format":"standard","meta":{"jetpack_post_was_ever_published":false,"_jetpack_newsletter_access":"","_jetpack_dont_email_post_to_subs":false,"_jetpack_newsletter_tier_id":0,"_jetpack_memberships_contains_paywalled_content":false,"_jetpack_memberships_contains_paid_content":false,"footnotes":"","jetpack_publicize_message":"","jetpack_publicize_feature_enabled":true,"jetpack_social_post_already_shared":true,"jetpack_social_options":{"image_generator_settings":{"template":"highway","default_image_id":0,"font":"","enabled":false},"version":2}},"categories":[494,47],"tags":[413,602,537,601],"class_list":["post-4947","post","type-post","status-publish","format-standard","hentry","category-jobb","category-vardagsliv","tag-avslut","tag-iva","tag-nytt-jobb","tag-tack-och-hej"],"jetpack_publicize_connections":[],"jetpack_featured_media_url":"","jetpack_shortlink":"https:\/\/wp.me\/p3qko4-1hN","jetpack_sharing_enabled":true,"jetpack_likes_enabled":true,"jetpack-related-posts":[{"id":4959,"url":"https:\/\/blogg.fumei.se\/?p=4959","url_meta":{"origin":4947,"position":0},"title":"Tack f\u00f6r mig","author":"M :)","date":"2018-04-21","format":false,"excerpt":"Jag var och blev avtackad av mitt arbetslag p\u00e5 IVA, lag 4 (och n\u00e5gra till) i m\u00e5ndags. Vi var p\u00e5 en persisk resturang som heter Rumi p\u00e5 3:e L\u00e5nggatan.God mat, trevligt folk och g\u00f6tt tj\u00f6t.Jag fick en present ocks\u00e5: en yogaelefantmyrsloksnalle, som Annelie har sytt! J\u00e4ttefin! Den pryder ny mitt\u2026","rel":"","context":"I \u201dVardagsliv\u201d","block_context":{"text":"Vardagsliv","link":"https:\/\/blogg.fumei.se\/?cat=47"},"img":{"alt_text":"","src":"https:\/\/i0.wp.com\/blogg.fumei.se\/wp-content\/uploads\/2022\/10\/C962CD69-4FF5-4D16-97B7-0DEEF6A21F75-scaled.jpeg?resize=350%2C200","width":350,"height":200,"srcset":"https:\/\/i0.wp.com\/blogg.fumei.se\/wp-content\/uploads\/2022\/10\/C962CD69-4FF5-4D16-97B7-0DEEF6A21F75-scaled.jpeg?resize=350%2C200 1x, https:\/\/i0.wp.com\/blogg.fumei.se\/wp-content\/uploads\/2022\/10\/C962CD69-4FF5-4D16-97B7-0DEEF6A21F75-scaled.jpeg?resize=525%2C300 1.5x, https:\/\/i0.wp.com\/blogg.fumei.se\/wp-content\/uploads\/2022\/10\/C962CD69-4FF5-4D16-97B7-0DEEF6A21F75-scaled.jpeg?resize=700%2C400 2x, https:\/\/i0.wp.com\/blogg.fumei.se\/wp-content\/uploads\/2022\/10\/C962CD69-4FF5-4D16-97B7-0DEEF6A21F75-scaled.jpeg?resize=1050%2C600 3x, https:\/\/i0.wp.com\/blogg.fumei.se\/wp-content\/uploads\/2022\/10\/C962CD69-4FF5-4D16-97B7-0DEEF6A21F75-scaled.jpeg?resize=1400%2C800 4x"},"classes":[]},{"id":4373,"url":"https:\/\/blogg.fumei.se\/?p=4373","url_meta":{"origin":4947,"position":1},"title":"Tidig julklapp","author":"M :)","date":"2017-12-21","format":false,"excerpt":"Eller vad man kan kalla det, n\u00e4r man f\u00e5r ett telefonsamtal om att man f\u00e5tt tj\u00e4nsten man s\u00f6kte! Japp, jag fick jobbet! Den 16:e mars g\u00f6r jag mitt sista arbetspass p\u00e5 IVA, och m\u00e5ndagen efter b\u00f6rjar jag arbeta p\u00e5 MVC Bergsj\u00f6n. Det ska bli roligt, och framf\u00f6rallt kommer jag att\u2026","rel":"","context":"I \u201dJobb\u201d","block_context":{"text":"Jobb","link":"https:\/\/blogg.fumei.se\/?cat=494"},"img":{"alt_text":"","src":"https:\/\/i0.wp.com\/blogg.fumei.se\/wp-content\/uploads\/2018\/01\/ladda-ned.jpg?resize=350%2C200","width":350,"height":200},"classes":[]},{"id":3339,"url":"https:\/\/blogg.fumei.se\/?p=3339","url_meta":{"origin":4947,"position":2},"title":"Slarvmaja","author":"M :)","date":"2014-07-18","format":false,"excerpt":"Jag \u00e4r inget vidare bra p\u00e5 att uppdatera den h\u00e4r bloggen. F\u00e5r blir b\u00e4ttring p\u00e5 det!\u00a0Det har h\u00e4nt massor sen sist, s\u00e5 jag f\u00e5r f\u00f6rs\u00f6kasammanfatta allt. Vi kan b\u00f6rja veckan innan senaste inl\u00e4gget (Juliahs dop), d\u00e5 jag var p\u00e5 megaloppis i Majorna. Det \u00e4r ett \u00e5terkommande evenemang varje sommar, och\u2026","rel":"","context":"I \u201dVardagsliv\u201d","block_context":{"text":"Vardagsliv","link":"https:\/\/blogg.fumei.se\/?cat=47"},"img":{"alt_text":"","src":"https:\/\/i0.wp.com\/blogg.fumei.se\/wp-content\/uploads\/2014\/07\/Examen-fr%C3%A5n-Tinas-tele-678.jpg?resize=350%2C200","width":350,"height":200,"srcset":"https:\/\/i0.wp.com\/blogg.fumei.se\/wp-content\/uploads\/2014\/07\/Examen-fr%C3%A5n-Tinas-tele-678.jpg?resize=350%2C200 1x, https:\/\/i0.wp.com\/blogg.fumei.se\/wp-content\/uploads\/2014\/07\/Examen-fr%C3%A5n-Tinas-tele-678.jpg?resize=525%2C300 1.5x, https:\/\/i0.wp.com\/blogg.fumei.se\/wp-content\/uploads\/2014\/07\/Examen-fr%C3%A5n-Tinas-tele-678.jpg?resize=700%2C400 2x, https:\/\/i0.wp.com\/blogg.fumei.se\/wp-content\/uploads\/2014\/07\/Examen-fr%C3%A5n-Tinas-tele-678.jpg?resize=1050%2C600 3x, https:\/\/i0.wp.com\/blogg.fumei.se\/wp-content\/uploads\/2014\/07\/Examen-fr%C3%A5n-Tinas-tele-678.jpg?resize=1400%2C800 4x"},"classes":[]},{"id":3899,"url":"https:\/\/blogg.fumei.se\/?p=3899","url_meta":{"origin":4947,"position":3},"title":"Sjukstuga","author":"M :)","date":"2016-05-18","format":false,"excerpt":"I tisdags hade jag lyckats f\u00f6rhandla till mig en semesterdag, eftersom jag var s\u00e5 klantig och gl\u00f6mde l\u00e4gga in i schemat att jag beh\u00f6vde vara ledig p\u00e5 kv\u00e4llen f\u00f6r att g\u00f6ra V\u00e5rruset. Dagen b\u00f6rjade som vanligt med v\u00e4ckning vid 4 av herr Pixel, som ville ha mat, men jag lyckades\u2026","rel":"","context":"I \u201dVardagsliv\u201d","block_context":{"text":"Vardagsliv","link":"https:\/\/blogg.fumei.se\/?cat=47"},"img":{"alt_text":"","src":"https:\/\/i0.wp.com\/blogg.fumei.se\/wp-content\/uploads\/2016\/05\/sayco-fabric-legbag-holder.jpg?resize=350%2C200","width":350,"height":200},"classes":[]},{"id":3138,"url":"https:\/\/blogg.fumei.se\/?p=3138","url_meta":{"origin":4947,"position":4},"title":"Happy happy JOY joy!","author":"M :)","date":"2013-10-27","format":false,"excerpt":"Det var en helt vanlig s\u00f6ndagseftermiddag, jag satt med en kopp kaffe och kikade p\u00e5 Facebook, och i \u00f6gonvr\u00e5n blinkade det till n\u00e5got rosa. Jag kikade, och det var en annons om en t\u00e4vling. Jag brukar inte klicka p\u00e5 annonser p\u00e5 FB, men nu gjorde jag det, och d\u00e4r l\u00e4ste\u2026","rel":"","context":"I \u201dVardagsliv\u201d","block_context":{"text":"Vardagsliv","link":"https:\/\/blogg.fumei.se\/?cat=47"},"img":{"alt_text":"joy1","src":"https:\/\/i0.wp.com\/blogg.fumei.se\/wp-content\/uploads\/2013\/10\/joy1-300x159.jpg?resize=350%2C200","width":350,"height":200},"classes":[]},{"id":251,"url":"https:\/\/blogg.fumei.se\/?p=251","url_meta":{"origin":4947,"position":5},"title":"*host host*","author":"M :)","date":"2010-04-15","format":false,"excerpt":"Att jag aldrig l\u00e4r mig! Nu har jag gjort samma misstag i \u00e5r igen, som jag g\u00f6r varje \u00e5r. H\u00e4ngt in vinterjackan i garderoben och bara k\u00f6rt tjocktr\u00f6ja n\u00e4r det varit soligt och fint. Men det bl\u00e5ser ju! S\u00e5 nu har jag f\u00e5tt raspig hals och lite hosta. F\u00e5r kl\u00e4\u2026","rel":"","context":"I \u201dVardagsliv\u201d","block_context":{"text":"Vardagsliv","link":"https:\/\/blogg.fumei.se\/?cat=47"},"img":{"alt_text":"","src":"","width":0,"height":0},"classes":[]}],"_links":{"self":[{"href":"https:\/\/blogg.fumei.se\/index.php?rest_route=\/wp\/v2\/posts\/4947","targetHints":{"allow":["GET"]}}],"collection":[{"href":"https:\/\/blogg.fumei.se\/index.php?rest_route=\/wp\/v2\/posts"}],"about":[{"href":"https:\/\/blogg.fumei.se\/index.php?rest_route=\/wp\/v2\/types\/post"}],"author":[{"embeddable":true,"href":"https:\/\/blogg.fumei.se\/index.php?rest_route=\/wp\/v2\/users\/1"}],"replies":[{"embeddable":true,"href":"https:\/\/blogg.fumei.se\/index.php?rest_route=%2Fwp%2Fv2%2Fcomments&post=4947"}],"version-history":[{"count":2,"href":"https:\/\/blogg.fumei.se\/index.php?rest_route=\/wp\/v2\/posts\/4947\/revisions"}],"predecessor-version":[{"id":6805,"href":"https:\/\/blogg.fumei.se\/index.php?rest_route=\/wp\/v2\/posts\/4947\/revisions\/6805"}],"wp:attachment":[{"href":"https:\/\/blogg.fumei.se\/index.php?rest_route=%2Fwp%2Fv2%2Fmedia&parent=4947"}],"wp:term":[{"taxonomy":"category","embeddable":true,"href":"https:\/\/blogg.fumei.se\/index.php?rest_route=%2Fwp%2Fv2%2Fcategories&post=4947"},{"taxonomy":"post_tag","embeddable":true,"href":"https:\/\/blogg.fumei.se\/index.php?rest_route=%2Fwp%2Fv2%2Ftags&post=4947"}],"curies":[{"name":"wp","href":"https:\/\/api.w.org\/{rel}","templated":true}]}}