{"id":4950,"date":"2018-03-19T17:31:00","date_gmt":"2018-03-19T16:31:00","guid":{"rendered":"https:\/\/blogg.fumei.se\/?p=4950"},"modified":"2024-04-01T19:43:06","modified_gmt":"2024-04-01T17:43:06","slug":"tillbaka-till-borjan","status":"publish","type":"post","link":"https:\/\/blogg.fumei.se\/?p=4950","title":{"rendered":"Tillbaka till b\u00f6rjan"},"content":{"rendered":"\n<p>Idag var f\u00f6rsta dagen p\u00e5 nya jobbet.<br \/>Numera \u00e4r jag undersk\u00f6terska p\u00e5 barnmorskemottagning. Det inneb\u00e4r framf\u00f6rallt att jag inte l\u00e4ngre jobbar kv\u00e4llar, n\u00e4tter, helger eller andra obekv\u00e4ma arbetstider (om man bortser fr\u00e5n att jag fortfarande m\u00e5ste g\u00e5 upp p\u00e5 morgonen), men ocks\u00e5 att jag tr\u00e4ffar i huvudsak friska m\u00e4nniskor ist\u00e4llet f\u00f6r multisjuka, d\u00f6ende m\u00e4nniskor.<\/p>\n\n\n\n<p>Det ska bli intressant och sp\u00e4nnande att f\u00e5 vara med i b\u00f6rjan, tidigare har jag ju genom jobbet p\u00e5 f\u00f6rlossningen och BB f\u00e5tt vara med n\u00e4r det hela kulminerar, s\u00e5 att s\u00e4ga.<\/p>\n\n\n\n<p>Idag blev det mest lite utdelning av koder och arbetsuppgifter och s\u00e5 fick jag bekanta mig med tidboken och lokalerna, sen var dagen helt pl\u00f6tsligt slut!<br \/>Men det ska nog bli bra det h\u00e4r!<\/p>\n\n\n\n<figure class=\"wp-block-image size-large\"><img data-recalc-dims=\"1\" loading=\"lazy\" decoding=\"async\" width=\"640\" height=\"645\" data-attachment-id=\"4951\" data-permalink=\"https:\/\/blogg.fumei.se\/?attachment_id=4951\" data-orig-file=\"https:\/\/i0.wp.com\/blogg.fumei.se\/wp-content\/uploads\/2022\/10\/ABEBAED2-D8CC-4882-ACA0-07EE2A05DFD3.png?fit=1345%2C1356&amp;ssl=1\" data-orig-size=\"1345,1356\" data-comments-opened=\"1\" data-image-meta=\"{&quot;aperture&quot;:&quot;0&quot;,&quot;credit&quot;:&quot;&quot;,&quot;camera&quot;:&quot;&quot;,&quot;caption&quot;:&quot;&quot;,&quot;created_timestamp&quot;:&quot;0&quot;,&quot;copyright&quot;:&quot;&quot;,&quot;focal_length&quot;:&quot;0&quot;,&quot;iso&quot;:&quot;0&quot;,&quot;shutter_speed&quot;:&quot;0&quot;,&quot;title&quot;:&quot;&quot;,&quot;orientation&quot;:&quot;0&quot;}\" data-image-title=\"ABEBAED2-D8CC-4882-ACA0-07EE2A05DFD3\" data-image-description=\"\" data-image-caption=\"\" data-large-file=\"https:\/\/i0.wp.com\/blogg.fumei.se\/wp-content\/uploads\/2022\/10\/ABEBAED2-D8CC-4882-ACA0-07EE2A05DFD3.png?fit=640%2C645&amp;ssl=1\" src=\"https:\/\/i0.wp.com\/blogg.fumei.se\/wp-content\/uploads\/2022\/10\/ABEBAED2-D8CC-4882-ACA0-07EE2A05DFD3.png?resize=640%2C645&#038;ssl=1\" alt=\"\" class=\"wp-image-4951\" srcset=\"https:\/\/i0.wp.com\/blogg.fumei.se\/wp-content\/uploads\/2022\/10\/ABEBAED2-D8CC-4882-ACA0-07EE2A05DFD3.png?resize=645%2C650&amp;ssl=1 645w, https:\/\/i0.wp.com\/blogg.fumei.se\/wp-content\/uploads\/2022\/10\/ABEBAED2-D8CC-4882-ACA0-07EE2A05DFD3.png?resize=298%2C300&amp;ssl=1 298w, https:\/\/i0.wp.com\/blogg.fumei.se\/wp-content\/uploads\/2022\/10\/ABEBAED2-D8CC-4882-ACA0-07EE2A05DFD3.png?resize=180%2C180&amp;ssl=1 180w, https:\/\/i0.wp.com\/blogg.fumei.se\/wp-content\/uploads\/2022\/10\/ABEBAED2-D8CC-4882-ACA0-07EE2A05DFD3.png?resize=768%2C774&amp;ssl=1 768w, https:\/\/i0.wp.com\/blogg.fumei.se\/wp-content\/uploads\/2022\/10\/ABEBAED2-D8CC-4882-ACA0-07EE2A05DFD3.png?w=1345&amp;ssl=1 1345w, https:\/\/i0.wp.com\/blogg.fumei.se\/wp-content\/uploads\/2022\/10\/ABEBAED2-D8CC-4882-ACA0-07EE2A05DFD3.png?w=1280&amp;ssl=1 1280w\" sizes=\"auto, (max-width: 640px) 100vw, 640px\" \/><\/figure>\n","protected":false},"excerpt":{"rendered":"<p>Idag var f\u00f6rsta dagen p\u00e5 nya jobbet.Numera \u00e4r jag undersk\u00f6terska p\u00e5 barnmorskemottagning. Det inneb\u00e4r framf\u00f6rallt att jag inte l\u00e4ngre jobbar kv\u00e4llar, n\u00e4tter, helger eller andra obekv\u00e4ma arbetstider (om man bortser fr\u00e5n att jag fortfarande m\u00e5ste g\u00e5 upp p\u00e5 morgonen), men ocks\u00e5 att jag tr\u00e4ffar i huvudsak friska m\u00e4nniskor ist\u00e4llet f\u00f6r multisjuka, d\u00f6ende m\u00e4nniskor. Det ska&#8230;<\/p>\n","protected":false},"author":1,"featured_media":0,"comment_status":"open","ping_status":"open","sticky":false,"template":"","format":"standard","meta":{"jetpack_post_was_ever_published":false,"_jetpack_newsletter_access":"","_jetpack_dont_email_post_to_subs":false,"_jetpack_newsletter_tier_id":0,"_jetpack_memberships_contains_paywalled_content":false,"_jetpack_memberships_contains_paid_content":false,"footnotes":"","jetpack_publicize_message":"","jetpack_publicize_feature_enabled":true,"jetpack_social_post_already_shared":true,"jetpack_social_options":{"image_generator_settings":{"template":"highway","default_image_id":0,"font":"","enabled":false},"version":2}},"categories":[494,47],"tags":[581,583,537,582],"class_list":["post-4950","post","type-post","status-publish","format-standard","hentry","category-jobb","category-vardagsliv","tag-barnmorskemottagning","tag-bergsjon","tag-nytt-jobb","tag-underskoterska"],"jetpack_publicize_connections":[],"jetpack_featured_media_url":"","jetpack_shortlink":"https:\/\/wp.me\/p3qko4-1hQ","jetpack_sharing_enabled":true,"jetpack_likes_enabled":true,"jetpack-related-posts":[{"id":4373,"url":"https:\/\/blogg.fumei.se\/?p=4373","url_meta":{"origin":4950,"position":0},"title":"Tidig julklapp","author":"M :)","date":"2017-12-21","format":false,"excerpt":"Eller vad man kan kalla det, n\u00e4r man f\u00e5r ett telefonsamtal om att man f\u00e5tt tj\u00e4nsten man s\u00f6kte! Japp, jag fick jobbet! Den 16:e mars g\u00f6r jag mitt sista arbetspass p\u00e5 IVA, och m\u00e5ndagen efter b\u00f6rjar jag arbeta p\u00e5 MVC Bergsj\u00f6n. Det ska bli roligt, och framf\u00f6rallt kommer jag att\u2026","rel":"","context":"I \u201dJobb\u201d","block_context":{"text":"Jobb","link":"https:\/\/blogg.fumei.se\/?cat=494"},"img":{"alt_text":"","src":"https:\/\/i0.wp.com\/blogg.fumei.se\/wp-content\/uploads\/2018\/01\/ladda-ned.jpg?resize=350%2C200","width":350,"height":200},"classes":[]},{"id":5161,"url":"https:\/\/blogg.fumei.se\/?p=5161","url_meta":{"origin":4950,"position":1},"title":"Utbildningsdagar","author":"M :)","date":"2018-10-26","format":false,"excerpt":"I tv\u00e5 dagar har jag varit iv\u00e4g p\u00e5 planerings- och utbildningsdagar med kollegorna p\u00e5 barnmorskemottagningen.Vi \u00e5kte till Stockholm d\u00e4r vi bland annat var p\u00e5 studiebes\u00f6k p\u00e5 S\u00f6dersjukhuset och fick h\u00f6ra om hur man arbetar p\u00e5 Amelmottagningen f\u00f6r k\u00f6nsstympade kvinnor och p\u00e5 v\u00e5ldt\u00e4ktsmottagningen.Mycket intressant och inspirerande. Sen hann vi ocks\u00e5 med\u2026","rel":"","context":"I \u201dJobb\u201d","block_context":{"text":"Jobb","link":"https:\/\/blogg.fumei.se\/?cat=494"},"img":{"alt_text":"","src":"https:\/\/i0.wp.com\/blogg.fumei.se\/wp-content\/uploads\/2023\/08\/20181026_154957.jpg?resize=350%2C200","width":350,"height":200,"srcset":"https:\/\/i0.wp.com\/blogg.fumei.se\/wp-content\/uploads\/2023\/08\/20181026_154957.jpg?resize=350%2C200 1x, https:\/\/i0.wp.com\/blogg.fumei.se\/wp-content\/uploads\/2023\/08\/20181026_154957.jpg?resize=525%2C300 1.5x, https:\/\/i0.wp.com\/blogg.fumei.se\/wp-content\/uploads\/2023\/08\/20181026_154957.jpg?resize=700%2C400 2x"},"classes":[]},{"id":5751,"url":"https:\/\/blogg.fumei.se\/?p=5751","url_meta":{"origin":4950,"position":2},"title":"Tack och hej!","author":"M :)","date":"2022-05-12","format":false,"excerpt":"Ig\u00e5r och idag har jag blivit avtackad och omkramad av fina kollegor och arbetskamrater p\u00e5 Familjecentralen och barnmorskemottagningen i Bergsj\u00f6n. Jag fick ett fint halsband, lite gott att dricka och en j\u00e4ttefin hortensia som ska f\u00e5 bo i en fin kruka p\u00e5 uteplatsen.Sen t\u00f6mde jag sk\u00e5pet f\u00f6r sista g\u00e5ngen och\u2026","rel":"","context":"I \u201dJobb\u201d","block_context":{"text":"Jobb","link":"https:\/\/blogg.fumei.se\/?cat=494"},"img":{"alt_text":"","src":"https:\/\/i0.wp.com\/blogg.fumei.se\/wp-content\/uploads\/2024\/02\/IMG_0254.jpeg?resize=350%2C200","width":350,"height":200},"classes":[]},{"id":554,"url":"https:\/\/blogg.fumei.se\/?p=554","url_meta":{"origin":4950,"position":3},"title":"F\u00f6rb\u00e4ttringsarbete","author":"M :)","date":"2008-09-08","format":false,"excerpt":"Idag har jag inte s\u00e5 l\u00e5ng arbetsdag. Det \u00e4r processgruppen jag \u00e4r med i som ska tr\u00e4ffas. Vi h\u00e5ller p\u00e5 att sammanst\u00e4lla, f\u00f6rb\u00e4ttra och f\u00f6r\u00e4ndra rutiner och PM f\u00f6r kejsarsnitt. Dessa PM ska sedan g\u00e4lla f\u00f6r hela SU. Jag \u00e4r med som representant f\u00f6r undersk\u00f6terskorna. Man t\u00e4nker inte p\u00e5 att\u2026","rel":"","context":"I \u201dJobb\u201d","block_context":{"text":"Jobb","link":"https:\/\/blogg.fumei.se\/?cat=494"},"img":{"alt_text":"","src":"","width":0,"height":0},"classes":[]},{"id":2074,"url":"https:\/\/blogg.fumei.se\/?p=2074","url_meta":{"origin":4950,"position":4},"title":"Hela dan f\u00e5r hon arbeta, hon f\u00e5r jobba, hon f\u00e5r streta&#8230;","author":"M :)","date":"2012-01-28","format":false,"excerpt":"Japp, det \u00e4r mycket jobb nu. Med betoning p\u00e5 mycket. De f\u00f6dande och gravida\u00a0bara v\u00e4ller in (har inte folk tv nuf\u00f6rtiden??)! Trist nog \u00e4r det s\u00e5 att SU ligger back en massa pengar, s\u00e5 f\u00f6r att spara in en del av dem har det inf\u00f6rts anst\u00e4llningsstopp, vilket inneb\u00e4r att alla\u2026","rel":"","context":"I \u201dVardagsliv\u201d","block_context":{"text":"Vardagsliv","link":"https:\/\/blogg.fumei.se\/?cat=47"},"img":{"alt_text":"","src":"","width":0,"height":0},"classes":[]},{"id":5033,"url":"https:\/\/blogg.fumei.se\/?p=5033","url_meta":{"origin":4950,"position":5},"title":"Besked","author":"M :)","date":"2018-09-28","format":false,"excerpt":"Jag har sedan strax efter att jag b\u00f6rjade jobba p\u00e5 barnmorskemottagningen haft problem med sm\u00e4rta i min v\u00e4nstra arm. Det \u00e4r en lite diffus men \u00e4nd\u00e5 v\u00e4ldigt p\u00e5taglig sm\u00e4rta, som liksom sitter inuti armen, det spelar ingen roll om jag nyper eller kl\u00e4mmer eller vad jag g\u00f6r med armen, s\u00e5\u2026","rel":"","context":"I \u201dVardagsliv\u201d","block_context":{"text":"Vardagsliv","link":"https:\/\/blogg.fumei.se\/?cat=47"},"img":{"alt_text":"","src":"https:\/\/i0.wp.com\/blogg.fumei.se\/wp-content\/uploads\/2022\/10\/Ska%CC%88rmavbild-2022-10-30-kl.-13.49.35.jpeg?resize=350%2C200&ssl=1","width":350,"height":200,"srcset":"https:\/\/i0.wp.com\/blogg.fumei.se\/wp-content\/uploads\/2022\/10\/Ska%CC%88rmavbild-2022-10-30-kl.-13.49.35.jpeg?resize=350%2C200&ssl=1 1x, https:\/\/i0.wp.com\/blogg.fumei.se\/wp-content\/uploads\/2022\/10\/Ska%CC%88rmavbild-2022-10-30-kl.-13.49.35.jpeg?resize=525%2C300&ssl=1 1.5x, https:\/\/i0.wp.com\/blogg.fumei.se\/wp-content\/uploads\/2022\/10\/Ska%CC%88rmavbild-2022-10-30-kl.-13.49.35.jpeg?resize=700%2C400&ssl=1 2x, https:\/\/i0.wp.com\/blogg.fumei.se\/wp-content\/uploads\/2022\/10\/Ska%CC%88rmavbild-2022-10-30-kl.-13.49.35.jpeg?resize=1050%2C600&ssl=1 3x"},"classes":[]}],"_links":{"self":[{"href":"https:\/\/blogg.fumei.se\/index.php?rest_route=\/wp\/v2\/posts\/4950","targetHints":{"allow":["GET"]}}],"collection":[{"href":"https:\/\/blogg.fumei.se\/index.php?rest_route=\/wp\/v2\/posts"}],"about":[{"href":"https:\/\/blogg.fumei.se\/index.php?rest_route=\/wp\/v2\/types\/post"}],"author":[{"embeddable":true,"href":"https:\/\/blogg.fumei.se\/index.php?rest_route=\/wp\/v2\/users\/1"}],"replies":[{"embeddable":true,"href":"https:\/\/blogg.fumei.se\/index.php?rest_route=%2Fwp%2Fv2%2Fcomments&post=4950"}],"version-history":[{"count":3,"href":"https:\/\/blogg.fumei.se\/index.php?rest_route=\/wp\/v2\/posts\/4950\/revisions"}],"predecessor-version":[{"id":5810,"href":"https:\/\/blogg.fumei.se\/index.php?rest_route=\/wp\/v2\/posts\/4950\/revisions\/5810"}],"wp:attachment":[{"href":"https:\/\/blogg.fumei.se\/index.php?rest_route=%2Fwp%2Fv2%2Fmedia&parent=4950"}],"wp:term":[{"taxonomy":"category","embeddable":true,"href":"https:\/\/blogg.fumei.se\/index.php?rest_route=%2Fwp%2Fv2%2Fcategories&post=4950"},{"taxonomy":"post_tag","embeddable":true,"href":"https:\/\/blogg.fumei.se\/index.php?rest_route=%2Fwp%2Fv2%2Ftags&post=4950"}],"curies":[{"name":"wp","href":"https:\/\/api.w.org\/{rel}","templated":true}]}}