{"id":4977,"date":"2018-05-27T11:48:00","date_gmt":"2018-05-27T09:48:00","guid":{"rendered":"https:\/\/blogg.fumei.se\/?p=4977"},"modified":"2024-04-01T19:53:32","modified_gmt":"2024-04-01T17:53:32","slug":"till-alla-mina-mammor","status":"publish","type":"post","link":"https:\/\/blogg.fumei.se\/?p=4977","title":{"rendered":"Till alla mina mammor"},"content":{"rendered":"\n<p class=\"has-text-align-center has-large-font-size\" style=\"font-style:normal;font-weight:600\">Grattis p\u00e5 Mors Dag!<\/p>\n\n\n\n<figure class=\"wp-block-image size-large\"><img data-recalc-dims=\"1\" loading=\"lazy\" decoding=\"async\" width=\"640\" height=\"640\" data-attachment-id=\"4978\" data-permalink=\"https:\/\/blogg.fumei.se\/?attachment_id=4978\" data-orig-file=\"https:\/\/i0.wp.com\/blogg.fumei.se\/wp-content\/uploads\/2022\/10\/E70C44AA-A5AA-4C43-B47C-99C8CDC6234C.jpeg?fit=1349%2C1352&amp;ssl=1\" data-orig-size=\"1349,1352\" data-comments-opened=\"1\" data-image-meta=\"{&quot;aperture&quot;:&quot;0&quot;,&quot;credit&quot;:&quot;&quot;,&quot;camera&quot;:&quot;&quot;,&quot;caption&quot;:&quot;&quot;,&quot;created_timestamp&quot;:&quot;0&quot;,&quot;copyright&quot;:&quot;&quot;,&quot;focal_length&quot;:&quot;0&quot;,&quot;iso&quot;:&quot;0&quot;,&quot;shutter_speed&quot;:&quot;0&quot;,&quot;title&quot;:&quot;&quot;,&quot;orientation&quot;:&quot;1&quot;}\" data-image-title=\"E70C44AA-A5AA-4C43-B47C-99C8CDC6234C\" data-image-description=\"\" data-image-caption=\"\" data-large-file=\"https:\/\/i0.wp.com\/blogg.fumei.se\/wp-content\/uploads\/2022\/10\/E70C44AA-A5AA-4C43-B47C-99C8CDC6234C.jpeg?fit=640%2C640&amp;ssl=1\" src=\"https:\/\/i0.wp.com\/blogg.fumei.se\/wp-content\/uploads\/2022\/10\/E70C44AA-A5AA-4C43-B47C-99C8CDC6234C.jpeg?resize=640%2C640&#038;ssl=1\" alt=\"\" class=\"wp-image-4978\" srcset=\"https:\/\/i0.wp.com\/blogg.fumei.se\/wp-content\/uploads\/2022\/10\/E70C44AA-A5AA-4C43-B47C-99C8CDC6234C.jpeg?resize=650%2C650&amp;ssl=1 650w, https:\/\/i0.wp.com\/blogg.fumei.se\/wp-content\/uploads\/2022\/10\/E70C44AA-A5AA-4C43-B47C-99C8CDC6234C.jpeg?resize=300%2C300&amp;ssl=1 300w, https:\/\/i0.wp.com\/blogg.fumei.se\/wp-content\/uploads\/2022\/10\/E70C44AA-A5AA-4C43-B47C-99C8CDC6234C.jpeg?resize=180%2C180&amp;ssl=1 180w, https:\/\/i0.wp.com\/blogg.fumei.se\/wp-content\/uploads\/2022\/10\/E70C44AA-A5AA-4C43-B47C-99C8CDC6234C.jpeg?resize=299%2C300&amp;ssl=1 299w, https:\/\/i0.wp.com\/blogg.fumei.se\/wp-content\/uploads\/2022\/10\/E70C44AA-A5AA-4C43-B47C-99C8CDC6234C.jpeg?w=1349&amp;ssl=1 1349w, https:\/\/i0.wp.com\/blogg.fumei.se\/wp-content\/uploads\/2022\/10\/E70C44AA-A5AA-4C43-B47C-99C8CDC6234C.jpeg?w=1280&amp;ssl=1 1280w\" sizes=\"auto, (max-width: 640px) 100vw, 640px\" \/><\/figure>\n","protected":false},"excerpt":{"rendered":"<p>Grattis p\u00e5 Mors Dag!<\/p>\n","protected":false},"author":1,"featured_media":0,"comment_status":"open","ping_status":"open","sticky":false,"template":"","format":"standard","meta":{"jetpack_post_was_ever_published":false,"_jetpack_newsletter_access":"","_jetpack_dont_email_post_to_subs":false,"_jetpack_newsletter_tier_id":0,"_jetpack_memberships_contains_paywalled_content":false,"_jetpack_memberships_contains_paid_content":false,"footnotes":"","jetpack_publicize_message":"","jetpack_publicize_feature_enabled":true,"jetpack_social_post_already_shared":true,"jetpack_social_options":{"image_generator_settings":{"template":"highway","default_image_id":0,"font":"","enabled":false},"version":2}},"categories":[34,47],"tags":[220,298,312,614,552],"class_list":["post-4977","post","type-post","status-publish","format-standard","hentry","category-familjen","category-vardagsliv","tag-fira","tag-grattis","tag-mamma","tag-mammor","tag-mors-dag"],"jetpack_publicize_connections":[],"jetpack_featured_media_url":"","jetpack_shortlink":"https:\/\/wp.me\/p3qko4-1ih","jetpack_sharing_enabled":true,"jetpack_likes_enabled":true,"jetpack-related-posts":[{"id":4076,"url":"https:\/\/blogg.fumei.se\/?p=4076","url_meta":{"origin":4977,"position":0},"title":"Guldbr\u00f6llop!","author":"M :)","date":"2017-01-20","format":false,"excerpt":"Idag \u00e4r en stor dag, f\u00f6r idag har mina f\u00f6r\u00e4ldrar varit gifta i 50 \u00e5r! GRATTIS p\u00e5 br\u00f6llopsdagen! \u00a0","rel":"","context":"I \u201dFamiljen\u201d","block_context":{"text":"Familjen","link":"https:\/\/blogg.fumei.se\/?cat=34"},"img":{"alt_text":"","src":"https:\/\/i0.wp.com\/blogg.fumei.se\/wp-content\/uploads\/2017\/01\/20170121_191230.jpg?resize=350%2C200","width":350,"height":200},"classes":[]},{"id":6863,"url":"https:\/\/blogg.fumei.se\/?p=6863","url_meta":{"origin":4977,"position":1},"title":"Himmelsk f\u00f6delsedag","author":"M :)","date":"2024-04-15","format":false,"excerpt":"Grattis mamma och pappa p\u00e5 er dag! \u2764\ufe0fJag \u00f6nskar att ni var h\u00e4r, men i st\u00e4llet fick jag fira er genom ljus och blommor i minnelsunden. Jag saknar er varje dag! ????","rel":"","context":"I \u201dFamiljen\u201d","block_context":{"text":"Familjen","link":"https:\/\/blogg.fumei.se\/?cat=34"},"img":{"alt_text":"","src":"https:\/\/i0.wp.com\/blogg.fumei.se\/wp-content\/uploads\/2024\/05\/8515605F-DE99-415C-835E-B046D690456A_1_105_c.jpeg?resize=350%2C200&ssl=1","width":350,"height":200,"srcset":"https:\/\/i0.wp.com\/blogg.fumei.se\/wp-content\/uploads\/2024\/05\/8515605F-DE99-415C-835E-B046D690456A_1_105_c.jpeg?resize=350%2C200&ssl=1 1x, https:\/\/i0.wp.com\/blogg.fumei.se\/wp-content\/uploads\/2024\/05\/8515605F-DE99-415C-835E-B046D690456A_1_105_c.jpeg?resize=525%2C300&ssl=1 1.5x, https:\/\/i0.wp.com\/blogg.fumei.se\/wp-content\/uploads\/2024\/05\/8515605F-DE99-415C-835E-B046D690456A_1_105_c.jpeg?resize=700%2C400&ssl=1 2x"},"classes":[]},{"id":4525,"url":"https:\/\/blogg.fumei.se\/?p=4525","url_meta":{"origin":4977,"position":2},"title":"Mammas p\u00f4jk!","author":"M :)","date":"2018-04-25","format":false,"excerpt":"Idag fyller Robin \u00e5r! Hipp hurra!! GRATTIS! \u00f6nskar mamma Fia, Linus & Juliah mormor Berto & Bella Silvio, Lovisa & Victor Ilse, Magnus, Frida & Tyra","rel":"","context":"I \u201dFamiljen\u201d","block_context":{"text":"Familjen","link":"https:\/\/blogg.fumei.se\/?cat=34"},"img":{"alt_text":"","src":"https:\/\/i0.wp.com\/blogg.fumei.se\/wp-content\/uploads\/2018\/04\/Robin21-emeff2018.png?resize=350%2C200","width":350,"height":200,"srcset":"https:\/\/i0.wp.com\/blogg.fumei.se\/wp-content\/uploads\/2018\/04\/Robin21-emeff2018.png?resize=350%2C200 1x, https:\/\/i0.wp.com\/blogg.fumei.se\/wp-content\/uploads\/2018\/04\/Robin21-emeff2018.png?resize=525%2C300 1.5x"},"classes":[]},{"id":3304,"url":"https:\/\/blogg.fumei.se\/?p=3304","url_meta":{"origin":4977,"position":3},"title":"Min vackra dotter","author":"M :)","date":"2014-05-21","format":false,"excerpt":"Du f\u00f6ddes en varm majeftermiddag d\u00e5 \u00e5skan mullrade och f\u00f6rsommarregnet ritade vackra m\u00f6nster p\u00e5 f\u00f6nstren. Tja, du var inte s\u00e5 ivrig att komma ut, f\u00f6r du v\u00e4ntade tills 13 dagar efter utsatt datum, men\u00a0n\u00e4r den dagen kom spelade\u00a0alla \"\u00f6vertidsdagar\" inte\u00a0l\u00e4ngre n\u00e5gon roll... Och n\u00e4r du v\u00e4l\u00a0f\u00f6ddes \u00a013.35, s\u00e5 uppenbarade sig\u2026","rel":"","context":"I \u201dFamiljen\u201d","block_context":{"text":"Familjen","link":"https:\/\/blogg.fumei.se\/?cat=34"},"img":{"alt_text":"Fia21blogg-emeff2014","src":"https:\/\/i0.wp.com\/blogg.fumei.se\/wp-content\/uploads\/2014\/05\/Fia21blogg-emeff2014.jpg?resize=350%2C200","width":350,"height":200,"srcset":"https:\/\/i0.wp.com\/blogg.fumei.se\/wp-content\/uploads\/2014\/05\/Fia21blogg-emeff2014.jpg?resize=350%2C200 1x, https:\/\/i0.wp.com\/blogg.fumei.se\/wp-content\/uploads\/2014\/05\/Fia21blogg-emeff2014.jpg?resize=525%2C300 1.5x"},"classes":[]},{"id":4519,"url":"https:\/\/blogg.fumei.se\/?p=4519","url_meta":{"origin":4977,"position":4},"title":"Grattis lilla mamma!","author":"M :)","date":"2018-04-15","format":false,"excerpt":"Idag hurrar vi f\u00f6r v\u00e4rldens b\u00e4sta mamma som fyller 81 \u00e5r! GRATTIS! \u00f6nskar Marcella Sophia, Linus & Juliah Robin Roberto & Isabella Silvio Lovisa & Victor Ilse Magnus, Frida & Tyra Vi s\u00e4nder ocks\u00e5 en tanke till pappsen som firar n\u00e5gon annanstans\u00a0\u2764","rel":"","context":"I \u201dFamiljen\u201d","block_context":{"text":"Familjen","link":"https:\/\/blogg.fumei.se\/?cat=34"},"img":{"alt_text":"","src":"https:\/\/i0.wp.com\/blogg.fumei.se\/wp-content\/uploads\/2018\/04\/mamma81blog-emeff2018.png?resize=350%2C200","width":350,"height":200,"srcset":"https:\/\/i0.wp.com\/blogg.fumei.se\/wp-content\/uploads\/2018\/04\/mamma81blog-emeff2018.png?resize=350%2C200 1x, https:\/\/i0.wp.com\/blogg.fumei.se\/wp-content\/uploads\/2018\/04\/mamma81blog-emeff2018.png?resize=525%2C300 1.5x"},"classes":[]},{"id":3563,"url":"https:\/\/blogg.fumei.se\/?p=3563","url_meta":{"origin":4977,"position":5},"title":"Med blommor och blader","author":"M :)","date":"2015-04-15","format":false,"excerpt":"firar vi denna dagen. V\u00e4rldens b\u00e4sta och finaste mamma och pappa fyller n\u00e4mligen \u00e5r! Hipp hurra och grattis!","rel":"","context":"I \u201dFamiljen\u201d","block_context":{"text":"Familjen","link":"https:\/\/blogg.fumei.se\/?cat=34"},"img":{"alt_text":"wpid-collage.jpg","src":"https:\/\/i0.wp.com\/blogg.fumei.se\/wp-content\/uploads\/2014\/04\/wpid-collage-585x650.jpg?resize=350%2C200","width":350,"height":200,"srcset":"https:\/\/i0.wp.com\/blogg.fumei.se\/wp-content\/uploads\/2014\/04\/wpid-collage-585x650.jpg?resize=350%2C200 1x, https:\/\/i0.wp.com\/blogg.fumei.se\/wp-content\/uploads\/2014\/04\/wpid-collage-585x650.jpg?resize=525%2C300 1.5x"},"classes":[]}],"_links":{"self":[{"href":"https:\/\/blogg.fumei.se\/index.php?rest_route=\/wp\/v2\/posts\/4977","targetHints":{"allow":["GET"]}}],"collection":[{"href":"https:\/\/blogg.fumei.se\/index.php?rest_route=\/wp\/v2\/posts"}],"about":[{"href":"https:\/\/blogg.fumei.se\/index.php?rest_route=\/wp\/v2\/types\/post"}],"author":[{"embeddable":true,"href":"https:\/\/blogg.fumei.se\/index.php?rest_route=\/wp\/v2\/users\/1"}],"replies":[{"embeddable":true,"href":"https:\/\/blogg.fumei.se\/index.php?rest_route=%2Fwp%2Fv2%2Fcomments&post=4977"}],"version-history":[{"count":1,"href":"https:\/\/blogg.fumei.se\/index.php?rest_route=\/wp\/v2\/posts\/4977\/revisions"}],"predecessor-version":[{"id":4979,"href":"https:\/\/blogg.fumei.se\/index.php?rest_route=\/wp\/v2\/posts\/4977\/revisions\/4979"}],"wp:attachment":[{"href":"https:\/\/blogg.fumei.se\/index.php?rest_route=%2Fwp%2Fv2%2Fmedia&parent=4977"}],"wp:term":[{"taxonomy":"category","embeddable":true,"href":"https:\/\/blogg.fumei.se\/index.php?rest_route=%2Fwp%2Fv2%2Fcategories&post=4977"},{"taxonomy":"post_tag","embeddable":true,"href":"https:\/\/blogg.fumei.se\/index.php?rest_route=%2Fwp%2Fv2%2Ftags&post=4977"}],"curies":[{"name":"wp","href":"https:\/\/api.w.org\/{rel}","templated":true}]}}