{"id":5033,"date":"2018-09-28T13:40:00","date_gmt":"2018-09-28T11:40:00","guid":{"rendered":"https:\/\/blogg.fumei.se\/?p=5033"},"modified":"2022-10-30T13:55:58","modified_gmt":"2022-10-30T12:55:58","slug":"besked","status":"publish","type":"post","link":"https:\/\/blogg.fumei.se\/?p=5033","title":{"rendered":"Besked"},"content":{"rendered":"\n<p>Jag har sedan strax efter att jag b\u00f6rjade jobba p\u00e5 barnmorskemottagningen haft problem med sm\u00e4rta i min v\u00e4nstra arm. Det \u00e4r en lite diffus men \u00e4nd\u00e5 v\u00e4ldigt p\u00e5taglig sm\u00e4rta, som liksom sitter <em>inuti<\/em> armen, det spelar ingen roll om jag nyper eller kl\u00e4mmer eller vad jag g\u00f6r med armen, s\u00e5 f\u00f6r\u00e4ndras inte sm\u00e4rtan, utan det \u00e4r som att den bara sitter inne i armen.<br \/>Samtidigt som det g\u00f6r ont, s\u00e5 \u00e4r det lite som att armen domnar, fast jag \u00e4nd\u00e5 har k\u00e4nsel och jag kan fortfarande anv\u00e4nda armen och handen.<br \/>Detta kommer helt pl\u00f6tsligt, utan f\u00f6rvarning och n\u00e4r som helst p\u00e5 dygnet. Ibland medan jag sitter med en patient, vilket inte \u00e4r helt optimalt.<\/p>\n\n\n\n<p>S\u00e5 jag var iv\u00e4g till v\u00e5rdcentralen, som f\u00f6rst skickade mig till rehab och sjukgymnastik, men det blev ingen b\u00e4ttring s\u00e5 jag fick g\u00f6ra en MR, och ig\u00e5r var jag p\u00e5 Spine Center f\u00f6r att prata med en l\u00e4kare d\u00e4r som skulle ber\u00e4tta vad de hade hittat.<\/p>\n\n\n\n<p>Det visar sig att jag har artros i nacken. Det yttrar sig som jag beskrev, och det beror p\u00e5 att artrosen kl\u00e4mmer \u00e5t nerver i nacken. S\u00e5 det inneb\u00e4r dels att jag kommer att f\u00e5 leva med det h\u00e4r, dels att jag f\u00e5r forts\u00e4tta med \u00f6vningarna jag fick fr\u00e5n rehab, f\u00f6r att det inte ska bli v\u00e4rre.<\/p>\n\n\n\n<figure class=\"wp-block-image size-large\"><img data-recalc-dims=\"1\" loading=\"lazy\" decoding=\"async\" width=\"640\" height=\"635\" data-attachment-id=\"5034\" data-permalink=\"https:\/\/blogg.fumei.se\/?attachment_id=5034\" data-orig-file=\"https:\/\/i0.wp.com\/blogg.fumei.se\/wp-content\/uploads\/2022\/10\/Ska%CC%88rmavbild-2022-10-30-kl.-13.49.35.jpeg?fit=1280%2C1270&amp;ssl=1\" data-orig-size=\"1280,1270\" data-comments-opened=\"1\" data-image-meta=\"{&quot;aperture&quot;:&quot;0&quot;,&quot;credit&quot;:&quot;&quot;,&quot;camera&quot;:&quot;&quot;,&quot;caption&quot;:&quot;&quot;,&quot;created_timestamp&quot;:&quot;1667137797&quot;,&quot;copyright&quot;:&quot;&quot;,&quot;focal_length&quot;:&quot;0&quot;,&quot;iso&quot;:&quot;0&quot;,&quot;shutter_speed&quot;:&quot;0&quot;,&quot;title&quot;:&quot;&quot;,&quot;orientation&quot;:&quot;1&quot;}\" data-image-title=\"Ska\u0308rmavbild 2022-10-30 kl. 13.49.35\" data-image-description=\"\" data-image-caption=\"\" data-large-file=\"https:\/\/i0.wp.com\/blogg.fumei.se\/wp-content\/uploads\/2022\/10\/Ska%CC%88rmavbild-2022-10-30-kl.-13.49.35.jpeg?fit=640%2C635&amp;ssl=1\" src=\"https:\/\/i0.wp.com\/blogg.fumei.se\/wp-content\/uploads\/2022\/10\/Ska%CC%88rmavbild-2022-10-30-kl.-13.49.35.jpeg?resize=640%2C635&#038;ssl=1\" alt=\"\" class=\"wp-image-5034\" srcset=\"https:\/\/i0.wp.com\/blogg.fumei.se\/wp-content\/uploads\/2022\/10\/Ska%CC%88rmavbild-2022-10-30-kl.-13.49.35.jpeg?resize=650%2C645&amp;ssl=1 650w, https:\/\/i0.wp.com\/blogg.fumei.se\/wp-content\/uploads\/2022\/10\/Ska%CC%88rmavbild-2022-10-30-kl.-13.49.35.jpeg?resize=300%2C298&amp;ssl=1 300w, https:\/\/i0.wp.com\/blogg.fumei.se\/wp-content\/uploads\/2022\/10\/Ska%CC%88rmavbild-2022-10-30-kl.-13.49.35.jpeg?resize=180%2C180&amp;ssl=1 180w, https:\/\/i0.wp.com\/blogg.fumei.se\/wp-content\/uploads\/2022\/10\/Ska%CC%88rmavbild-2022-10-30-kl.-13.49.35.jpeg?resize=768%2C762&amp;ssl=1 768w, https:\/\/i0.wp.com\/blogg.fumei.se\/wp-content\/uploads\/2022\/10\/Ska%CC%88rmavbild-2022-10-30-kl.-13.49.35.jpeg?resize=302%2C300&amp;ssl=1 302w, https:\/\/i0.wp.com\/blogg.fumei.se\/wp-content\/uploads\/2022\/10\/Ska%CC%88rmavbild-2022-10-30-kl.-13.49.35.jpeg?w=1280&amp;ssl=1 1280w\" sizes=\"auto, (max-width: 640px) 100vw, 640px\" \/><\/figure>\n","protected":false},"excerpt":{"rendered":"<p>Jag har sedan strax efter att jag b\u00f6rjade jobba p\u00e5 barnmorskemottagningen haft problem med sm\u00e4rta i min v\u00e4nstra arm. Det \u00e4r en lite diffus men \u00e4nd\u00e5 v\u00e4ldigt p\u00e5taglig sm\u00e4rta, som liksom sitter inuti armen, det spelar ingen roll om jag nyper eller kl\u00e4mmer eller vad jag g\u00f6r med armen, s\u00e5 f\u00f6r\u00e4ndras inte sm\u00e4rtan, utan det&#8230;<\/p>\n","protected":false},"author":1,"featured_media":0,"comment_status":"open","ping_status":"open","sticky":false,"template":"","format":"standard","meta":{"jetpack_post_was_ever_published":false,"_jetpack_newsletter_access":"","_jetpack_dont_email_post_to_subs":false,"_jetpack_newsletter_tier_id":0,"_jetpack_memberships_contains_paywalled_content":false,"_jetpack_memberships_contains_paid_content":false,"footnotes":"","jetpack_publicize_message":"","jetpack_publicize_feature_enabled":true,"jetpack_social_post_already_shared":false,"jetpack_social_options":{"image_generator_settings":{"template":"highway","default_image_id":0,"font":"","enabled":false},"version":2}},"categories":[47],"tags":[474,476,475],"class_list":["post-5033","post","type-post","status-publish","format-standard","hentry","category-vardagsliv","tag-artros","tag-smarta","tag-spine-center"],"jetpack_publicize_connections":[],"jetpack_featured_media_url":"","jetpack_shortlink":"https:\/\/wp.me\/s3qko4-besked","jetpack_sharing_enabled":true,"jetpack_likes_enabled":true,"jetpack-related-posts":[{"id":6886,"url":"https:\/\/blogg.fumei.se\/?p=6886","url_meta":{"origin":5033,"position":0},"title":"Streckgubbar","author":"M :)","date":"2013-10-03","format":false,"excerpt":"Jag har tatuerat mig!Jag ville ha n\u00e5got som var mitt eget, och som ingen annan hade, och en dag s\u00e5g jag en kille som hade en teckning av sitt barn tatuerad p\u00e5 sin arm, och d\u00e5 t\u00e4nkte jag. att det \u00e4r det jag ska ha! S\u00e5 nu finns Fias f\u00f6rsta\u2026","rel":"","context":"I \u201dVardagsliv\u201d","block_context":{"text":"Vardagsliv","link":"https:\/\/blogg.fumei.se\/?cat=47"},"img":{"alt_text":"","src":"https:\/\/i0.wp.com\/blogg.fumei.se\/wp-content\/uploads\/2024\/05\/7AA3045F-2BB3-4472-B716-A42E01473DFD_1_105_c.jpeg?resize=350%2C200","width":350,"height":200,"srcset":"https:\/\/i0.wp.com\/blogg.fumei.se\/wp-content\/uploads\/2024\/05\/7AA3045F-2BB3-4472-B716-A42E01473DFD_1_105_c.jpeg?resize=350%2C200 1x, https:\/\/i0.wp.com\/blogg.fumei.se\/wp-content\/uploads\/2024\/05\/7AA3045F-2BB3-4472-B716-A42E01473DFD_1_105_c.jpeg?resize=525%2C300 1.5x, https:\/\/i0.wp.com\/blogg.fumei.se\/wp-content\/uploads\/2024\/05\/7AA3045F-2BB3-4472-B716-A42E01473DFD_1_105_c.jpeg?resize=700%2C400 2x"},"classes":[]},{"id":3899,"url":"https:\/\/blogg.fumei.se\/?p=3899","url_meta":{"origin":5033,"position":1},"title":"Sjukstuga","author":"M :)","date":"2016-05-18","format":false,"excerpt":"I tisdags hade jag lyckats f\u00f6rhandla till mig en semesterdag, eftersom jag var s\u00e5 klantig och gl\u00f6mde l\u00e4gga in i schemat att jag beh\u00f6vde vara ledig p\u00e5 kv\u00e4llen f\u00f6r att g\u00f6ra V\u00e5rruset. Dagen b\u00f6rjade som vanligt med v\u00e4ckning vid 4 av herr Pixel, som ville ha mat, men jag lyckades\u2026","rel":"","context":"I \u201dVardagsliv\u201d","block_context":{"text":"Vardagsliv","link":"https:\/\/blogg.fumei.se\/?cat=47"},"img":{"alt_text":"","src":"https:\/\/i0.wp.com\/blogg.fumei.se\/wp-content\/uploads\/2016\/05\/sayco-fabric-legbag-holder.jpg?resize=350%2C200","width":350,"height":200},"classes":[]},{"id":594,"url":"https:\/\/blogg.fumei.se\/?p=594","url_meta":{"origin":5033,"position":2},"title":"En regnig l\u00f6rdagkv\u00e4ll&#8230;","author":"M :)","date":"2008-10-26","format":false,"excerpt":"P\u00e5 t\u00e5get hem var det en tjej som bl\u00f6dde som en gris fr\u00e5n n\u00e4san. Hon hade f\u00e5tt en sm\u00e4ll av en kille som blev lite grinig p\u00e5 henne n\u00e4r hon valde att kleta sin kompis kr\u00e4kning p\u00e5 hans tr\u00f6ja ist\u00e4llet f\u00f6r att h\u00e4mta papper p\u00e5 toaletten eller n\u00e5t s\u00e5nt. S\u00e5\u2026","rel":"","context":"I \u201dVardagsliv\u201d","block_context":{"text":"Vardagsliv","link":"https:\/\/blogg.fumei.se\/?cat=47"},"img":{"alt_text":"","src":"","width":0,"height":0},"classes":[]},{"id":1398,"url":"https:\/\/blogg.fumei.se\/?p=1398","url_meta":{"origin":5033,"position":3},"title":"Saker man kan g\u00f6ra n\u00e4r det regnar","author":"M :)","date":"2011-09-11","format":false,"excerpt":"Rensa garderoben. Rensa sonens garderob (f\u00f6r han g\u00f6r det ju inte sj\u00e4lv) Laga k\u00f6ttf\u00e4rss\u00e5s till en hel arm\u00e9 F\u00f6rs\u00f6ka l\u00e4ra hunden lite grundl\u00e4ggande lydnad (inte f\u00f6r att hon \u00e4r direkt olydig, men \u00e4nd\u00e5...) Kn\u00e5pa ihop en ny bakgrund till bloggen F\u00f6nstershoppa i webbutiker L\u00e4sa, l\u00e4sa, l\u00e4sa...","rel":"","context":"I \u201dVardagsliv\u201d","block_context":{"text":"Vardagsliv","link":"https:\/\/blogg.fumei.se\/?cat=47"},"img":{"alt_text":"","src":"","width":0,"height":0},"classes":[]},{"id":1075,"url":"https:\/\/blogg.fumei.se\/?p=1075","url_meta":{"origin":5033,"position":4},"title":"Tjejsnack vecka 29","author":"M :)","date":"2009-08-09","format":false,"excerpt":"\u00c5 maj g\u00e5dd, nu \u00e4r jag s\u00e5 d\u00e4r j\u00e4tte-efter igen! Hur b\u00e4r jag mig \u00e5t?? I vilket fall som helst kommer nu flera Tjejsnack p\u00e5 rad...Vill du ocks\u00e5 vara med? Du hittar Tjejsnack h\u00e4r.1. Ber\u00e4tta om n\u00e5t pinsamt du blivit p\u00e5kommen med?Just nu kan jag inte komma p\u00e5 n\u00e5got. Eller\u2026","rel":"","context":"I \u201dVardagsliv\u201d","block_context":{"text":"Vardagsliv","link":"https:\/\/blogg.fumei.se\/?cat=47"},"img":{"alt_text":"","src":"","width":0,"height":0},"classes":[]},{"id":1203,"url":"https:\/\/blogg.fumei.se\/?p=1203","url_meta":{"origin":5033,"position":5},"title":"Ehrm&#8230;","author":"M :)","date":"2009-11-05","format":false,"excerpt":"hmm...det var ett tag sen jga skrev n\u00e5got i bloggen...kan iofs bero en hel del p\u00e5 att RL brukar g\u00e5 f\u00f6re allt annat. Tr\u00f6tt som fasen \u00e4r jag nuf\u00f6rtiden, har ingen aning om varf\u00f6r, men sover d\u00e5ligt g\u00f6r jag iaf, det kanske kan vara en bidragande orsak (you think??)? Sen\u2026","rel":"","context":"I \u201dVardagsliv\u201d","block_context":{"text":"Vardagsliv","link":"https:\/\/blogg.fumei.se\/?cat=47"},"img":{"alt_text":"","src":"","width":0,"height":0},"classes":[]}],"_links":{"self":[{"href":"https:\/\/blogg.fumei.se\/index.php?rest_route=\/wp\/v2\/posts\/5033","targetHints":{"allow":["GET"]}}],"collection":[{"href":"https:\/\/blogg.fumei.se\/index.php?rest_route=\/wp\/v2\/posts"}],"about":[{"href":"https:\/\/blogg.fumei.se\/index.php?rest_route=\/wp\/v2\/types\/post"}],"author":[{"embeddable":true,"href":"https:\/\/blogg.fumei.se\/index.php?rest_route=\/wp\/v2\/users\/1"}],"replies":[{"embeddable":true,"href":"https:\/\/blogg.fumei.se\/index.php?rest_route=%2Fwp%2Fv2%2Fcomments&post=5033"}],"version-history":[{"count":1,"href":"https:\/\/blogg.fumei.se\/index.php?rest_route=\/wp\/v2\/posts\/5033\/revisions"}],"predecessor-version":[{"id":5035,"href":"https:\/\/blogg.fumei.se\/index.php?rest_route=\/wp\/v2\/posts\/5033\/revisions\/5035"}],"wp:attachment":[{"href":"https:\/\/blogg.fumei.se\/index.php?rest_route=%2Fwp%2Fv2%2Fmedia&parent=5033"}],"wp:term":[{"taxonomy":"category","embeddable":true,"href":"https:\/\/blogg.fumei.se\/index.php?rest_route=%2Fwp%2Fv2%2Fcategories&post=5033"},{"taxonomy":"post_tag","embeddable":true,"href":"https:\/\/blogg.fumei.se\/index.php?rest_route=%2Fwp%2Fv2%2Ftags&post=5033"}],"curies":[{"name":"wp","href":"https:\/\/api.w.org\/{rel}","templated":true}]}}