{"id":5190,"date":"2018-11-13T23:41:00","date_gmt":"2018-11-13T22:41:00","guid":{"rendered":"https:\/\/blogg.fumei.se\/?p=5190"},"modified":"2023-09-05T15:54:02","modified_gmt":"2023-09-05T13:54:02","slug":"flyttbestyr","status":"publish","type":"post","link":"https:\/\/blogg.fumei.se\/?p=5190","title":{"rendered":"Flyttbestyr"},"content":{"rendered":"\n<p>I flera dagar har jag rensat, packat, sk\u00e4nkt och sl\u00e4ngt av alla mina saker, och idag st\u00e4ngde jag igen den sista flyttkartongen.<br \/>Imorgon bitti i kommer flyttfirman och h\u00e4mtar alla mina tillh\u00f6righeter, och s\u00e5 b\u00e4r det av mot S\u00e4vedalen. Jag har sagt upp l\u00e4genheten i Bergsj\u00f6n och nu ska vi f\u00f6rs\u00f6ka j\u00e4mka ihop alla v\u00e5ra prylar, Mikael och jag.<\/p>\n\n\n\n<p>Det kommer s\u00e4ker att g\u00e5 bra, fr\u00e5gan \u00e4r bara hur vi ska f\u00e5 plats med allt?! \u00c4h, det ordnar sig nog!<\/p>\n","protected":false},"excerpt":{"rendered":"<p>I flera dagar har jag rensat, packat, sk\u00e4nkt och sl\u00e4ngt av alla mina saker, och idag st\u00e4ngde jag igen den sista flyttkartongen.Imorgon bitti i kommer flyttfirman och h\u00e4mtar alla mina tillh\u00f6righeter, och s\u00e5 b\u00e4r det av mot S\u00e4vedalen. Jag har sagt upp l\u00e4genheten i Bergsj\u00f6n och nu ska vi f\u00f6rs\u00f6ka j\u00e4mka ihop alla v\u00e5ra prylar,&#8230;<\/p>\n","protected":false},"author":1,"featured_media":0,"comment_status":"open","ping_status":"open","sticky":false,"template":"","format":"standard","meta":{"jetpack_post_was_ever_published":false,"_jetpack_newsletter_access":"","_jetpack_dont_email_post_to_subs":false,"_jetpack_newsletter_tier_id":0,"_jetpack_memberships_contains_paywalled_content":false,"_jetpack_memberships_contains_paid_content":false,"footnotes":"","jetpack_publicize_message":"","jetpack_publicize_feature_enabled":true,"jetpack_social_post_already_shared":true,"jetpack_social_options":{"image_generator_settings":{"template":"highway","default_image_id":0,"font":"","enabled":false},"version":2}},"categories":[31,47],"tags":[304,495,496],"class_list":["post-5190","post","type-post","status-publish","format-standard","hentry","category-hemmet","category-vardagsliv","tag-flytta","tag-packa","tag-roja"],"jetpack_publicize_connections":[],"jetpack_featured_media_url":"","jetpack_shortlink":"https:\/\/wp.me\/p3qko4-1lI","jetpack_sharing_enabled":true,"jetpack_likes_enabled":true,"jetpack-related-posts":[{"id":1233,"url":"https:\/\/blogg.fumei.se\/?p=1233","url_meta":{"origin":5190,"position":0},"title":"Javisst ja&#8230;","author":"M :)","date":"2010-01-19","format":false,"excerpt":"Det hade g\u00e5tt bra p\u00e5 intervjun. Kvinnan som h\u00f6ll i den sa att om det bara var upp till henne skulle han varit p\u00e5 v\u00e4g nu. Tyv\u00e4rr \u00e4r det ju inte bara upp till henne...Om ca 2 veckor ska jag ringa Migrationsverket och h\u00f6ra om de p\u00e5b\u00f6rjat handl\u00e4ggningen, d\u00e5 f\u00e5r\u2026","rel":"","context":"I \u201dVardagsliv\u201d","block_context":{"text":"Vardagsliv","link":"https:\/\/blogg.fumei.se\/?cat=47"},"img":{"alt_text":"","src":"","width":0,"height":0},"classes":[]},{"id":871,"url":"https:\/\/blogg.fumei.se\/?p=871","url_meta":{"origin":5190,"position":1},"title":"Fy fabian","author":"M :)","date":"2009-03-24","format":false,"excerpt":"allts\u00e5, vad det \u00e4r TR\u00c5KIGT att packa. Men det m\u00e5ste ju g\u00f6ras, s\u00e5 det \u00e4r ju bra att det \u00e4r desto roligare att packa upp och f\u00e5 i ordning sen n\u00e4r flytten \u00e4r klar!St\u00e4dningen \u00e4r inte heller det roligaste som finns. S\u00e4rskilt inte att skura ugnen, rensa avlopp och stada\u2026","rel":"","context":"I \u201dVardagsliv\u201d","block_context":{"text":"Vardagsliv","link":"https:\/\/blogg.fumei.se\/?cat=47"},"img":{"alt_text":"","src":"","width":0,"height":0},"classes":[]},{"id":2786,"url":"https:\/\/blogg.fumei.se\/?p=2786","url_meta":{"origin":5190,"position":2},"title":"Change is good?","author":"M :)","date":"2012-10-14","format":false,"excerpt":"Idag har vi gjort lite f\u00f6r\u00e4ndringar h\u00e4r hemma. Flyttat p\u00e5 m\u00f6bler och s\u00e5 d\u00e4r, ni vet, som g\u00f6r att det k\u00e4nns lite nytt trots att det \u00e4r samma gamla saker. S\u00e5 nu \u00e4r det inte s\u00e5 m\u00f6rkt och inst\u00e4ngt l\u00e4ngre. Men den stora f\u00f6r\u00e4ndringen har inte s\u00e5 mycket med saker\u2026","rel":"","context":"I \u201dFamiljen\u201d","block_context":{"text":"Familjen","link":"https:\/\/blogg.fumei.se\/?cat=34"},"img":{"alt_text":"","src":"","width":0,"height":0},"classes":[]},{"id":153,"url":"https:\/\/blogg.fumei.se\/?p=153","url_meta":{"origin":5190,"position":3},"title":"Om ni inte m\u00e4rkte det sj\u00e4lva","author":"M :)","date":"2010-11-25","format":false,"excerpt":"s\u00e5 \u00e4r jag klar med att fixa med bloggen f\u00f6r den h\u00e4r g\u00e5ngen. Blev ganska n\u00f6jd, lite vintrigt tema i headern utan att f\u00f6r den skull vara \u00f6verdrivet sn\u00f6igt. Lite n\u00e4rmare jul kommer det nog en mera julig header... Idag har jag slitit som ett djur p\u00e5 jobbet, men det\u2026","rel":"","context":"I \u201dVardagsliv\u201d","block_context":{"text":"Vardagsliv","link":"https:\/\/blogg.fumei.se\/?cat=47"},"img":{"alt_text":"","src":"","width":0,"height":0},"classes":[]},{"id":2994,"url":"https:\/\/blogg.fumei.se\/?p=2994","url_meta":{"origin":5190,"position":4},"title":"Resfeber","author":"M :)","date":"2013-07-02","format":false,"excerpt":"pengar adapter linsv\u00e4tska laddare boardingkort tandborste pass handduk kamera ... Jag har provpackat och packat p\u00e5 riktigt. Jag har kollat, dubbelkollat och trippelkollat. Och nu \u00e4r jag nog redo att \u00e5ka. Jag intalar mig sj\u00e4lv att jag kommer att ha det j\u00e4ttebra och roligt. Men jag \u00e4r skitn\u00f6digt nerv\u00f6s f\u00f6r\u2026","rel":"","context":"I \u201dVardagsliv\u201d","block_context":{"text":"Vardagsliv","link":"https:\/\/blogg.fumei.se\/?cat=47"},"img":{"alt_text":"","src":"","width":0,"height":0},"classes":[]},{"id":75,"url":"https:\/\/blogg.fumei.se\/?p=75","url_meta":{"origin":5190,"position":5},"title":"Struntviktig","author":"M :)","date":"2011-02-16","format":false,"excerpt":"Jo, lite s\u00e5 var det med vissa personer idag n\u00e4r jag var p\u00e5 m\u00f6te p\u00e5 jobbet. N\u00e5gra av de n\u00e4rvarande tyckte visst att de var lite b\u00e4ttre \u00e4n oss andra, tills de ins\u00e5g att de inte hade n\u00e5got att s\u00e4ga till om. Det var ett m\u00f6te d\u00e4r vi skulle f\u00e5\u2026","rel":"","context":"I \u201dVardagsliv\u201d","block_context":{"text":"Vardagsliv","link":"https:\/\/blogg.fumei.se\/?cat=47"},"img":{"alt_text":"","src":"","width":0,"height":0},"classes":[]}],"_links":{"self":[{"href":"https:\/\/blogg.fumei.se\/index.php?rest_route=\/wp\/v2\/posts\/5190","targetHints":{"allow":["GET"]}}],"collection":[{"href":"https:\/\/blogg.fumei.se\/index.php?rest_route=\/wp\/v2\/posts"}],"about":[{"href":"https:\/\/blogg.fumei.se\/index.php?rest_route=\/wp\/v2\/types\/post"}],"author":[{"embeddable":true,"href":"https:\/\/blogg.fumei.se\/index.php?rest_route=\/wp\/v2\/users\/1"}],"replies":[{"embeddable":true,"href":"https:\/\/blogg.fumei.se\/index.php?rest_route=%2Fwp%2Fv2%2Fcomments&post=5190"}],"version-history":[{"count":1,"href":"https:\/\/blogg.fumei.se\/index.php?rest_route=\/wp\/v2\/posts\/5190\/revisions"}],"predecessor-version":[{"id":5191,"href":"https:\/\/blogg.fumei.se\/index.php?rest_route=\/wp\/v2\/posts\/5190\/revisions\/5191"}],"wp:attachment":[{"href":"https:\/\/blogg.fumei.se\/index.php?rest_route=%2Fwp%2Fv2%2Fmedia&parent=5190"}],"wp:term":[{"taxonomy":"category","embeddable":true,"href":"https:\/\/blogg.fumei.se\/index.php?rest_route=%2Fwp%2Fv2%2Fcategories&post=5190"},{"taxonomy":"post_tag","embeddable":true,"href":"https:\/\/blogg.fumei.se\/index.php?rest_route=%2Fwp%2Fv2%2Ftags&post=5190"}],"curies":[{"name":"wp","href":"https:\/\/api.w.org\/{rel}","templated":true}]}}