{"id":5228,"date":"2018-12-23T18:18:00","date_gmt":"2018-12-23T17:18:00","guid":{"rendered":"https:\/\/blogg.fumei.se\/?p=5228"},"modified":"2023-09-05T18:23:02","modified_gmt":"2023-09-05T16:23:02","slug":"god-jul-4","status":"publish","type":"post","link":"https:\/\/blogg.fumei.se\/?p=5228","title":{"rendered":"GOD JUL!"},"content":{"rendered":"\n<p>Nu \u00e5ker vi till \u00d6rebro och firar jul.<\/p>\n\n\n\n<figure class=\"wp-block-image size-full\"><img data-recalc-dims=\"1\" loading=\"lazy\" decoding=\"async\" width=\"562\" height=\"311\" data-attachment-id=\"5231\" data-permalink=\"https:\/\/blogg.fumei.se\/?attachment_id=5231\" data-orig-file=\"https:\/\/i0.wp.com\/blogg.fumei.se\/wp-content\/uploads\/2023\/09\/BC6A6FEC-EDCE-4F88-996C-5295713AC79D_4_5005_c.jpeg?fit=562%2C311&amp;ssl=1\" data-orig-size=\"562,311\" data-comments-opened=\"1\" data-image-meta=\"{&quot;aperture&quot;:&quot;0&quot;,&quot;credit&quot;:&quot;&quot;,&quot;camera&quot;:&quot;&quot;,&quot;caption&quot;:&quot;&quot;,&quot;created_timestamp&quot;:&quot;0&quot;,&quot;copyright&quot;:&quot;&quot;,&quot;focal_length&quot;:&quot;0&quot;,&quot;iso&quot;:&quot;0&quot;,&quot;shutter_speed&quot;:&quot;0&quot;,&quot;title&quot;:&quot;&quot;,&quot;orientation&quot;:&quot;0&quot;}\" data-image-title=\"BC6A6FEC-EDCE-4F88-996C-5295713AC79D_4_5005_c\" data-image-description=\"\" data-image-caption=\"\" data-large-file=\"https:\/\/i0.wp.com\/blogg.fumei.se\/wp-content\/uploads\/2023\/09\/BC6A6FEC-EDCE-4F88-996C-5295713AC79D_4_5005_c.jpeg?fit=562%2C311&amp;ssl=1\" src=\"https:\/\/i0.wp.com\/blogg.fumei.se\/wp-content\/uploads\/2023\/09\/BC6A6FEC-EDCE-4F88-996C-5295713AC79D_4_5005_c.jpeg?resize=562%2C311&#038;ssl=1\" alt=\"\" class=\"wp-image-5231\" srcset=\"https:\/\/i0.wp.com\/blogg.fumei.se\/wp-content\/uploads\/2023\/09\/BC6A6FEC-EDCE-4F88-996C-5295713AC79D_4_5005_c.jpeg?w=562&amp;ssl=1 562w, https:\/\/i0.wp.com\/blogg.fumei.se\/wp-content\/uploads\/2023\/09\/BC6A6FEC-EDCE-4F88-996C-5295713AC79D_4_5005_c.jpeg?resize=300%2C166&amp;ssl=1 300w, https:\/\/i0.wp.com\/blogg.fumei.se\/wp-content\/uploads\/2023\/09\/BC6A6FEC-EDCE-4F88-996C-5295713AC79D_4_5005_c.jpeg?resize=500%2C277&amp;ssl=1 500w\" sizes=\"auto, (max-width: 562px) 100vw, 562px\" \/><\/figure>\n","protected":false},"excerpt":{"rendered":"<p>Nu \u00e5ker vi till \u00d6rebro och firar jul.<\/p>\n","protected":false},"author":1,"featured_media":0,"comment_status":"open","ping_status":"open","sticky":false,"template":"","format":"standard","meta":{"jetpack_post_was_ever_published":false,"_jetpack_newsletter_access":"","_jetpack_dont_email_post_to_subs":false,"_jetpack_newsletter_tier_id":0,"_jetpack_memberships_contains_paywalled_content":false,"_jetpack_memberships_contains_paid_content":false,"footnotes":"","jetpack_publicize_message":"","jetpack_publicize_feature_enabled":true,"jetpack_social_post_already_shared":true,"jetpack_social_options":{"image_generator_settings":{"template":"highway","default_image_id":0,"font":"","enabled":false},"version":2}},"categories":[34,47],"tags":[88,293],"class_list":["post-5228","post","type-post","status-publish","format-standard","hentry","category-familjen","category-vardagsliv","tag-jul","tag-julafton"],"jetpack_publicize_connections":[],"jetpack_featured_media_url":"","jetpack_shortlink":"https:\/\/wp.me\/p3qko4-1mk","jetpack_sharing_enabled":true,"jetpack_likes_enabled":true,"jetpack-related-posts":[{"id":4920,"url":"https:\/\/blogg.fumei.se\/?p=4920","url_meta":{"origin":5228,"position":0},"title":"Juletid \u00e4r julefrid?","author":"M :)","date":"2017-12-24","format":false,"excerpt":"Julafton hos familjen Fumei. Paketberg, m\u00e4ngder av mat, julklappslek, ris \u00e1 la Malta , lite syskonbr\u00e5k, Kalle Anka p\u00e5 tv och de traditionsenligt framtvingade familjebilderna. Och s\u00e5 en ny tradtition- en tur till minneslunden f\u00f6r pappa. GOD JUL fr\u00e5n mig till er som l\u00e4ser det h\u00e4r! Julgran med julklappar Lovisa,\u2026","rel":"","context":"I \u201dFamiljen\u201d","block_context":{"text":"Familjen","link":"https:\/\/blogg.fumei.se\/?cat=34"},"img":{"alt_text":"","src":"https:\/\/i0.wp.com\/blogg.fumei.se\/wp-content\/uploads\/2022\/10\/0CA06A55-4DAE-4E91-AD90-C77BC541A103-scaled.jpeg?resize=350%2C200","width":350,"height":200,"srcset":"https:\/\/i0.wp.com\/blogg.fumei.se\/wp-content\/uploads\/2022\/10\/0CA06A55-4DAE-4E91-AD90-C77BC541A103-scaled.jpeg?resize=350%2C200 1x, https:\/\/i0.wp.com\/blogg.fumei.se\/wp-content\/uploads\/2022\/10\/0CA06A55-4DAE-4E91-AD90-C77BC541A103-scaled.jpeg?resize=525%2C300 1.5x, https:\/\/i0.wp.com\/blogg.fumei.se\/wp-content\/uploads\/2022\/10\/0CA06A55-4DAE-4E91-AD90-C77BC541A103-scaled.jpeg?resize=700%2C400 2x, https:\/\/i0.wp.com\/blogg.fumei.se\/wp-content\/uploads\/2022\/10\/0CA06A55-4DAE-4E91-AD90-C77BC541A103-scaled.jpeg?resize=1050%2C600 3x, https:\/\/i0.wp.com\/blogg.fumei.se\/wp-content\/uploads\/2022\/10\/0CA06A55-4DAE-4E91-AD90-C77BC541A103-scaled.jpeg?resize=1400%2C800 4x"},"classes":[]},{"id":4704,"url":"https:\/\/blogg.fumei.se\/?p=4704","url_meta":{"origin":5228,"position":1},"title":"Jul, jul, strilande jul","author":"M :)","date":"2020-01-01","format":false,"excerpt":"Nix, jag har inte skrivit fel i rubriken. Denna jul, ja praktiskt taget hela december, har varit den regnigaste p\u00e5 s\u00e5 l\u00e4nge jag kan minnas. men det g\u00f6r inget, vi har firat jul och haft det trevligt och bra \u00e4nd\u00e5! Robin var h\u00e4r, vilket var v\u00e4ldigt trevligt, jag tr\u00e4ffar ju\u2026","rel":"","context":"I \u201dFamiljen\u201d","block_context":{"text":"Familjen","link":"https:\/\/blogg.fumei.se\/?cat=34"},"img":{"alt_text":"","src":"https:\/\/i0.wp.com\/blogg.fumei.se\/wp-content\/uploads\/2020\/01\/20191224_002640.jpg?resize=350%2C200","width":350,"height":200},"classes":[]},{"id":1742,"url":"https:\/\/blogg.fumei.se\/?p=1742","url_meta":{"origin":5228,"position":2},"title":"Dan f\u00f6re dan, f\u00f6re dan, f\u00f6re&#8230;","author":"M :)","date":"2011-11-14","format":false,"excerpt":"Ja nu \u00e4r det knappt en och en halv m\u00e5nad kvar till julafton, det \u00e4r sv\u00e5rt att tro det, men almanackan ljuger ju s\u00e4llan (aldrig...). I \u00e5r \u00e4r det mitt lags tur att slippa jobba julen, och det \u00e4r min tur att ha barnen hemma p\u00e5 jul, det \u00e4r ju\u2026","rel":"","context":"I \u201dVardagsliv\u201d","block_context":{"text":"Vardagsliv","link":"https:\/\/blogg.fumei.se\/?cat=47"},"img":{"alt_text":"","src":"","width":0,"height":0},"classes":[]},{"id":2857,"url":"https:\/\/blogg.fumei.se\/?p=2857","url_meta":{"origin":5228,"position":3},"title":"Dan f\u00f6re dan f\u00f6re&#8230;","author":"M :)","date":"2012-12-19","format":false,"excerpt":"\u00c4n \u00e4r det n\u00e5gra dagar kvar till jul, men vips s\u00e5 \u00e4r den h\u00e4r och lika vips \u00e4r den \u00f6ver. Jag har stressat \u00f6ver att jag skulle jobba s\u00e5 himla mycket f\u00f6re, mellan, under och efter jul och ny\u00e5rshelgerna att jag n\u00e4stan gl\u00f6mde att jag ju \u00e4r ledig i tre\u2026","rel":"","context":"I \u201dB\u00f6cker och l\u00e4sning\u201d","block_context":{"text":"B\u00f6cker och l\u00e4sning","link":"https:\/\/blogg.fumei.se\/?cat=29"},"img":{"alt_text":"reservationerdecember12","src":"https:\/\/i0.wp.com\/blogg.fumei.se\/wp-content\/uploads\/2012\/12\/reservationerdecember12-180x180.jpg?resize=350%2C200","width":350,"height":200},"classes":[]},{"id":5646,"url":"https:\/\/blogg.fumei.se\/?p=5646","url_meta":{"origin":5228,"position":4},"title":"Julsammanfattning","author":"M :)","date":"2023-12-27","format":false,"excerpt":"S\u00e5 har julen kommit och g\u00e5tt, med uppesittarkv\u00e4ll hos Melina, julafton hos oss med b\u00e5de Robin och sv\u00e4rmor och juldagsfirande i Skara med familjen Gull. Och s\u00e5 ett obligatoriskt bes\u00f6k till minneslunden f\u00f6r att t\u00e4nda ljus f\u00f6r mamma och pappa. Det k\u00e4nns bra att de b\u00e5da valde minneslundar, d\u00e5 beh\u00f6ver\u2026","rel":"","context":"I \u201dFamiljen\u201d","block_context":{"text":"Familjen","link":"https:\/\/blogg.fumei.se\/?cat=34"},"img":{"alt_text":"","src":"https:\/\/i0.wp.com\/blogg.fumei.se\/wp-content\/uploads\/2024\/01\/1DEA2A84-2F45-46DE-AF84-A24DF86CA13A_1_105_c.jpeg?resize=350%2C200","width":350,"height":200,"srcset":"https:\/\/i0.wp.com\/blogg.fumei.se\/wp-content\/uploads\/2024\/01\/1DEA2A84-2F45-46DE-AF84-A24DF86CA13A_1_105_c.jpeg?resize=350%2C200 1x, https:\/\/i0.wp.com\/blogg.fumei.se\/wp-content\/uploads\/2024\/01\/1DEA2A84-2F45-46DE-AF84-A24DF86CA13A_1_105_c.jpeg?resize=525%2C300 1.5x"},"classes":[]},{"id":1221,"url":"https:\/\/blogg.fumei.se\/?p=1221","url_meta":{"origin":5228,"position":5},"title":"Jul-lista","author":"M :)","date":"2009-12-10","format":false,"excerpt":"Det var l\u00e4ngesen, s\u00e5 nu blir det lista igen. Den h\u00e4r har jag l\u00e5nat ifr\u00e5n\u00a0LiveLoveLearn.\u00a0 H\u00f6gst upp p\u00e5 \u00f6nskelistan: Diskmaskin ligger bra till, men b\u00f6cker och pengar sl\u00e5r nog \u00e4ven en diskmaskin.Detta vill jag inte ha i jul: Vaser och sk\u00e5lar och prydnadssaker och annat som bara st\u00e5r i sk\u00e5pen\u2026","rel":"","context":"I \u201dVardagsliv\u201d","block_context":{"text":"Vardagsliv","link":"https:\/\/blogg.fumei.se\/?cat=47"},"img":{"alt_text":"","src":"","width":0,"height":0},"classes":[]}],"_links":{"self":[{"href":"https:\/\/blogg.fumei.se\/index.php?rest_route=\/wp\/v2\/posts\/5228","targetHints":{"allow":["GET"]}}],"collection":[{"href":"https:\/\/blogg.fumei.se\/index.php?rest_route=\/wp\/v2\/posts"}],"about":[{"href":"https:\/\/blogg.fumei.se\/index.php?rest_route=\/wp\/v2\/types\/post"}],"author":[{"embeddable":true,"href":"https:\/\/blogg.fumei.se\/index.php?rest_route=\/wp\/v2\/users\/1"}],"replies":[{"embeddable":true,"href":"https:\/\/blogg.fumei.se\/index.php?rest_route=%2Fwp%2Fv2%2Fcomments&post=5228"}],"version-history":[{"count":1,"href":"https:\/\/blogg.fumei.se\/index.php?rest_route=\/wp\/v2\/posts\/5228\/revisions"}],"predecessor-version":[{"id":5232,"href":"https:\/\/blogg.fumei.se\/index.php?rest_route=\/wp\/v2\/posts\/5228\/revisions\/5232"}],"wp:attachment":[{"href":"https:\/\/blogg.fumei.se\/index.php?rest_route=%2Fwp%2Fv2%2Fmedia&parent=5228"}],"wp:term":[{"taxonomy":"category","embeddable":true,"href":"https:\/\/blogg.fumei.se\/index.php?rest_route=%2Fwp%2Fv2%2Fcategories&post=5228"},{"taxonomy":"post_tag","embeddable":true,"href":"https:\/\/blogg.fumei.se\/index.php?rest_route=%2Fwp%2Fv2%2Ftags&post=5228"}],"curies":[{"name":"wp","href":"https:\/\/api.w.org\/{rel}","templated":true}]}}