{"id":56,"date":"2011-03-22T22:55:00","date_gmt":"2011-03-22T22:55:00","guid":{"rendered":"\/Blogg\/post\/Vartecken.aspx"},"modified":"2011-08-30T09:57:11","modified_gmt":"2011-08-30T07:57:11","slug":"vartecken","status":"publish","type":"post","link":"https:\/\/blogg.fumei.se\/?p=56","title":{"rendered":"V\u00e5rtecken"},"content":{"rendered":"<p>Just som man b\u00f6rjade hoppas p\u00e5\u00a0 att v\u00e5ren var p\u00e5 v\u00e4g slog Murphys lag till och sn\u00f6n bara vr\u00e4kte ner \u00f6ver oss igen, s\u00e5 det var bara att plocka fram mina hush puppies igen. Mendet dr\u00f6jde inte l\u00e4nge innan den efterl\u00e4ngtade solen kikade fram igen, och nu n\u00e4r den har lyst i tre hela dagar (nja, lite mulet var det ju ig\u00e5r, men \u00e4nd\u00e5&#8230;) och termometern visar p\u00e5 8 plusgrader, d\u00e5 tycker jag nog att hush puppies och t\u00e4ckjacka f\u00e5r flytta in i garderoben och sneakers och trenchcoat f\u00e5r komma ut och luftas ist\u00e4llet.<br \/>\nG\u00e5rdagens l\u00e5ngpromenad med hunden resulterade i rosiga kinder, syre i b\u00e5de lungor och hj\u00e4rna och s\u00e5 s\u00e5g jag \u00e5rets f\u00f6rsta v\u00e5rblommor; en klunga sn\u00f6droppar som tr\u00e4ngdes under en \u00e4n s\u00e5 l\u00e4nge l\u00f6vfri h\u00e4ck.<\/p>\n","protected":false},"excerpt":{"rendered":"<p>Just som man b\u00f6rjade hoppas p\u00e5\u00a0 att v\u00e5ren var p\u00e5 v\u00e4g slog Murphys lag till och sn\u00f6n bara vr\u00e4kte ner \u00f6ver oss igen, s\u00e5 det var bara att plocka fram mina hush puppies igen. Mendet dr\u00f6jde inte l\u00e4nge innan den efterl\u00e4ngtade solen kikade fram igen, och nu n\u00e4r den har lyst i tre hela dagar&#8230;<\/p>\n","protected":false},"author":1,"featured_media":0,"comment_status":"open","ping_status":"open","sticky":false,"template":"","format":"standard","meta":{"jetpack_post_was_ever_published":false,"_jetpack_newsletter_access":"","_jetpack_dont_email_post_to_subs":false,"_jetpack_newsletter_tier_id":0,"_jetpack_memberships_contains_paywalled_content":false,"_jetpack_memberships_contains_paid_content":false,"footnotes":"","jetpack_publicize_message":"","jetpack_publicize_feature_enabled":true,"jetpack_social_post_already_shared":false,"jetpack_social_options":{"image_generator_settings":{"template":"highway","default_image_id":0,"font":"","enabled":false},"version":2}},"categories":[47],"tags":[],"class_list":["post-56","post","type-post","status-publish","format-standard","hentry","category-vardagsliv"],"jetpack_publicize_connections":[],"jetpack_featured_media_url":"","jetpack_shortlink":"https:\/\/wp.me\/p3qko4-U","jetpack_sharing_enabled":true,"jetpack_likes_enabled":true,"jetpack-related-posts":[{"id":1186,"url":"https:\/\/blogg.fumei.se\/?p=1186","url_meta":{"origin":56,"position":0},"title":"Blah","author":"M :)","date":"2009-11-24","format":false,"excerpt":"Rubriks\u00e4ttaren \u00e4r p\u00e5 semester i Maldiverna s\u00e5 jag f\u00e5r s\u00e4tta egna rubriker och det g\u00e5r s\u00e5d\u00e4r, som ni kan se...Dags f\u00f6r en flera dagars uppdatering igen, ser jag. Tja, helgen var lugn, jag jobbade l\u00f6rdag kv\u00e4ll, och det var inte s\u00e5 mycket att g\u00f6ra, vi var dessutom gott om personal\u2026","rel":"","context":"I \u201dVardagsliv\u201d","block_context":{"text":"Vardagsliv","link":"https:\/\/blogg.fumei.se\/?cat=47"},"img":{"alt_text":"","src":"","width":0,"height":0},"classes":[]},{"id":4816,"url":"https:\/\/blogg.fumei.se\/?p=4816","url_meta":{"origin":56,"position":1},"title":"Midsommar i London","author":"M :)","date":"2018-06-25","format":false,"excerpt":"\u00c5rets midsommarhelg spenderades i London tillsammans med Mikael, Melina och Max. Vi kom fram p\u00e5 torsdagskv\u00e4llen, och innan vi hittat till v\u00e5rt hotell och checkat in hann det bli ganska sent, s\u00e5 vi tog bara en liten promenad och k\u00f6pte n\u00e5t att \u00e4ta, sen var det l\u00e4ggdags ganska snart eftersom\u2026","rel":"","context":"I \u201dFamiljen\u201d","block_context":{"text":"Familjen","link":"https:\/\/blogg.fumei.se\/?cat=34"},"img":{"alt_text":"","src":"https:\/\/i0.wp.com\/blogg.fumei.se\/wp-content\/uploads\/2020\/08\/16D20D23-07CC-4B21-9F0A-790DE06FA8A0.jpeg?resize=350%2C200","width":350,"height":200},"classes":[]},{"id":1038,"url":"https:\/\/blogg.fumei.se\/?p=1038","url_meta":{"origin":56,"position":2},"title":"Jag ska fatta mig (ganska) kort","author":"M :)","date":"2009-07-07","format":false,"excerpt":"annars blir det en j\u00e4mrans l\u00e5ng uppdatering h\u00e4r! Jag har ju varit iv\u00e4g till mor och far ett par dagar. Egentligen skulle jag bara varit ut under m\u00e5ndagen f\u00f6r att tr\u00e4ffa syster med familj, men mamma hade snubblat \u00f6ver hundens koppel och tagit emot med h\u00f6gerhanden s\u00e5 illa att hon\u2026","rel":"","context":"I \u201dVardagsliv\u201d","block_context":{"text":"Vardagsliv","link":"https:\/\/blogg.fumei.se\/?cat=47"},"img":{"alt_text":"","src":"","width":0,"height":0},"classes":[]},{"id":60,"url":"https:\/\/blogg.fumei.se\/?p=60","url_meta":{"origin":56,"position":3},"title":"Inspirationsanfall","author":"M :)","date":"2011-03-16","format":false,"excerpt":"Jag har inte lekt i PSP (Paint Shop Pro) p\u00e5 l\u00e4nge pga brist p\u00e5 inspiration och lust, men\u00a0 idag fick jag ett attackanfall av inspiration - fast det b\u00f6rjade egentligen ig\u00e5r kv\u00e4ll (varf\u00f6r f\u00e5r man alltid lust att g\u00f6ra saker p\u00e5 kv\u00e4llen??) - s\u00e5 jag kn\u00e5pade ihop en ny header\u2026","rel":"","context":"I \u201dVardagsliv\u201d","block_context":{"text":"Vardagsliv","link":"https:\/\/blogg.fumei.se\/?cat=47"},"img":{"alt_text":"","src":"","width":0,"height":0},"classes":[]},{"id":110,"url":"https:\/\/blogg.fumei.se\/?p=110","url_meta":{"origin":56,"position":4},"title":"Avst\u00e4mning","author":"M :)","date":"2011-01-23","format":false,"excerpt":"Fyra veckor med LCHF, och \u00e4nnu ett kilo ner\u00e5t p\u00e5 v\u00e5gen! \u00a0Jag kan bara s\u00e4ga en sak, och det \u00e4r att jag \u00e4lskar den h\u00e4r dieten! Jag \u00e4ter gott, jag m\u00e5r bra, jag k\u00e4nner hur kl\u00e4derna - eller i alla fall mina byxor - sitter lite b\u00e4ttre redan, och jag\u2026","rel":"","context":"I \u201dVardagsliv\u201d","block_context":{"text":"Vardagsliv","link":"https:\/\/blogg.fumei.se\/?cat=47"},"img":{"alt_text":"","src":"","width":0,"height":0},"classes":[]},{"id":1842,"url":"https:\/\/blogg.fumei.se\/?p=1842","url_meta":{"origin":56,"position":5},"title":"Vi k\u00f6r p\u00e5 ett tag till, d\u00e5&#8230;","author":"M :)","date":"2011-12-08","format":false,"excerpt":"I m\u00e5ndags efter jobbet m\u00f6tte jag upp J p\u00e5 centralen i Gbg, och s\u00e5 tog vi t\u00e5get till V\u00e4xj\u00f6. V\u00e4l d\u00e4r inkvarterade vi oss hos Emma, Silvio och knattarna och fikade och tj\u00f4tade en hel l\u00e5ng kv\u00e4ll innan vi kr\u00f6p ner f\u00f6r att f\u00e5 n\u00e5gra timmars s\u00f6mn innan tisdagens stora\u2026","rel":"","context":"I \u201dFamiljen\u201d","block_context":{"text":"Familjen","link":"https:\/\/blogg.fumei.se\/?cat=34"},"img":{"alt_text":"","src":"","width":0,"height":0},"classes":[]}],"_links":{"self":[{"href":"https:\/\/blogg.fumei.se\/index.php?rest_route=\/wp\/v2\/posts\/56","targetHints":{"allow":["GET"]}}],"collection":[{"href":"https:\/\/blogg.fumei.se\/index.php?rest_route=\/wp\/v2\/posts"}],"about":[{"href":"https:\/\/blogg.fumei.se\/index.php?rest_route=\/wp\/v2\/types\/post"}],"author":[{"embeddable":true,"href":"https:\/\/blogg.fumei.se\/index.php?rest_route=\/wp\/v2\/users\/1"}],"replies":[{"embeddable":true,"href":"https:\/\/blogg.fumei.se\/index.php?rest_route=%2Fwp%2Fv2%2Fcomments&post=56"}],"version-history":[{"count":2,"href":"https:\/\/blogg.fumei.se\/index.php?rest_route=\/wp\/v2\/posts\/56\/revisions"}],"predecessor-version":[{"id":1324,"href":"https:\/\/blogg.fumei.se\/index.php?rest_route=\/wp\/v2\/posts\/56\/revisions\/1324"}],"wp:attachment":[{"href":"https:\/\/blogg.fumei.se\/index.php?rest_route=%2Fwp%2Fv2%2Fmedia&parent=56"}],"wp:term":[{"taxonomy":"category","embeddable":true,"href":"https:\/\/blogg.fumei.se\/index.php?rest_route=%2Fwp%2Fv2%2Fcategories&post=56"},{"taxonomy":"post_tag","embeddable":true,"href":"https:\/\/blogg.fumei.se\/index.php?rest_route=%2Fwp%2Fv2%2Ftags&post=56"}],"curies":[{"name":"wp","href":"https:\/\/api.w.org\/{rel}","templated":true}]}}