{"id":57,"date":"2011-03-20T10:25:00","date_gmt":"2011-03-20T10:25:00","guid":{"rendered":"\/Blogg\/post\/Saker-man-kan-gora-istallet-for-alla-masten-del-3872.aspx"},"modified":"2011-08-30T09:54:37","modified_gmt":"2011-08-30T07:54:37","slug":"saker-man-kan-gora-istallet-for-alla-masten-del-3872","status":"publish","type":"post","link":"https:\/\/blogg.fumei.se\/?p=57","title":{"rendered":"Saker man kan g\u00f6ra ist\u00e4llet f\u00f6r alla m\u00e5sten, del 3872"},"content":{"rendered":"<p>Idag har jag &#8221;bara&#8221; varit ute med hunden och vikt tv\u00e4tt. Sedan ignorerade jag dammet p\u00e5 sk\u00e5p och hyllor och dammsugaren som st\u00e5r s\u00e5 fint p\u00e5 hallgolvet och satte mig ist\u00e4llet och kn\u00e5pade ihop en header till <a href=\"http:\/\/emmut.blogg.se\/\" target=\"_blank\"><strong>[Emmas blogg]<\/strong><\/a><strong>.<\/strong> Nu f\u00e5r jag bara hoppas att den faller i smaken, s\u00e5 jag inte gjorde den f\u00f6r gullig eller &#8221;lull-lullig&#8221;.<\/p>\n<p>S\u00e5 h\u00e4r blev den (klicka p\u00e5 bilden f\u00f6r att se den st\u00f6rre)<a href=\"https:\/\/i0.wp.com\/blogg.fumei.se\/wp-content\/uploads\/2011\/03\/HallonHeader-emeff2011.png?ssl=1\"><img data-recalc-dims=\"1\" loading=\"lazy\" decoding=\"async\" data-attachment-id=\"1367\" data-permalink=\"https:\/\/blogg.fumei.se\/?attachment_id=1367\" data-orig-file=\"https:\/\/i0.wp.com\/blogg.fumei.se\/wp-content\/uploads\/2011\/03\/HallonHeader-emeff2011.png?fit=790%2C378&amp;ssl=1\" data-orig-size=\"790,378\" data-comments-opened=\"1\" data-image-meta=\"{&quot;aperture&quot;:&quot;0&quot;,&quot;credit&quot;:&quot;&quot;,&quot;camera&quot;:&quot;&quot;,&quot;caption&quot;:&quot;&quot;,&quot;created_timestamp&quot;:&quot;0&quot;,&quot;copyright&quot;:&quot;&quot;,&quot;focal_length&quot;:&quot;0&quot;,&quot;iso&quot;:&quot;0&quot;,&quot;shutter_speed&quot;:&quot;0&quot;,&quot;title&quot;:&quot;&quot;}\" data-image-title=\"HallonHeader-emeff2011\" data-image-description=\"\" data-image-caption=\"\" data-large-file=\"https:\/\/i0.wp.com\/blogg.fumei.se\/wp-content\/uploads\/2011\/03\/HallonHeader-emeff2011.png?fit=640%2C306&amp;ssl=1\" class=\"aligncenter size-thumbnail wp-image-1367\" title=\"HallonHeader-emeff2011\" src=\"https:\/\/i0.wp.com\/blogg.fumei.se\/wp-content\/uploads\/2011\/03\/HallonHeader-emeff2011-150x150.png?resize=150%2C150&#038;ssl=1\" alt=\"\" width=\"150\" height=\"150\" srcset=\"https:\/\/i0.wp.com\/blogg.fumei.se\/wp-content\/uploads\/2011\/03\/HallonHeader-emeff2011.png?resize=150%2C150&amp;ssl=1 150w, https:\/\/i0.wp.com\/blogg.fumei.se\/wp-content\/uploads\/2011\/03\/HallonHeader-emeff2011.png?zoom=2&amp;resize=150%2C150&amp;ssl=1 300w, https:\/\/i0.wp.com\/blogg.fumei.se\/wp-content\/uploads\/2011\/03\/HallonHeader-emeff2011.png?zoom=3&amp;resize=150%2C150&amp;ssl=1 450w\" sizes=\"auto, (max-width: 150px) 100vw, 150px\" \/><\/a><\/p>\n","protected":false},"excerpt":{"rendered":"<p>Idag har jag &#8221;bara&#8221; varit ute med hunden och vikt tv\u00e4tt. Sedan ignorerade jag dammet p\u00e5 sk\u00e5p och hyllor och dammsugaren som st\u00e5r s\u00e5 fint p\u00e5 hallgolvet och satte mig ist\u00e4llet och kn\u00e5pade ihop en header till [Emmas blogg]. Nu f\u00e5r jag bara hoppas att den faller i smaken, s\u00e5 jag inte gjorde den f\u00f6r&#8230;<\/p>\n","protected":false},"author":1,"featured_media":0,"comment_status":"open","ping_status":"open","sticky":false,"template":"","format":"standard","meta":{"jetpack_post_was_ever_published":false,"_jetpack_newsletter_access":"","_jetpack_dont_email_post_to_subs":false,"_jetpack_newsletter_tier_id":0,"_jetpack_memberships_contains_paywalled_content":false,"_jetpack_memberships_contains_paid_content":false,"footnotes":"","jetpack_publicize_message":"","jetpack_publicize_feature_enabled":true,"jetpack_social_post_already_shared":false,"jetpack_social_options":{"image_generator_settings":{"template":"highway","default_image_id":0,"font":"","enabled":false},"version":2}},"categories":[47],"tags":[],"class_list":["post-57","post","type-post","status-publish","format-standard","hentry","category-vardagsliv"],"jetpack_publicize_connections":[],"jetpack_featured_media_url":"","jetpack_shortlink":"https:\/\/wp.me\/p3qko4-V","jetpack_sharing_enabled":true,"jetpack_likes_enabled":true,"jetpack-related-posts":[{"id":1183,"url":"https:\/\/blogg.fumei.se\/?p=1183","url_meta":{"origin":57,"position":0},"title":"Quality time","author":"M :)","date":"2009-11-28","format":false,"excerpt":"Egentid. Bra-att-ha f\u00f6r stressade, heltidsarbetande, ensamst\u00e5ende ton\u00e5rsmorsor. Jag f\u00e5r visserligen lite egentid varje vecka genom lediga dagar n\u00e4r barnen \u00e4r i skolan, men jag utnyttjar dem p\u00e5 fel s\u00e4tt. Jag st\u00e4dar och fixar alla \"m\u00e5sten\" ist\u00e4llet f\u00f6r att bara ta vara p\u00e5 tiden och njuta av att vara ledig och\u2026","rel":"","context":"I \u201dVardagsliv\u201d","block_context":{"text":"Vardagsliv","link":"https:\/\/blogg.fumei.se\/?cat=47"},"img":{"alt_text":"","src":"","width":0,"height":0},"classes":[]},{"id":1223,"url":"https:\/\/blogg.fumei.se\/?p=1223","url_meta":{"origin":57,"position":1},"title":"Tala \u00e4r silver, tiga \u00e4r guld?","author":"M :)","date":"2009-12-09","format":false,"excerpt":"Jag \u00e4r ingen butter m\u00e4nniska. Jag \u00e4r nog tv\u00e4rtom en ganska glad person, tycker inte om att folk tjurar och surar utan anledning, och f\u00f6rs\u00f6ker g\u00e4rna muntra upp de omkring mig som inte \u00e4r s\u00e5 glada.Men ibland blir \u00e4ven jag less. Inte bara p\u00e5 min ekonomiska situation, eller p\u00e5 allt\u2026","rel":"","context":"I \u201dVardagsliv\u201d","block_context":{"text":"Vardagsliv","link":"https:\/\/blogg.fumei.se\/?cat=47"},"img":{"alt_text":"","src":"","width":0,"height":0},"classes":[]},{"id":1174,"url":"https:\/\/blogg.fumei.se\/?p=1174","url_meta":{"origin":57,"position":2},"title":"Sjuk eller n\u00e5t","author":"M :)","date":"2009-10-06","format":false,"excerpt":"Jag har feber. Igen. Jag hade ju feber och hosta n\u00e4r jag kom hem fr\u00e5n utflykten till Finland, sen hade jag feber i\u00a0tv\u00e5 dagar f\u00f6rra helgen, och nu har jag det igen. Det b\u00f6rjade ig\u00e5r kv\u00e4ll, s\u00e5 jag sov inte s\u00e4rskilt mycket inatt pga att jag fr\u00f6s och var s\u00e5\u2026","rel":"","context":"I \u201dVardagsliv\u201d","block_context":{"text":"Vardagsliv","link":"https:\/\/blogg.fumei.se\/?cat=47"},"img":{"alt_text":"","src":"","width":0,"height":0},"classes":[]},{"id":1035,"url":"https:\/\/blogg.fumei.se\/?p=1035","url_meta":{"origin":57,"position":3},"title":"Tjejsnack vecka 26","author":"M :)","date":"2009-07-09","format":false,"excerpt":"Nu \u00e4r jag s\u00e5 d\u00e4r efter med Tjejsnacket igen! M\u00e5ste verkligen sk\u00e4rpa till mig...Vill du ocks\u00e5 vara med? Du hittar Tjejsnack h\u00e4r.Kungligt1. Vad tycker du att kungafamiljen g\u00f6r som \u00e4r bra?Egentligen tycker jag v\u00e4l inte att de g\u00f6r n\u00e5got som inte n\u00e5gon annan kunde g\u00f6ra ist\u00e4llet.2. Vad tycker du om\u2026","rel":"","context":"I \u201dVardagsliv\u201d","block_context":{"text":"Vardagsliv","link":"https:\/\/blogg.fumei.se\/?cat=47"},"img":{"alt_text":"","src":"","width":0,"height":0},"classes":[]},{"id":426,"url":"https:\/\/blogg.fumei.se\/?p=426","url_meta":{"origin":57,"position":4},"title":"\u00c4nnu ett inl\u00e4gg i debatten","author":"M :)","date":"2008-07-24","format":false,"excerpt":"om stavning och spr\u00e5kbruk.Eftersom jag, precis som min bror\u00a0har v\u00e4ldigt sv\u00e5rt f\u00f6r folk som inte kan skriva n\u00e5gorlunda ordentlig svenska ist\u00e4llet f\u00f6r att anv\u00e4nda sig av sk MSN-spr\u00e5k, s\u00e5 f\u00f6ljer h\u00e4r ett litet utdrag ur en text jag hittat p\u00e5 n\u00e4tet:1. R\u00e4ttstavning I dagens l\u00e4ge finns faktiskt ingen urs\u00e4kt f\u00f6r\u2026","rel":"","context":"I \u201dVardagsliv\u201d","block_context":{"text":"Vardagsliv","link":"https:\/\/blogg.fumei.se\/?cat=47"},"img":{"alt_text":"","src":"","width":0,"height":0},"classes":[]},{"id":1038,"url":"https:\/\/blogg.fumei.se\/?p=1038","url_meta":{"origin":57,"position":5},"title":"Jag ska fatta mig (ganska) kort","author":"M :)","date":"2009-07-07","format":false,"excerpt":"annars blir det en j\u00e4mrans l\u00e5ng uppdatering h\u00e4r! Jag har ju varit iv\u00e4g till mor och far ett par dagar. Egentligen skulle jag bara varit ut under m\u00e5ndagen f\u00f6r att tr\u00e4ffa syster med familj, men mamma hade snubblat \u00f6ver hundens koppel och tagit emot med h\u00f6gerhanden s\u00e5 illa att hon\u2026","rel":"","context":"I \u201dVardagsliv\u201d","block_context":{"text":"Vardagsliv","link":"https:\/\/blogg.fumei.se\/?cat=47"},"img":{"alt_text":"","src":"","width":0,"height":0},"classes":[]}],"_links":{"self":[{"href":"https:\/\/blogg.fumei.se\/index.php?rest_route=\/wp\/v2\/posts\/57","targetHints":{"allow":["GET"]}}],"collection":[{"href":"https:\/\/blogg.fumei.se\/index.php?rest_route=\/wp\/v2\/posts"}],"about":[{"href":"https:\/\/blogg.fumei.se\/index.php?rest_route=\/wp\/v2\/types\/post"}],"author":[{"embeddable":true,"href":"https:\/\/blogg.fumei.se\/index.php?rest_route=\/wp\/v2\/users\/1"}],"replies":[{"embeddable":true,"href":"https:\/\/blogg.fumei.se\/index.php?rest_route=%2Fwp%2Fv2%2Fcomments&post=57"}],"version-history":[{"count":2,"href":"https:\/\/blogg.fumei.se\/index.php?rest_route=\/wp\/v2\/posts\/57\/revisions"}],"predecessor-version":[{"id":1325,"href":"https:\/\/blogg.fumei.se\/index.php?rest_route=\/wp\/v2\/posts\/57\/revisions\/1325"}],"wp:attachment":[{"href":"https:\/\/blogg.fumei.se\/index.php?rest_route=%2Fwp%2Fv2%2Fmedia&parent=57"}],"wp:term":[{"taxonomy":"category","embeddable":true,"href":"https:\/\/blogg.fumei.se\/index.php?rest_route=%2Fwp%2Fv2%2Fcategories&post=57"},{"taxonomy":"post_tag","embeddable":true,"href":"https:\/\/blogg.fumei.se\/index.php?rest_route=%2Fwp%2Fv2%2Ftags&post=57"}],"curies":[{"name":"wp","href":"https:\/\/api.w.org\/{rel}","templated":true}]}}