{"id":5759,"date":"2023-11-12T07:19:00","date_gmt":"2023-11-12T06:19:00","guid":{"rendered":"https:\/\/blogg.fumei.se\/?p=5759"},"modified":"2024-02-06T13:22:57","modified_gmt":"2024-02-06T12:22:57","slug":"fars-dag-2024","status":"publish","type":"post","link":"https:\/\/blogg.fumei.se\/?p=5759","title":{"rendered":"Fars dag 2024"},"content":{"rendered":"\n<p>Fars dag. <br \/>En dag att fira alla pappor som varje dag skjutsar, peppar, pushar, roar, uppfostrar och \u00e4lskar sina barn, men \u00e4ven de pappor som inte f\u00e5r lov eller har m\u00f6jlighet att g\u00f6ra alla dess saker.\u2028<br \/>Idag \u00e4r ocks\u00e5 en dag att minnas de pappor som inte l\u00e4ngre finns hos oss.<\/p>\n\n\n\n<p>Till min egen pappa skulle jag vilja s\u00e4ga &#8217;Jag \u00e4lskar dig!\u201d, men jag t\u00e4nder ett ljus f\u00f6r dig ist\u00e4llet.<\/p>\n\n\n\n<p>S\u00e5 till alla pappor p\u00e5 jorden, i himlen, alla styvpappor, fosterpappor, bonuspappor, extrapappor, blivande pappor, alla som vill bli pappor, alla morf\u00e4der och farf\u00e4der, mina barns pappa och mina. barnbarns pappa, men mest av allt till min egen \u00e4lskade pappa i himlen &#8211; Grattis p\u00e5 Fars dag! \u2764\ufe0f<\/p>\n\n\n\n<figure class=\"wp-block-image size-large\"><img data-recalc-dims=\"1\" loading=\"lazy\" decoding=\"async\" width=\"640\" height=\"640\" data-attachment-id=\"5760\" data-permalink=\"https:\/\/blogg.fumei.se\/?attachment_id=5760\" data-orig-file=\"https:\/\/i0.wp.com\/blogg.fumei.se\/wp-content\/uploads\/2024\/02\/F228170E-1DD5-4B16-8D5A-4D17E7E27D32_1_105_c.jpeg?fit=886%2C886&amp;ssl=1\" data-orig-size=\"886,886\" data-comments-opened=\"1\" data-image-meta=\"{&quot;aperture&quot;:&quot;0&quot;,&quot;credit&quot;:&quot;&quot;,&quot;camera&quot;:&quot;&quot;,&quot;caption&quot;:&quot;&quot;,&quot;created_timestamp&quot;:&quot;0&quot;,&quot;copyright&quot;:&quot;&quot;,&quot;focal_length&quot;:&quot;0&quot;,&quot;iso&quot;:&quot;0&quot;,&quot;shutter_speed&quot;:&quot;0&quot;,&quot;title&quot;:&quot;&quot;,&quot;orientation&quot;:&quot;1&quot;}\" data-image-title=\"F228170E-1DD5-4B16-8D5A-4D17E7E27D32_1_105_c\" data-image-description=\"\" data-image-caption=\"\" data-large-file=\"https:\/\/i0.wp.com\/blogg.fumei.se\/wp-content\/uploads\/2024\/02\/F228170E-1DD5-4B16-8D5A-4D17E7E27D32_1_105_c.jpeg?fit=640%2C640&amp;ssl=1\" src=\"https:\/\/i0.wp.com\/blogg.fumei.se\/wp-content\/uploads\/2024\/02\/F228170E-1DD5-4B16-8D5A-4D17E7E27D32_1_105_c.jpeg?resize=640%2C640&#038;ssl=1\" alt=\"\" class=\"wp-image-5760\" srcset=\"https:\/\/i0.wp.com\/blogg.fumei.se\/wp-content\/uploads\/2024\/02\/F228170E-1DD5-4B16-8D5A-4D17E7E27D32_1_105_c.jpeg?resize=650%2C650&amp;ssl=1 650w, https:\/\/i0.wp.com\/blogg.fumei.se\/wp-content\/uploads\/2024\/02\/F228170E-1DD5-4B16-8D5A-4D17E7E27D32_1_105_c.jpeg?resize=300%2C300&amp;ssl=1 300w, https:\/\/i0.wp.com\/blogg.fumei.se\/wp-content\/uploads\/2024\/02\/F228170E-1DD5-4B16-8D5A-4D17E7E27D32_1_105_c.jpeg?resize=180%2C180&amp;ssl=1 180w, https:\/\/i0.wp.com\/blogg.fumei.se\/wp-content\/uploads\/2024\/02\/F228170E-1DD5-4B16-8D5A-4D17E7E27D32_1_105_c.jpeg?resize=768%2C768&amp;ssl=1 768w, https:\/\/i0.wp.com\/blogg.fumei.se\/wp-content\/uploads\/2024\/02\/F228170E-1DD5-4B16-8D5A-4D17E7E27D32_1_105_c.jpeg?w=886&amp;ssl=1 886w\" sizes=\"auto, (max-width: 640px) 100vw, 640px\" \/><\/figure>\n","protected":false},"excerpt":{"rendered":"<p>Fars dag. En dag att fira alla pappor som varje dag skjutsar, peppar, pushar, roar, uppfostrar och \u00e4lskar sina barn, men \u00e4ven de pappor som inte f\u00e5r lov eller har m\u00f6jlighet att g\u00f6ra alla dess saker.\u2028Idag \u00e4r ocks\u00e5 en dag att minnas de pappor som inte l\u00e4ngre finns hos oss. Till min egen pappa skulle&#8230;<\/p>\n","protected":false},"author":1,"featured_media":0,"comment_status":"open","ping_status":"open","sticky":false,"template":"","format":"standard","meta":{"jetpack_post_was_ever_published":false,"_jetpack_newsletter_access":"","_jetpack_dont_email_post_to_subs":false,"_jetpack_newsletter_tier_id":0,"_jetpack_memberships_contains_paywalled_content":false,"_jetpack_memberships_contains_paid_content":false,"footnotes":"","jetpack_publicize_message":"","jetpack_publicize_feature_enabled":true,"jetpack_social_post_already_shared":true,"jetpack_social_options":{"image_generator_settings":{"template":"highway","default_image_id":0,"font":"","enabled":false},"version":2}},"categories":[34],"tags":[79,80],"class_list":["post-5759","post","type-post","status-publish","format-standard","hentry","category-familjen","tag-fars-dag","tag-pappa"],"jetpack_publicize_connections":[],"jetpack_featured_media_url":"","jetpack_shortlink":"https:\/\/wp.me\/p3qko4-1uT","jetpack_sharing_enabled":true,"jetpack_likes_enabled":true,"jetpack-related-posts":[{"id":7152,"url":"https:\/\/blogg.fumei.se\/?p=7152","url_meta":{"origin":5759,"position":0},"title":"Idag \u00e4r det pappornas dag","author":"M :)","date":"2024-11-10","format":false,"excerpt":"S\u00e5 grattis p\u00e5 fars dag, alla pappor som varje dag skjutsar, peppar, pushar, roar, uppfostrar och \u00e4lskar sina barn, men \u00e4ven de pappor som inte f\u00e5r lov eller har m\u00f6jlighet att g\u00f6ra alla dess saker.\u2028Idag \u00e4r ocks\u00e5 en dag att minnas de pappor som inte l\u00e4ngre finns hos oss. Till\u2026","rel":"","context":"I \u201dFamiljen\u201d","block_context":{"text":"Familjen","link":"https:\/\/blogg.fumei.se\/?cat=34"},"img":{"alt_text":"","src":"https:\/\/i0.wp.com\/blogg.fumei.se\/wp-content\/uploads\/2024\/12\/FD1BFEBF-960E-4B6A-846F-D74A99873057_1_102_o.jpeg?resize=350%2C200&ssl=1","width":350,"height":200,"srcset":"https:\/\/i0.wp.com\/blogg.fumei.se\/wp-content\/uploads\/2024\/12\/FD1BFEBF-960E-4B6A-846F-D74A99873057_1_102_o.jpeg?resize=350%2C200&ssl=1 1x, https:\/\/i0.wp.com\/blogg.fumei.se\/wp-content\/uploads\/2024\/12\/FD1BFEBF-960E-4B6A-846F-D74A99873057_1_102_o.jpeg?resize=525%2C300&ssl=1 1.5x, https:\/\/i0.wp.com\/blogg.fumei.se\/wp-content\/uploads\/2024\/12\/FD1BFEBF-960E-4B6A-846F-D74A99873057_1_102_o.jpeg?resize=700%2C400&ssl=1 2x, https:\/\/i0.wp.com\/blogg.fumei.se\/wp-content\/uploads\/2024\/12\/FD1BFEBF-960E-4B6A-846F-D74A99873057_1_102_o.jpeg?resize=1050%2C600&ssl=1 3x"},"classes":[]},{"id":5182,"url":"https:\/\/blogg.fumei.se\/?p=5182","url_meta":{"origin":5759,"position":1},"title":"Fars dag","author":"M :)","date":"2018-11-11","format":false,"excerpt":"Fars dag. En dag att fira alla pappor som varje dag skjutsar, peppar, pushar, roar, uppfostrar och \u00e4lskar sina barn, men ocks\u00e5 en dag att minnas de pappor som inte l\u00e4ngre finns hos oss. Till \"mina\" pappor s\u00e4ger jag 'Grattis\", till min egen pappa skulle jag vilja s\u00e4ga 'Jag \u00e4lskar\u2026","rel":"","context":"I \u201dFamiljen\u201d","block_context":{"text":"Familjen","link":"https:\/\/blogg.fumei.se\/?cat=34"},"img":{"alt_text":"","src":"https:\/\/i0.wp.com\/blogg.fumei.se\/wp-content\/uploads\/2023\/09\/23A52DD8-C1E0-4977-9AB5-1EDA7EC2F8BA_1_201_a.jpeg?resize=350%2C200","width":350,"height":200},"classes":[]},{"id":1736,"url":"https:\/\/blogg.fumei.se\/?p=1736","url_meta":{"origin":5759,"position":2},"title":"Grattis alla pappor!","author":"M :)","date":"2011-11-13","format":false,"excerpt":"Idag \u00e4r det farsornas egen\u00a0 dag. Det firar vi med kladdkaka och kaffe hemma hos far och mor. Ett g\u00e4ng tulipaner f\u00e5r han ocks\u00e5, min lilla papps. Och en hyllning p\u00e5 bloggen! (...och jag gl\u00f6mde faktiskt inte barnens pappa heller...han fick ett sms i morse: trevlig fars dag och tack\u2026","rel":"","context":"I \u201dFamiljen\u201d","block_context":{"text":"Familjen","link":"https:\/\/blogg.fumei.se\/?cat=34"},"img":{"alt_text":"","src":"https:\/\/i0.wp.com\/blogg.fumei.se\/wp-content\/uploads\/2011\/11\/pappasdag2011.png?resize=350%2C200","width":350,"height":200,"srcset":"https:\/\/i0.wp.com\/blogg.fumei.se\/wp-content\/uploads\/2011\/11\/pappasdag2011.png?resize=350%2C200 1x, https:\/\/i0.wp.com\/blogg.fumei.se\/wp-content\/uploads\/2011\/11\/pappasdag2011.png?resize=525%2C300 1.5x"},"classes":[]},{"id":4936,"url":"https:\/\/blogg.fumei.se\/?p=4936","url_meta":{"origin":5759,"position":3},"title":"\u00c4lskade pappa","author":"M :)","date":"2018-03-08","format":false,"excerpt":"F\u00f6r m\u00e5nga \u00e4r dagens datum, 8 mars, f\u00f6rknippat med Internationella Kvinnodagen, men f\u00f6r mig kommer det alltid att vara dagen d\u00e5 min pappa dog.Det \u00e4r nu ett \u00e5r sedan. Ett \u00e5r fyllt av saknad, men ocks\u00e5 av minnen. Minnen som ingen n\u00e5gonsin kan ta ifr\u00e5n mig, minnen som jag v\u00e5rdar\u2026","rel":"","context":"I \u201dFamiljen\u201d","block_context":{"text":"Familjen","link":"https:\/\/blogg.fumei.se\/?cat=34"},"img":{"alt_text":"","src":"https:\/\/i0.wp.com\/blogg.fumei.se\/wp-content\/uploads\/2022\/10\/FAE6AE87-7457-418E-857F-AE3D659D689C-scaled.jpeg?resize=350%2C200","width":350,"height":200,"srcset":"https:\/\/i0.wp.com\/blogg.fumei.se\/wp-content\/uploads\/2022\/10\/FAE6AE87-7457-418E-857F-AE3D659D689C-scaled.jpeg?resize=350%2C200 1x, https:\/\/i0.wp.com\/blogg.fumei.se\/wp-content\/uploads\/2022\/10\/FAE6AE87-7457-418E-857F-AE3D659D689C-scaled.jpeg?resize=525%2C300 1.5x, https:\/\/i0.wp.com\/blogg.fumei.se\/wp-content\/uploads\/2022\/10\/FAE6AE87-7457-418E-857F-AE3D659D689C-scaled.jpeg?resize=700%2C400 2x, https:\/\/i0.wp.com\/blogg.fumei.se\/wp-content\/uploads\/2022\/10\/FAE6AE87-7457-418E-857F-AE3D659D689C-scaled.jpeg?resize=1050%2C600 3x, https:\/\/i0.wp.com\/blogg.fumei.se\/wp-content\/uploads\/2022\/10\/FAE6AE87-7457-418E-857F-AE3D659D689C-scaled.jpeg?resize=1400%2C800 4x"},"classes":[]},{"id":4339,"url":"https:\/\/blogg.fumei.se\/?p=4339","url_meta":{"origin":5759,"position":4},"title":"Att ta adj\u00f6","author":"M :)","date":"2017-03-30","format":false,"excerpt":"Ig\u00e5r hade vi begravning f\u00f6r pappa. Mamma, vi barn, barnbarn och barnbarnsbarn, Hanne och Flemming samt m\u00e5nga av mamma och pappas v\u00e4nner. Dessutom var Sylwia med, och Jorge kom ocks\u00e5. Ceremonin h\u00f6lls i kyrkans hus i Floby, och efter\u00e5t gick vi alla till en annan lokal d\u00e4r vi fikade. Det\u2026","rel":"","context":"I \u201dFamiljen\u201d","block_context":{"text":"Familjen","link":"https:\/\/blogg.fumei.se\/?cat=34"},"img":{"alt_text":"","src":"https:\/\/i0.wp.com\/blogg.fumei.se\/wp-content\/uploads\/2017\/12\/20170329_123844-e1512210110370.jpg?resize=350%2C200","width":350,"height":200,"srcset":"https:\/\/i0.wp.com\/blogg.fumei.se\/wp-content\/uploads\/2017\/12\/20170329_123844-e1512210110370.jpg?resize=350%2C200 1x, https:\/\/i0.wp.com\/blogg.fumei.se\/wp-content\/uploads\/2017\/12\/20170329_123844-e1512210110370.jpg?resize=525%2C300 1.5x, https:\/\/i0.wp.com\/blogg.fumei.se\/wp-content\/uploads\/2017\/12\/20170329_123844-e1512210110370.jpg?resize=700%2C400 2x, https:\/\/i0.wp.com\/blogg.fumei.se\/wp-content\/uploads\/2017\/12\/20170329_123844-e1512210110370.jpg?resize=1050%2C600 3x, https:\/\/i0.wp.com\/blogg.fumei.se\/wp-content\/uploads\/2017\/12\/20170329_123844-e1512210110370.jpg?resize=1400%2C800 4x"},"classes":[]},{"id":894,"url":"https:\/\/blogg.fumei.se\/?p=894","url_meta":{"origin":5759,"position":5},"title":"GRATTIS P\u00c5 F\u00d6DELSEDAGEN!!","author":"M :)","date":"2009-04-25","format":false,"excerpt":"Idag fyller min \u00e4lskade son \u00e5r! T\u00e4nk att du redan \u00e4r 13 \u00e5r, jag fattar inte hur fort tiden g\u00e5r ibland...Tyv\u00e4rr...\u00e4r du ju hos pappa i helgen, men jag \u00f6nskar att du f\u00e5r en helt underbar dag med massor av sol och skratt och s\u00e5 lite presenter s\u00e5klart! (Och n\u00e4sta\u2026","rel":"","context":"I \u201dVardagsliv\u201d","block_context":{"text":"Vardagsliv","link":"https:\/\/blogg.fumei.se\/?cat=47"},"img":{"alt_text":"","src":"","width":0,"height":0},"classes":[]}],"_links":{"self":[{"href":"https:\/\/blogg.fumei.se\/index.php?rest_route=\/wp\/v2\/posts\/5759","targetHints":{"allow":["GET"]}}],"collection":[{"href":"https:\/\/blogg.fumei.se\/index.php?rest_route=\/wp\/v2\/posts"}],"about":[{"href":"https:\/\/blogg.fumei.se\/index.php?rest_route=\/wp\/v2\/types\/post"}],"author":[{"embeddable":true,"href":"https:\/\/blogg.fumei.se\/index.php?rest_route=\/wp\/v2\/users\/1"}],"replies":[{"embeddable":true,"href":"https:\/\/blogg.fumei.se\/index.php?rest_route=%2Fwp%2Fv2%2Fcomments&post=5759"}],"version-history":[{"count":1,"href":"https:\/\/blogg.fumei.se\/index.php?rest_route=\/wp\/v2\/posts\/5759\/revisions"}],"predecessor-version":[{"id":5761,"href":"https:\/\/blogg.fumei.se\/index.php?rest_route=\/wp\/v2\/posts\/5759\/revisions\/5761"}],"wp:attachment":[{"href":"https:\/\/blogg.fumei.se\/index.php?rest_route=%2Fwp%2Fv2%2Fmedia&parent=5759"}],"wp:term":[{"taxonomy":"category","embeddable":true,"href":"https:\/\/blogg.fumei.se\/index.php?rest_route=%2Fwp%2Fv2%2Fcategories&post=5759"},{"taxonomy":"post_tag","embeddable":true,"href":"https:\/\/blogg.fumei.se\/index.php?rest_route=%2Fwp%2Fv2%2Ftags&post=5759"}],"curies":[{"name":"wp","href":"https:\/\/api.w.org\/{rel}","templated":true}]}}