{"id":5812,"date":"2018-05-30T19:07:00","date_gmt":"2018-05-30T17:07:00","guid":{"rendered":"https:\/\/blogg.fumei.se\/?p=5812"},"modified":"2024-04-01T19:54:17","modified_gmt":"2024-04-01T17:54:17","slug":"pensionsavtackning","status":"publish","type":"post","link":"https:\/\/blogg.fumei.se\/?p=5812","title":{"rendered":"Pensionsavtackning"},"content":{"rendered":"\n<p>Idag har jag varit p\u00e5 pensionsavtackning f\u00f6r den h\u00e4r sk\u00f6na b\u00f6nan. <br \/>Riktigt kul att att tr\u00e4ffa henne och massa gamla goa kollegor fr\u00e5n KK-tiden! M\u00e5nga kramar blev det!<\/p>\n\n\n\n<p>Tack f\u00f6r fikat och njut nu av pensionen, Britt-Marie, den h\u00e4r ledigheten har du verkligen f\u00f6rtj\u00e4nat! \u2661\u00a0<\/p>\n\n\n\n<figure class=\"wp-block-image size-full\"><img data-recalc-dims=\"1\" loading=\"lazy\" decoding=\"async\" width=\"640\" height=\"615\" data-attachment-id=\"5813\" data-permalink=\"https:\/\/blogg.fumei.se\/?attachment_id=5813\" data-orig-file=\"https:\/\/i0.wp.com\/blogg.fumei.se\/wp-content\/uploads\/2024\/02\/57D8ADBF-C194-4005-8D21-40D1A2ECBF25.jpeg?fit=640%2C615&amp;ssl=1\" data-orig-size=\"640,615\" data-comments-opened=\"1\" data-image-meta=\"{&quot;aperture&quot;:&quot;0&quot;,&quot;credit&quot;:&quot;&quot;,&quot;camera&quot;:&quot;&quot;,&quot;caption&quot;:&quot;&quot;,&quot;created_timestamp&quot;:&quot;1707332812&quot;,&quot;copyright&quot;:&quot;&quot;,&quot;focal_length&quot;:&quot;0&quot;,&quot;iso&quot;:&quot;0&quot;,&quot;shutter_speed&quot;:&quot;0&quot;,&quot;title&quot;:&quot;&quot;,&quot;orientation&quot;:&quot;1&quot;}\" data-image-title=\"57D8ADBF-C194-4005-8D21-40D1A2ECBF25\" data-image-description=\"\" data-image-caption=\"\" data-large-file=\"https:\/\/i0.wp.com\/blogg.fumei.se\/wp-content\/uploads\/2024\/02\/57D8ADBF-C194-4005-8D21-40D1A2ECBF25.jpeg?fit=640%2C615&amp;ssl=1\" src=\"https:\/\/i0.wp.com\/blogg.fumei.se\/wp-content\/uploads\/2024\/02\/57D8ADBF-C194-4005-8D21-40D1A2ECBF25.jpeg?resize=640%2C615&#038;ssl=1\" alt=\"\" class=\"wp-image-5813\" srcset=\"https:\/\/i0.wp.com\/blogg.fumei.se\/wp-content\/uploads\/2024\/02\/57D8ADBF-C194-4005-8D21-40D1A2ECBF25.jpeg?w=640&amp;ssl=1 640w, https:\/\/i0.wp.com\/blogg.fumei.se\/wp-content\/uploads\/2024\/02\/57D8ADBF-C194-4005-8D21-40D1A2ECBF25.jpeg?resize=300%2C288&amp;ssl=1 300w, https:\/\/i0.wp.com\/blogg.fumei.se\/wp-content\/uploads\/2024\/02\/57D8ADBF-C194-4005-8D21-40D1A2ECBF25.jpeg?resize=312%2C300&amp;ssl=1 312w\" sizes=\"auto, (max-width: 640px) 100vw, 640px\" \/><\/figure>\n","protected":false},"excerpt":{"rendered":"<p>Idag har jag varit p\u00e5 pensionsavtackning f\u00f6r den h\u00e4r sk\u00f6na b\u00f6nan. Riktigt kul att att tr\u00e4ffa henne och massa gamla goa kollegor fr\u00e5n KK-tiden! M\u00e5nga kramar blev det! Tack f\u00f6r fikat och njut nu av pensionen, Britt-Marie, den h\u00e4r ledigheten har du verkligen f\u00f6rtj\u00e4nat! \u2661\u00a0<\/p>\n","protected":false},"author":1,"featured_media":0,"comment_status":"open","ping_status":"open","sticky":false,"template":"","format":"standard","meta":{"jetpack_post_was_ever_published":false,"_jetpack_newsletter_access":"","_jetpack_dont_email_post_to_subs":false,"_jetpack_newsletter_tier_id":0,"_jetpack_memberships_contains_paywalled_content":false,"_jetpack_memberships_contains_paid_content":false,"footnotes":"","jetpack_publicize_message":"","jetpack_publicize_feature_enabled":true,"jetpack_social_post_already_shared":true,"jetpack_social_options":{"image_generator_settings":{"template":"highway","default_image_id":0,"font":"","enabled":false},"version":2}},"categories":[47],"tags":[545,220],"class_list":["post-5812","post","type-post","status-publish","format-standard","hentry","category-vardagsliv","tag-avtackning","tag-fira"],"jetpack_publicize_connections":[],"jetpack_featured_media_url":"","jetpack_shortlink":"https:\/\/wp.me\/p3qko4-1vK","jetpack_sharing_enabled":true,"jetpack_likes_enabled":true,"jetpack-related-posts":[{"id":898,"url":"https:\/\/blogg.fumei.se\/?p=898","url_meta":{"origin":5812,"position":0},"title":"Kalasfint","author":"M :)","date":"2009-04-21","format":false,"excerpt":"I S\u00f6ndags var barnen och jag hem till mor och far\/mormor och morfar f\u00f6r att fira f\u00f6delsedag. Som vanligt en massa god mat och huset fullt av folk; Roberto med Isabella, Silvio och Emma med Lovisa och Victor, jag med Fia och Robin, och s\u00e5 f\u00f6delsedags\"barnen\" (mamma och pappa). Mycket\u2026","rel":"","context":"I \u201dVardagsliv\u201d","block_context":{"text":"Vardagsliv","link":"https:\/\/blogg.fumei.se\/?cat=47"},"img":{"alt_text":"","src":"","width":0,"height":0},"classes":[]},{"id":97,"url":"https:\/\/blogg.fumei.se\/?p=97","url_meta":{"origin":5812,"position":1},"title":"30-dagarslista; Dag 28","author":"M :)","date":"2011-02-01","format":false,"excerpt":"Dag 28: En bild p\u00e5 n\u00e5got du \u00e4r r\u00e4dd f\u00f6r. Jag \u00e4r r\u00e4dd f\u00f6r spindlar. Men det har jag ju redan postat en bild p\u00e5. Och s\u00e5 \u00e4r jag r\u00e4dd f\u00f6r h\u00f6ga h\u00f6jder. Men mest \u00e4r jag r\u00e4dd f\u00f6r att n\u00e5got ska h\u00e4nda mina barn. Nu \u00e4r det lite sv\u00e5rt\u2026","rel":"","context":"I \u201dVardagsliv\u201d","block_context":{"text":"Vardagsliv","link":"https:\/\/blogg.fumei.se\/?cat=47"},"img":{"alt_text":"","src":"","width":0,"height":0},"classes":[]},{"id":2746,"url":"https:\/\/blogg.fumei.se\/?p=2746","url_meta":{"origin":5812,"position":2},"title":"Buzzning: Pantene Pro-V","author":"M :)","date":"2012-08-26","format":false,"excerpt":"Detta erbjudande \u00e4r inte l\u00e4ngre aktuellt! Jag \u00e4r en Buzzador. Det inneb\u00e4r att jag med j\u00e4mna mellanrum f\u00e5r erbjudanden om att testa produkter eller tj\u00e4nster \u00e5t olika f\u00f6retag, att ber\u00e4tta om produkten\/tj\u00e4nsten f\u00f6r v\u00e4nner, bekanta och kollegor och att jag sedan rapporterar vad jag och de jag \"buzzat\" f\u00f6r tyckte\u2026","rel":"","context":"I \u201dVardagsliv\u201d","block_context":{"text":"Vardagsliv","link":"https:\/\/blogg.fumei.se\/?cat=47"},"img":{"alt_text":"","src":"https:\/\/i0.wp.com\/blogg.fumei.se\/wp-content\/uploads\/2012\/08\/pantene4.png?resize=350%2C200","width":350,"height":200},"classes":[]},{"id":1920,"url":"https:\/\/blogg.fumei.se\/?p=1920","url_meta":{"origin":5812,"position":3},"title":"Dagens anstr\u00e4ngning 2","author":"M :)","date":"2011-12-30","format":false,"excerpt":"Ja, det h\u00e4r inl\u00e4gget skulle ju egentligen ha postats redan i m\u00e5ndags, men av tr\u00f6tthet och ren f\u00f6rbaskad gl\u00f6mska, s\u00e5 blev det inget av med det, s\u00e5 ni f\u00e5r l\u00e4sa om det nu ist\u00e4llet. Efter lunch i m\u00e5ndags for vi iv\u00e4g till Sk\u00f6vde, f\u00f6r mor skulle h\u00e4lsa p\u00e5 moster p\u00e5\u2026","rel":"","context":"I \u201dFamiljen\u201d","block_context":{"text":"Familjen","link":"https:\/\/blogg.fumei.se\/?cat=34"},"img":{"alt_text":"","src":"","width":0,"height":0},"classes":[]},{"id":1034,"url":"https:\/\/blogg.fumei.se\/?p=1034","url_meta":{"origin":5812,"position":4},"title":"Tjejsnack vecka 27","author":"M :)","date":"2009-07-09","format":false,"excerpt":"Vill du ocks\u00e5 vara med? Du hittar Tjejsnack h\u00e4r.D\u00f6den 1. \u00c4r du r\u00e4dd f\u00f6r att d\u00f6? Nej. D\u00e4remot \u00e4r jag r\u00e4dd f\u00f6r att jag ska d\u00f6 p\u00e5 ett onaturligt s\u00e4tt; genom en olycka eller liknande. 2. Har du varit p\u00e5 n\u00e5gons begravning? Ja. N\u00e4r jag gick i gymnasiet var det\u2026","rel":"","context":"I \u201dVardagsliv\u201d","block_context":{"text":"Vardagsliv","link":"https:\/\/blogg.fumei.se\/?cat=47"},"img":{"alt_text":"","src":"","width":0,"height":0},"classes":[]},{"id":238,"url":"https:\/\/blogg.fumei.se\/?p=238","url_meta":{"origin":5812,"position":5},"title":"L\u00e4senk\u00e4t: 3xsenaste","author":"M :)","date":"2010-05-08","format":false,"excerpt":"En liten l\u00e4senk\u00e4t fr\u00e5n Bokhora Senaste\u2026 P\u00e5b\u00f6rjade boken: \"D\u00f6dens Plats\" av Stephen Booth. Jag har verkligen fastnat f\u00f6r hans b\u00f6cker om Diane Fry och Ben Cooper, poliserna i Derbyshire.Bokink\u00f6pet: \"Sn\u00f6 och aska\" av Diana Gabaldon, \"Flyg Fula Fluga\" av Patricia Cornwell\u00a0och \"Chockv\u00e5gor\" av Clive Cussler. Det var ju s\u00e5 bra\u2026","rel":"","context":"I \u201dVardagsliv\u201d","block_context":{"text":"Vardagsliv","link":"https:\/\/blogg.fumei.se\/?cat=47"},"img":{"alt_text":"","src":"","width":0,"height":0},"classes":[]}],"_links":{"self":[{"href":"https:\/\/blogg.fumei.se\/index.php?rest_route=\/wp\/v2\/posts\/5812","targetHints":{"allow":["GET"]}}],"collection":[{"href":"https:\/\/blogg.fumei.se\/index.php?rest_route=\/wp\/v2\/posts"}],"about":[{"href":"https:\/\/blogg.fumei.se\/index.php?rest_route=\/wp\/v2\/types\/post"}],"author":[{"embeddable":true,"href":"https:\/\/blogg.fumei.se\/index.php?rest_route=\/wp\/v2\/users\/1"}],"replies":[{"embeddable":true,"href":"https:\/\/blogg.fumei.se\/index.php?rest_route=%2Fwp%2Fv2%2Fcomments&post=5812"}],"version-history":[{"count":2,"href":"https:\/\/blogg.fumei.se\/index.php?rest_route=\/wp\/v2\/posts\/5812\/revisions"}],"predecessor-version":[{"id":6810,"href":"https:\/\/blogg.fumei.se\/index.php?rest_route=\/wp\/v2\/posts\/5812\/revisions\/6810"}],"wp:attachment":[{"href":"https:\/\/blogg.fumei.se\/index.php?rest_route=%2Fwp%2Fv2%2Fmedia&parent=5812"}],"wp:term":[{"taxonomy":"category","embeddable":true,"href":"https:\/\/blogg.fumei.se\/index.php?rest_route=%2Fwp%2Fv2%2Fcategories&post=5812"},{"taxonomy":"post_tag","embeddable":true,"href":"https:\/\/blogg.fumei.se\/index.php?rest_route=%2Fwp%2Fv2%2Ftags&post=5812"}],"curies":[{"name":"wp","href":"https:\/\/api.w.org\/{rel}","templated":true}]}}