{"id":5833,"date":"2023-06-29T19:24:00","date_gmt":"2023-06-29T17:24:00","guid":{"rendered":"https:\/\/blogg.fumei.se\/?p=5833"},"modified":"2024-02-11T12:38:43","modified_gmt":"2024-02-11T11:38:43","slug":"jordgubbar","status":"publish","type":"post","link":"https:\/\/blogg.fumei.se\/?p=5833","title":{"rendered":"Jordgubbar"},"content":{"rendered":"\n<p>Idag fick vi bes\u00f6k av Kommunal p\u00e5 jobbet. Vi som \u00e4r anslutna fick en liten goodiebag med jordgubbar och vaniljvisp, och s\u00e5 pratade vi en stund om hur vi har det p\u00e5 jobbet.<br \/>Vi var \u00e4nd\u00e5 sn\u00e4llla mot v\u00e5ra kollegor som tillh\u00f6r andra fackf\u00f6rbund och delade med oss av godsakerna.<\/p>\n\n\n\n<p>Och sen hamnade vi p\u00e5 deras facebooksida ????<\/p>\n\n\n<p><iframe loading=\"lazy\" style=\"border: none; overflow: hidden;\" src=\"https:\/\/www.facebook.com\/plugins\/post.php?href=https%3A%2F%2Fwww.facebook.com%2Fkommunalsusahlgrenska%2Fposts%2Fpfbid02fFFZG3Bh1ZtmyYZvo8WjGZw4hVj8AVhVhVTtRegGCbKVftewsQqWYHP7aZUnZqd3l&amp;show_text=true&amp;width=500\" width=\"500\" height=\"668\" frameborder=\"0\" scrolling=\"no\" allowfullscreen=\"allowfullscreen\"><\/iframe><\/p>\n\n","protected":false},"excerpt":{"rendered":"<p>Idag fick vi bes\u00f6k av Kommunal p\u00e5 jobbet. Vi som \u00e4r anslutna fick en liten goodiebag med jordgubbar och vaniljvisp, och s\u00e5 pratade vi en stund om hur vi har det p\u00e5 jobbet.Vi var \u00e4nd\u00e5 sn\u00e4llla mot v\u00e5ra kollegor som tillh\u00f6r andra fackf\u00f6rbund och delade med oss av godsakerna. Och sen hamnade vi p\u00e5 deras&#8230;<\/p>\n","protected":false},"author":1,"featured_media":0,"comment_status":"open","ping_status":"open","sticky":false,"template":"","format":"standard","meta":{"jetpack_post_was_ever_published":false,"_jetpack_newsletter_access":"","_jetpack_dont_email_post_to_subs":false,"_jetpack_newsletter_tier_id":0,"_jetpack_memberships_contains_paywalled_content":false,"_jetpack_memberships_contains_paid_content":false,"footnotes":"","jetpack_publicize_message":"","jetpack_publicize_feature_enabled":true,"jetpack_social_post_already_shared":true,"jetpack_social_options":{"image_generator_settings":{"template":"highway","default_image_id":0,"font":"","enabled":false},"version":2}},"categories":[494],"tags":[550,549,548],"class_list":["post-5833","post","type-post","status-publish","format-standard","hentry","category-jobb","tag-facket","tag-jordgubbar","tag-kommunal"],"jetpack_publicize_connections":[],"jetpack_featured_media_url":"","jetpack_shortlink":"https:\/\/wp.me\/p3qko4-1w5","jetpack_sharing_enabled":true,"jetpack_likes_enabled":true,"jetpack-related-posts":[{"id":6971,"url":"https:\/\/blogg.fumei.se\/?p=6971","url_meta":{"origin":5833,"position":0},"title":"Sommart\u00e5rta","author":"M :)","date":"2024-05-21","format":false,"excerpt":"Jag sl\u00e4ngde ihop en cheesecake \u00e5t mina kollegor som tack f\u00f6r hj\u00e4lpen n\u00e4r. jag blev sjuk f\u00f6rra veckan. Botten \u00e4r klassisk cheesecakebotten: digestive kex och sm\u00f6r. Jag fyllde den f\u00f6rst med citronfromage och sedan med vanlig cheesecakefyllning, garnerade med massor av jordgubbar, citronmeliss och riven choklad. H\u00e4r kommer receptet om\u2026","rel":"","context":"I \u201dMat och \u00e4tbart\u201d","block_context":{"text":"Mat och \u00e4tbart","link":"https:\/\/blogg.fumei.se\/?cat=206"},"img":{"alt_text":"","src":"https:\/\/i0.wp.com\/blogg.fumei.se\/wp-content\/uploads\/2024\/05\/59EC9D2D-2C71-4C6B-9877-5F50140D55B6_1_105_c-edited.jpeg?resize=350%2C200&ssl=1","width":350,"height":200,"srcset":"https:\/\/i0.wp.com\/blogg.fumei.se\/wp-content\/uploads\/2024\/05\/59EC9D2D-2C71-4C6B-9877-5F50140D55B6_1_105_c-edited.jpeg?resize=350%2C200&ssl=1 1x, https:\/\/i0.wp.com\/blogg.fumei.se\/wp-content\/uploads\/2024\/05\/59EC9D2D-2C71-4C6B-9877-5F50140D55B6_1_105_c-edited.jpeg?resize=525%2C300&ssl=1 1.5x"},"classes":[]},{"id":28,"url":"https:\/\/blogg.fumei.se\/?p=28","url_meta":{"origin":5833,"position":1},"title":"T\u00e4vlingsdags!","author":"M :)","date":"2011-06-22","format":false,"excerpt":"Jag \u00e4r med och t\u00e4vlar om [B\u00e4sta sommart\u00e5rtan] p\u00e5 ICA.se. Min t\u00e5rta \u00e4r den jag gjorde p\u00e5 Robins skolavslutning. H\u00e4r kommer recept om n\u00e5n skulle vilja testa: Skolavslutningst\u00e5rta Ingredienser: Chokladt\u00e5rtbottnar hallonmousse (mix) vispgr\u00e4dde jordgubbar hallon bl\u00e5b\u00e4r ...eller andra b\u00e4r... G\u00f6r s\u00e5 h\u00e4r: Vispa hallonmoussen och st\u00e4ll kallt. Vispa gr\u00e4dden s\u00e5\u2026","rel":"","context":"I \u201dVardagsliv\u201d","block_context":{"text":"Vardagsliv","link":"https:\/\/blogg.fumei.se\/?cat=47"},"img":{"alt_text":"","src":"https:\/\/i0.wp.com\/blogg.fumei.se\/wp-content\/uploads\/2011\/06\/trta.jpg?resize=350%2C200","width":350,"height":200,"srcset":"https:\/\/i0.wp.com\/blogg.fumei.se\/wp-content\/uploads\/2011\/06\/trta.jpg?resize=350%2C200 1x, https:\/\/i0.wp.com\/blogg.fumei.se\/wp-content\/uploads\/2011\/06\/trta.jpg?resize=525%2C300 1.5x"},"classes":[]},{"id":37,"url":"https:\/\/blogg.fumei.se\/?p=37","url_meta":{"origin":5833,"position":2},"title":"B\u00f6rja om fr\u00e5n b\u00f6rjan&#8230;","author":"M :)","date":"2011-05-31","format":false,"excerpt":"Eftersom det gick s\u00e5 bra att bli av med on\u00f6digt bagage f\u00f6rra g\u00e5ngen jag \u00e5t enligt LCHF-principen, och eftersom jag k\u00e4nner att jag skulle m\u00e5 bra av att bli av med lite\u00a0igen (har ju lagt\u00a0p\u00e5 mig lite de senaste m\u00e5naderna), s\u00e5 t\u00e4nkte jag k\u00f6ra den varianten igen.Ig\u00e5r var det startdag,\u2026","rel":"","context":"I \u201dVardagsliv\u201d","block_context":{"text":"Vardagsliv","link":"https:\/\/blogg.fumei.se\/?cat=47"},"img":{"alt_text":"","src":"","width":0,"height":0},"classes":[]},{"id":164,"url":"https:\/\/blogg.fumei.se\/?p=164","url_meta":{"origin":5833,"position":3},"title":"Testpilot","author":"M :)","date":"2010-11-10","format":false,"excerpt":"Jag har precis anm\u00e4lt mig hos [Smartson] f\u00f6r att f\u00e5 testa Arlas nya smaksatta gr\u00e4dde.Den finns i tv\u00e5 smaker; choklad - som inneh\u00e5ller 70-procentig choklad och \u00e4r helt sl\u00e4t - och jordgubb - d\u00e4r gr\u00e4dden inneh\u00e5ller sm\u00e5 bitar av jordgubbar. En choklad-cheesecake eller kladdkaka med jordgubbsgr\u00e4dde. Ja vilket \u00e4r godast,\u2026","rel":"","context":"I \u201dVardagsliv\u201d","block_context":{"text":"Vardagsliv","link":"https:\/\/blogg.fumei.se\/?cat=47"},"img":{"alt_text":"","src":"","width":0,"height":0},"classes":[]},{"id":112,"url":"https:\/\/blogg.fumei.se\/?p=112","url_meta":{"origin":5833,"position":4},"title":"Kv\u00e4llsfika","author":"M :)","date":"2011-01-20","format":false,"excerpt":"Enkelt, snabbt, billigt och gott :) Mosa ihop 1 banan ca 15 frusna jordgubbar 2 dl turkisk yogurt 2 dl mj\u00f6lk och en skv\u00e4tt koncentrerad apelsinjuice i en mixer eller anv\u00e4nd stavmixer. H\u00e4ll upp i glas och drick. Smaskens! \u00a0","rel":"","context":"I \u201dVardagsliv\u201d","block_context":{"text":"Vardagsliv","link":"https:\/\/blogg.fumei.se\/?cat=47"},"img":{"alt_text":"","src":"","width":0,"height":0},"classes":[]},{"id":538,"url":"https:\/\/blogg.fumei.se\/?p=538","url_meta":{"origin":5833,"position":5},"title":"Listdags igen&#8230;","author":"M :)","date":"2008-09-16","format":false,"excerpt":"Hittade denna hos Emma:Fem saker i min frys - jordgubbar- blandf\u00e4rs- falukorv- broccoli- baconFem saker i min garderob- alldeles f\u00f6r m\u00e5nga h\u00f6gklackade skor- skjortor som jag aldrig anv\u00e4nder- linnen, linnen, linnen- en himla massa toppar ocks\u00e5- flera kjolar som jag heller aldrig anv\u00e4nder (dags f\u00f6r en rensning kanske?)Fem saker i\u2026","rel":"","context":"I \u201dListor\u201d","block_context":{"text":"Listor","link":"https:\/\/blogg.fumei.se\/?cat=633"},"img":{"alt_text":"","src":"","width":0,"height":0},"classes":[]}],"_links":{"self":[{"href":"https:\/\/blogg.fumei.se\/index.php?rest_route=\/wp\/v2\/posts\/5833","targetHints":{"allow":["GET"]}}],"collection":[{"href":"https:\/\/blogg.fumei.se\/index.php?rest_route=\/wp\/v2\/posts"}],"about":[{"href":"https:\/\/blogg.fumei.se\/index.php?rest_route=\/wp\/v2\/types\/post"}],"author":[{"embeddable":true,"href":"https:\/\/blogg.fumei.se\/index.php?rest_route=\/wp\/v2\/users\/1"}],"replies":[{"embeddable":true,"href":"https:\/\/blogg.fumei.se\/index.php?rest_route=%2Fwp%2Fv2%2Fcomments&post=5833"}],"version-history":[{"count":1,"href":"https:\/\/blogg.fumei.se\/index.php?rest_route=\/wp\/v2\/posts\/5833\/revisions"}],"predecessor-version":[{"id":5834,"href":"https:\/\/blogg.fumei.se\/index.php?rest_route=\/wp\/v2\/posts\/5833\/revisions\/5834"}],"wp:attachment":[{"href":"https:\/\/blogg.fumei.se\/index.php?rest_route=%2Fwp%2Fv2%2Fmedia&parent=5833"}],"wp:term":[{"taxonomy":"category","embeddable":true,"href":"https:\/\/blogg.fumei.se\/index.php?rest_route=%2Fwp%2Fv2%2Fcategories&post=5833"},{"taxonomy":"post_tag","embeddable":true,"href":"https:\/\/blogg.fumei.se\/index.php?rest_route=%2Fwp%2Fv2%2Ftags&post=5833"}],"curies":[{"name":"wp","href":"https:\/\/api.w.org\/{rel}","templated":true}]}}