{"id":5843,"date":"2023-05-28T12:53:00","date_gmt":"2023-05-28T10:53:00","guid":{"rendered":"https:\/\/blogg.fumei.se\/?p=5843"},"modified":"2024-02-11T13:44:31","modified_gmt":"2024-02-11T12:44:31","slug":"mors-dag-igen","status":"publish","type":"post","link":"https:\/\/blogg.fumei.se\/?p=5843","title":{"rendered":"Mors dag igen"},"content":{"rendered":"\n<p>I \u00e5r fick det bli en blomma och ett ljus i minneslunden till mamma.<\/p>\n\n\n\n<p>Men ocks\u00e5, idag, p\u00e5 Mors dag, \u00e4r det de h\u00e4r tv\u00e5 jag har att tacka f\u00f6r att jag f\u00e5r r\u00e4knas in i mammornas skara. De \u00e4r det b\u00e4sta jag \u00e5stadkommit i mitt liv.<br \/>H\u00f6ga berg och djupa dalar har det varit, men stormarna har alltid bl\u00e5st \u00f6ver. <\/p>\n\n\n\n<p>Ni kommer alltid att komma f\u00f6rst, och ni kan alltid komma till mig, vad det \u00e4n g\u00e4ller.<br \/>Jag \u00e4lskar er, mina knastrattar!\u00a0<\/p>\n\n\n\n<figure class=\"wp-block-image size-full\"><img data-recalc-dims=\"1\" loading=\"lazy\" decoding=\"async\" width=\"638\" height=\"640\" data-attachment-id=\"5845\" data-permalink=\"https:\/\/blogg.fumei.se\/?attachment_id=5845\" data-orig-file=\"https:\/\/i0.wp.com\/blogg.fumei.se\/wp-content\/uploads\/2024\/02\/AD86DB9E-E9B1-47D6-8E17-B8252FA56F9E.jpeg?fit=638%2C640&amp;ssl=1\" data-orig-size=\"638,640\" data-comments-opened=\"1\" data-image-meta=\"{&quot;aperture&quot;:&quot;0&quot;,&quot;credit&quot;:&quot;&quot;,&quot;camera&quot;:&quot;&quot;,&quot;caption&quot;:&quot;&quot;,&quot;created_timestamp&quot;:&quot;1707658864&quot;,&quot;copyright&quot;:&quot;&quot;,&quot;focal_length&quot;:&quot;0&quot;,&quot;iso&quot;:&quot;0&quot;,&quot;shutter_speed&quot;:&quot;0&quot;,&quot;title&quot;:&quot;&quot;,&quot;orientation&quot;:&quot;1&quot;}\" data-image-title=\"AD86DB9E-E9B1-47D6-8E17-B8252FA56F9E\" data-image-description=\"\" data-image-caption=\"\" data-large-file=\"https:\/\/i0.wp.com\/blogg.fumei.se\/wp-content\/uploads\/2024\/02\/AD86DB9E-E9B1-47D6-8E17-B8252FA56F9E.jpeg?fit=638%2C640&amp;ssl=1\" src=\"https:\/\/i0.wp.com\/blogg.fumei.se\/wp-content\/uploads\/2024\/02\/AD86DB9E-E9B1-47D6-8E17-B8252FA56F9E.jpeg?resize=638%2C640&#038;ssl=1\" alt=\"\" class=\"wp-image-5845\" srcset=\"https:\/\/i0.wp.com\/blogg.fumei.se\/wp-content\/uploads\/2024\/02\/AD86DB9E-E9B1-47D6-8E17-B8252FA56F9E.jpeg?w=638&amp;ssl=1 638w, https:\/\/i0.wp.com\/blogg.fumei.se\/wp-content\/uploads\/2024\/02\/AD86DB9E-E9B1-47D6-8E17-B8252FA56F9E.jpeg?resize=300%2C300&amp;ssl=1 300w, https:\/\/i0.wp.com\/blogg.fumei.se\/wp-content\/uploads\/2024\/02\/AD86DB9E-E9B1-47D6-8E17-B8252FA56F9E.jpeg?resize=180%2C180&amp;ssl=1 180w, https:\/\/i0.wp.com\/blogg.fumei.se\/wp-content\/uploads\/2024\/02\/AD86DB9E-E9B1-47D6-8E17-B8252FA56F9E.jpeg?resize=299%2C300&amp;ssl=1 299w\" sizes=\"auto, (max-width: 638px) 100vw, 638px\" \/><\/figure>\n","protected":false},"excerpt":{"rendered":"<p>I \u00e5r fick det bli en blomma och ett ljus i minneslunden till mamma. Men ocks\u00e5, idag, p\u00e5 Mors dag, \u00e4r det de h\u00e4r tv\u00e5 jag har att tacka f\u00f6r att jag f\u00e5r r\u00e4knas in i mammornas skara. De \u00e4r det b\u00e4sta jag \u00e5stadkommit i mitt liv.H\u00f6ga berg och djupa dalar har det varit, men&#8230;<\/p>\n","protected":false},"author":1,"featured_media":0,"comment_status":"open","ping_status":"open","sticky":false,"template":"","format":"standard","meta":{"jetpack_post_was_ever_published":false,"_jetpack_newsletter_access":"","_jetpack_dont_email_post_to_subs":false,"_jetpack_newsletter_tier_id":0,"_jetpack_memberships_contains_paywalled_content":false,"_jetpack_memberships_contains_paid_content":false,"footnotes":"","jetpack_publicize_message":"","jetpack_publicize_feature_enabled":true,"jetpack_social_post_already_shared":true,"jetpack_social_options":{"image_generator_settings":{"template":"highway","default_image_id":0,"font":"","enabled":false},"version":2}},"categories":[34],"tags":[301,552],"class_list":["post-5843","post","type-post","status-publish","format-standard","hentry","category-familjen","tag-barn","tag-mors-dag"],"jetpack_publicize_connections":[],"jetpack_featured_media_url":"","jetpack_shortlink":"https:\/\/wp.me\/p3qko4-1wf","jetpack_sharing_enabled":true,"jetpack_likes_enabled":true,"jetpack-related-posts":[{"id":4977,"url":"https:\/\/blogg.fumei.se\/?p=4977","url_meta":{"origin":5843,"position":0},"title":"Till alla mina mammor","author":"M :)","date":"2018-05-27","format":false,"excerpt":"Grattis p\u00e5 Mors Dag!","rel":"","context":"I \u201dFamiljen\u201d","block_context":{"text":"Familjen","link":"https:\/\/blogg.fumei.se\/?cat=34"},"img":{"alt_text":"","src":"https:\/\/i0.wp.com\/blogg.fumei.se\/wp-content\/uploads\/2022\/10\/E70C44AA-A5AA-4C43-B47C-99C8CDC6234C.jpeg?resize=350%2C200&ssl=1","width":350,"height":200,"srcset":"https:\/\/i0.wp.com\/blogg.fumei.se\/wp-content\/uploads\/2022\/10\/E70C44AA-A5AA-4C43-B47C-99C8CDC6234C.jpeg?resize=350%2C200&ssl=1 1x, https:\/\/i0.wp.com\/blogg.fumei.se\/wp-content\/uploads\/2022\/10\/E70C44AA-A5AA-4C43-B47C-99C8CDC6234C.jpeg?resize=525%2C300&ssl=1 1.5x, https:\/\/i0.wp.com\/blogg.fumei.se\/wp-content\/uploads\/2022\/10\/E70C44AA-A5AA-4C43-B47C-99C8CDC6234C.jpeg?resize=700%2C400&ssl=1 2x, https:\/\/i0.wp.com\/blogg.fumei.se\/wp-content\/uploads\/2022\/10\/E70C44AA-A5AA-4C43-B47C-99C8CDC6234C.jpeg?resize=1050%2C600&ssl=1 3x"},"classes":[]},{"id":718,"url":"https:\/\/blogg.fumei.se\/?p=718","url_meta":{"origin":5843,"position":1},"title":"Av n\u00e5n underlig j\u00e4kla anledning","author":"M :)","date":"2008-12-23","format":false,"excerpt":"s\u00e5 fungerar inte kommentarfunktionen p\u00e5 min blogg l\u00e4ngre! N\u00e4r man klickar p\u00e5 l\u00e4nken s\u00e5 kommer man till en annan sida, med dels alla inl\u00e4gg, dels en massa konstiga tecken utan n\u00e5n betydelse. Jag ger det ett par dagar till, men \u00e4r det inte ok efter julhelgen, s\u00e5 anm\u00e4ler jag det\u2026","rel":"","context":"I \u201dVardagsliv\u201d","block_context":{"text":"Vardagsliv","link":"https:\/\/blogg.fumei.se\/?cat=47"},"img":{"alt_text":"","src":"","width":0,"height":0},"classes":[]},{"id":1795,"url":"https:\/\/blogg.fumei.se\/?p=1795","url_meta":{"origin":5843,"position":2},"title":"1:a Advent 2011","author":"M :)","date":"2011-11-27","format":false,"excerpt":"Herregud vilken trist rubrik, men jag har verkligen ingen fantasi f\u00f6r det just nu! \u00c4r hur tr\u00f6tt som helst, och har fortfarande inte str\u00e4ckt ut kroppen ordentligt efter att vi satt i bilen i flera timmar ig\u00e5r. Det var ju dags f\u00f6r operation l\u00e4mna-bilen-i-V\u00e4xj\u00f6, s\u00e5 J och jag k\u00f6rde ner\u2026","rel":"","context":"I \u201dVardagsliv\u201d","block_context":{"text":"Vardagsliv","link":"https:\/\/blogg.fumei.se\/?cat=47"},"img":{"alt_text":"","src":"https:\/\/i0.wp.com\/blogg.fumei.se\/wp-content\/uploads\/2011\/11\/2011-11-26-15.54.29-300x225.jpg?resize=350%2C200","width":350,"height":200},"classes":[]},{"id":5103,"url":"https:\/\/blogg.fumei.se\/?p=5103","url_meta":{"origin":5843,"position":3},"title":"\u00c4lskade mamma!","author":"M :)","date":"2022-03-08","format":false,"excerpt":"Det h\u00e4r \u00e4r min mamma \u2764\ufe0fMina br\u00f6ders mamma och min halvsysters bonusmamma. Mormor och farmor till mina och mina syskons barn, moster, faster och syster. Hon som bar mig under sitt hj\u00e4rta i 9 m\u00e5nader och i hj\u00e4rtat hela sitt liv. Som alltid satt mig och mina br\u00f6der f\u00f6re allt\u2026","rel":"","context":"I \u201dFamiljen\u201d","block_context":{"text":"Familjen","link":"https:\/\/blogg.fumei.se\/?cat=34"},"img":{"alt_text":"","src":"https:\/\/i0.wp.com\/blogg.fumei.se\/wp-content\/uploads\/2022\/11\/03B3A59C-0AD3-49D5-A162-42BA65B3C81A_1_201_a.jpeg?resize=350%2C200&ssl=1","width":350,"height":200,"srcset":"https:\/\/i0.wp.com\/blogg.fumei.se\/wp-content\/uploads\/2022\/11\/03B3A59C-0AD3-49D5-A162-42BA65B3C81A_1_201_a.jpeg?resize=350%2C200&ssl=1 1x, https:\/\/i0.wp.com\/blogg.fumei.se\/wp-content\/uploads\/2022\/11\/03B3A59C-0AD3-49D5-A162-42BA65B3C81A_1_201_a.jpeg?resize=525%2C300&ssl=1 1.5x, https:\/\/i0.wp.com\/blogg.fumei.se\/wp-content\/uploads\/2022\/11\/03B3A59C-0AD3-49D5-A162-42BA65B3C81A_1_201_a.jpeg?resize=700%2C400&ssl=1 2x"},"classes":[]},{"id":3615,"url":"https:\/\/blogg.fumei.se\/?p=3615","url_meta":{"origin":5843,"position":4},"title":"Konfirmationsdags","author":"M :)","date":"2015-05-12","format":false,"excerpt":"\u00c4ldsta brorsdottern, Isabella, har konfirmerat sig. I s\u00f6ndags \u00e5kte jag med mor och far i bilen ner till Torup och gratulerade och lyck\u00f6nskade unga fr\u00f6ken. I kyrkan var det som vanligt n\u00e4r det \u00e4r sk familjeh\u00f6gtider, dvs en himla massa sm\u00e5 barn som inte har ett dugg lust att sitta\u2026","rel":"","context":"I \u201dVardagsliv\u201d","block_context":{"text":"Vardagsliv","link":"https:\/\/blogg.fumei.se\/?cat=47"},"img":{"alt_text":"bellakonf1","src":"https:\/\/i0.wp.com\/blogg.fumei.se\/wp-content\/uploads\/2015\/05\/bellakonf1-650x325.jpg?resize=350%2C200","width":350,"height":200,"srcset":"https:\/\/i0.wp.com\/blogg.fumei.se\/wp-content\/uploads\/2015\/05\/bellakonf1-650x325.jpg?resize=350%2C200 1x, https:\/\/i0.wp.com\/blogg.fumei.se\/wp-content\/uploads\/2015\/05\/bellakonf1-650x325.jpg?resize=525%2C300 1.5x"},"classes":[]},{"id":978,"url":"https:\/\/blogg.fumei.se\/?p=978","url_meta":{"origin":5843,"position":5},"title":"Glad midsommar!","author":"M :)","date":"2009-06-21","format":false,"excerpt":"Ja det var v\u00e4l egentligen i fredags man skulle s\u00e4ga det, men det \u00e4r ju faktiskt fortfarande midsommarhelg, s\u00e5 d\u00e5 s\u00e5! Jag tillbringade fredag och l\u00f6rdag hos mor och far. Det var lugnt och sk\u00f6nt och ingen midsommarstress, som det s\u00e4kert hade blivit om jag hade spenderat midsommaraftonen tillsammans med\u2026","rel":"","context":"I \u201dVardagsliv\u201d","block_context":{"text":"Vardagsliv","link":"https:\/\/blogg.fumei.se\/?cat=47"},"img":{"alt_text":"","src":"","width":0,"height":0},"classes":[]}],"_links":{"self":[{"href":"https:\/\/blogg.fumei.se\/index.php?rest_route=\/wp\/v2\/posts\/5843","targetHints":{"allow":["GET"]}}],"collection":[{"href":"https:\/\/blogg.fumei.se\/index.php?rest_route=\/wp\/v2\/posts"}],"about":[{"href":"https:\/\/blogg.fumei.se\/index.php?rest_route=\/wp\/v2\/types\/post"}],"author":[{"embeddable":true,"href":"https:\/\/blogg.fumei.se\/index.php?rest_route=\/wp\/v2\/users\/1"}],"replies":[{"embeddable":true,"href":"https:\/\/blogg.fumei.se\/index.php?rest_route=%2Fwp%2Fv2%2Fcomments&post=5843"}],"version-history":[{"count":1,"href":"https:\/\/blogg.fumei.se\/index.php?rest_route=\/wp\/v2\/posts\/5843\/revisions"}],"predecessor-version":[{"id":5846,"href":"https:\/\/blogg.fumei.se\/index.php?rest_route=\/wp\/v2\/posts\/5843\/revisions\/5846"}],"wp:attachment":[{"href":"https:\/\/blogg.fumei.se\/index.php?rest_route=%2Fwp%2Fv2%2Fmedia&parent=5843"}],"wp:term":[{"taxonomy":"category","embeddable":true,"href":"https:\/\/blogg.fumei.se\/index.php?rest_route=%2Fwp%2Fv2%2Fcategories&post=5843"},{"taxonomy":"post_tag","embeddable":true,"href":"https:\/\/blogg.fumei.se\/index.php?rest_route=%2Fwp%2Fv2%2Ftags&post=5843"}],"curies":[{"name":"wp","href":"https:\/\/api.w.org\/{rel}","templated":true}]}}