{"id":5847,"date":"2023-05-27T22:53:00","date_gmt":"2023-05-27T20:53:00","guid":{"rendered":"https:\/\/blogg.fumei.se\/?p=5847"},"modified":"2024-02-11T15:05:03","modified_gmt":"2024-02-11T14:05:03","slug":"unplugged-typ","status":"publish","type":"post","link":"https:\/\/blogg.fumei.se\/?p=5847","title":{"rendered":"Unplugged (typ)"},"content":{"rendered":"\n<p>Vi s\u00e5g och lyssnade p\u00e5 Janne Schaffer p\u00e5 Kooperativet p\u00e5 Lindholmen ikv\u00e4ll. En legendar i svenskt musikliv. Han har spelat med i princip a l l a! Och dessutom hunnit g\u00f6ra egna skivor och turn\u00e9er dessemellan! <br \/>Det bj\u00f6ds p\u00e5 allt fr\u00e5n ABBA till Ted till Taube, och s\u00e5 naturligtvis \u201dBrusa h\u00f6gre lilla \u00e5\u201d \u2764\ufe0f<\/p>\n\n\n\n<p>Han hade \u00e4ven med sig en kille som hette <a href=\"https:\/\/jonasgideon.com\/\">Jonas Gideon<\/a>, som spelade piano och sj\u00f6ng, otroligt bra ocks\u00e5 han!<br \/>Supern\u00f6jda med kv\u00e4llen, bra show, god mat och trevliga bordsgrannar.<\/p>\n\n\n\n<figure class=\"wp-block-image size-large\"><img data-recalc-dims=\"1\" loading=\"lazy\" decoding=\"async\" width=\"640\" height=\"359\" data-attachment-id=\"5848\" data-permalink=\"https:\/\/blogg.fumei.se\/?attachment_id=5848\" data-orig-file=\"https:\/\/i0.wp.com\/blogg.fumei.se\/wp-content\/uploads\/2024\/02\/141CE798-0531-4BD1-9BDA-15D635FAE902_1_201_a.jpeg?fit=1190%2C669&amp;ssl=1\" data-orig-size=\"1190,669\" data-comments-opened=\"1\" data-image-meta=\"{&quot;aperture&quot;:&quot;0&quot;,&quot;credit&quot;:&quot;&quot;,&quot;camera&quot;:&quot;&quot;,&quot;caption&quot;:&quot;&quot;,&quot;created_timestamp&quot;:&quot;0&quot;,&quot;copyright&quot;:&quot;&quot;,&quot;focal_length&quot;:&quot;0&quot;,&quot;iso&quot;:&quot;0&quot;,&quot;shutter_speed&quot;:&quot;0&quot;,&quot;title&quot;:&quot;&quot;,&quot;orientation&quot;:&quot;1&quot;}\" data-image-title=\"141CE798-0531-4BD1-9BDA-15D635FAE902_1_201_a\" data-image-description=\"\" data-image-caption=\"\" data-large-file=\"https:\/\/i0.wp.com\/blogg.fumei.se\/wp-content\/uploads\/2024\/02\/141CE798-0531-4BD1-9BDA-15D635FAE902_1_201_a.jpeg?fit=640%2C359&amp;ssl=1\" src=\"https:\/\/i0.wp.com\/blogg.fumei.se\/wp-content\/uploads\/2024\/02\/141CE798-0531-4BD1-9BDA-15D635FAE902_1_201_a.jpeg?resize=640%2C359&#038;ssl=1\" alt=\"\" class=\"wp-image-5848\" srcset=\"https:\/\/i0.wp.com\/blogg.fumei.se\/wp-content\/uploads\/2024\/02\/141CE798-0531-4BD1-9BDA-15D635FAE902_1_201_a.jpeg?resize=650%2C365&amp;ssl=1 650w, https:\/\/i0.wp.com\/blogg.fumei.se\/wp-content\/uploads\/2024\/02\/141CE798-0531-4BD1-9BDA-15D635FAE902_1_201_a.jpeg?resize=300%2C169&amp;ssl=1 300w, https:\/\/i0.wp.com\/blogg.fumei.se\/wp-content\/uploads\/2024\/02\/141CE798-0531-4BD1-9BDA-15D635FAE902_1_201_a.jpeg?resize=768%2C432&amp;ssl=1 768w, https:\/\/i0.wp.com\/blogg.fumei.se\/wp-content\/uploads\/2024\/02\/141CE798-0531-4BD1-9BDA-15D635FAE902_1_201_a.jpeg?resize=500%2C281&amp;ssl=1 500w, https:\/\/i0.wp.com\/blogg.fumei.se\/wp-content\/uploads\/2024\/02\/141CE798-0531-4BD1-9BDA-15D635FAE902_1_201_a.jpeg?w=1190&amp;ssl=1 1190w\" sizes=\"auto, (max-width: 640px) 100vw, 640px\" \/><\/figure>\n","protected":false},"excerpt":{"rendered":"<p>Vi s\u00e5g och lyssnade p\u00e5 Janne Schaffer p\u00e5 Kooperativet p\u00e5 Lindholmen ikv\u00e4ll. En legendar i svenskt musikliv. Han har spelat med i princip a l l a! Och dessutom hunnit g\u00f6ra egna skivor och turn\u00e9er dessemellan! Det bj\u00f6ds p\u00e5 allt fr\u00e5n ABBA till Ted till Taube, och s\u00e5 naturligtvis \u201dBrusa h\u00f6gre lilla \u00e5\u201d \u2764\ufe0f Han&#8230;<\/p>\n","protected":false},"author":1,"featured_media":0,"comment_status":"open","ping_status":"open","sticky":false,"template":"","format":"standard","meta":{"jetpack_post_was_ever_published":false,"_jetpack_newsletter_access":"","_jetpack_dont_email_post_to_subs":false,"_jetpack_newsletter_tier_id":0,"_jetpack_memberships_contains_paywalled_content":false,"_jetpack_memberships_contains_paid_content":false,"footnotes":"","jetpack_publicize_message":"","jetpack_publicize_feature_enabled":true,"jetpack_social_post_already_shared":true,"jetpack_social_options":{"image_generator_settings":{"template":"highway","default_image_id":0,"font":"","enabled":false},"version":2}},"categories":[48],"tags":[553,555,554],"class_list":["post-5847","post","type-post","status-publish","format-standard","hentry","category-musik","tag-janne-schaffer","tag-jonas-gideon","tag-kooperativet-lindholmen"],"jetpack_publicize_connections":[],"jetpack_featured_media_url":"","jetpack_shortlink":"https:\/\/wp.me\/p3qko4-1wj","jetpack_sharing_enabled":true,"jetpack_likes_enabled":true,"jetpack-related-posts":[{"id":982,"url":"https:\/\/blogg.fumei.se\/?p=982","url_meta":{"origin":5847,"position":0},"title":"Sj\u00e4lvklart","author":"M :)","date":"2009-06-16","format":false,"excerpt":"ringde hon som \u00e4r projektansvarig f\u00f6r sommarentrepren\u00f6rerna och undrade hur Sophia m\u00e5dde idag, f\u00f6r hon hade visst sagt till n\u00e5n av de andra att hon var sjuk. S\u00e5 gick det med hennes lilla vals om att hon inte beh\u00f6vde infinna sig.Det \"lustiga\" i hela historien \u00e4r att fr\u00e5n det \u00f6gonblick\u2026","rel":"","context":"I \u201dVardagsliv\u201d","block_context":{"text":"Vardagsliv","link":"https:\/\/blogg.fumei.se\/?cat=47"},"img":{"alt_text":"","src":"","width":0,"height":0},"classes":[]},{"id":828,"url":"https:\/\/blogg.fumei.se\/?p=828","url_meta":{"origin":5847,"position":1},"title":"Jag fick ett samtal","author":"M :)","date":"2009-01-03","format":false,"excerpt":"ifr\u00e5n fastighets\u00e4garen som lovat mig f\u00f6rsta lediga l\u00e4genhet i det hus han har h\u00e4r i \"byn\". Han sa att han hade hoppats kunna ge mig ett besked om vilken l\u00e4genhet jag ska f\u00e5 och kanske tom ett inflyttningsdatum, men det visade sig att det ar lite problem med det, i\u2026","rel":"","context":"I \u201dVardagsliv\u201d","block_context":{"text":"Vardagsliv","link":"https:\/\/blogg.fumei.se\/?cat=47"},"img":{"alt_text":"","src":"","width":0,"height":0},"classes":[]},{"id":1228,"url":"https:\/\/blogg.fumei.se\/?p=1228","url_meta":{"origin":5847,"position":2},"title":"Jaha&#8230;det var det roliga den h\u00e4r m\u00e5naden&#8230;","author":"M :)","date":"2009-12-02","format":false,"excerpt":"R\u00e4kningarna betalda och frysen och sk\u00e5pen laddade. Jag \u00e4r pank igen. F\u00f6r att vara helt \u00e4rlig \u00e4r jag s\u00e5 pank nu att jag rimligtvis borde ligga p\u00e5 minus. Och jag \u00e4r officiellt L E S S p\u00e5 det h\u00e4r nu!!","rel":"","context":"I \u201dVardagsliv\u201d","block_context":{"text":"Vardagsliv","link":"https:\/\/blogg.fumei.se\/?cat=47"},"img":{"alt_text":"","src":"","width":0,"height":0},"classes":[]},{"id":4403,"url":"https:\/\/blogg.fumei.se\/?p=4403","url_meta":{"origin":5847,"position":3},"title":"Ute blev inne","author":"M :)","date":"2017-06-22","format":false,"excerpt":"Ig\u00e5r var jag p\u00e5 konsert. Green Day spelade i Scandinavium med Rancid som f\u00f6rband. Fr\u00e5n b\u00f6rjan skulle de ha spelat p\u00e5 Slottskogsvallen, men fick flytta inomhus pga att de inte skulle hinna spela klart innan det enligt f\u00f6rordningarna som g\u00e4ller f\u00f6r omr\u00e5det. Det hade s\u00e4kert varit en upplevelse att f\u00e5\u2026","rel":"","context":"I \u201dMusik\u201d","block_context":{"text":"Musik","link":"https:\/\/blogg.fumei.se\/?cat=48"},"img":{"alt_text":"","src":"https:\/\/i0.wp.com\/blogg.fumei.se\/wp-content\/uploads\/2018\/01\/received_10155463740748928.jpeg?resize=350%2C200","width":350,"height":200,"srcset":"https:\/\/i0.wp.com\/blogg.fumei.se\/wp-content\/uploads\/2018\/01\/received_10155463740748928.jpeg?resize=350%2C200 1x, https:\/\/i0.wp.com\/blogg.fumei.se\/wp-content\/uploads\/2018\/01\/received_10155463740748928.jpeg?resize=525%2C300 1.5x, https:\/\/i0.wp.com\/blogg.fumei.se\/wp-content\/uploads\/2018\/01\/received_10155463740748928.jpeg?resize=700%2C400 2x, https:\/\/i0.wp.com\/blogg.fumei.se\/wp-content\/uploads\/2018\/01\/received_10155463740748928.jpeg?resize=1050%2C600 3x"},"classes":[]},{"id":1002,"url":"https:\/\/blogg.fumei.se\/?p=1002","url_meta":{"origin":5847,"position":4},"title":"B\u00f6cker, b\u00f6cker och \u00e5ter b\u00f6cker&#8230;","author":"M :)","date":"2009-06-05","format":false,"excerpt":"L\u00e4ste alldeles nyss det h\u00e4r inl\u00e4gget p\u00e5 Bokhora, och ins\u00e5g att det \u00e4r ju faktiskt samma saker som jag har t\u00e4nkt g\u00f6ra p\u00e5 min semester.Nu har v\u00e4l inte jag direkt hyllmeter med ol\u00e4sta b\u00f6cker, men v\u00e4ldigt m\u00e5nga \u00e4nd\u00e5. Dessutom har jag just n\u00e4mnda \"Buddenbrooks\" i min ol\u00e4sta samling.En annan klassiker\u2026","rel":"","context":"I \u201dVardagsliv\u201d","block_context":{"text":"Vardagsliv","link":"https:\/\/blogg.fumei.se\/?cat=47"},"img":{"alt_text":"","src":"","width":0,"height":0},"classes":[]},{"id":4133,"url":"https:\/\/blogg.fumei.se\/?p=4133","url_meta":{"origin":5847,"position":5},"title":"Man kan kl\u00e4mma in mycket p\u00e5 en helg&#8230;","author":"M :)","date":"2017-02-05","format":false,"excerpt":"Fredag 27 Januari \u00e5kte jag till Stockholm med Maria\u00a0f\u00f6r konsert med Green Day. D\u00e4r m\u00f6tte vi upp Linda och Anna\u00a0som \u00e5kt upp dagen innan. Efter att vi checkat in p\u00e5 hotellet (uppgraderade blev vi ocks\u00e5!) gick vi en sv\u00e4ng runt Norrmalm och kikade, fikade och tog en \u00f6l. Tillbaka p\u00e5\u2026","rel":"","context":"I \u201dVardagsliv\u201d","block_context":{"text":"Vardagsliv","link":"https:\/\/blogg.fumei.se\/?cat=47"},"img":{"alt_text":"","src":"https:\/\/i0.wp.com\/blogg.fumei.se\/wp-content\/uploads\/2017\/02\/31015.jpg?resize=350%2C200","width":350,"height":200},"classes":[]}],"_links":{"self":[{"href":"https:\/\/blogg.fumei.se\/index.php?rest_route=\/wp\/v2\/posts\/5847","targetHints":{"allow":["GET"]}}],"collection":[{"href":"https:\/\/blogg.fumei.se\/index.php?rest_route=\/wp\/v2\/posts"}],"about":[{"href":"https:\/\/blogg.fumei.se\/index.php?rest_route=\/wp\/v2\/types\/post"}],"author":[{"embeddable":true,"href":"https:\/\/blogg.fumei.se\/index.php?rest_route=\/wp\/v2\/users\/1"}],"replies":[{"embeddable":true,"href":"https:\/\/blogg.fumei.se\/index.php?rest_route=%2Fwp%2Fv2%2Fcomments&post=5847"}],"version-history":[{"count":1,"href":"https:\/\/blogg.fumei.se\/index.php?rest_route=\/wp\/v2\/posts\/5847\/revisions"}],"predecessor-version":[{"id":5849,"href":"https:\/\/blogg.fumei.se\/index.php?rest_route=\/wp\/v2\/posts\/5847\/revisions\/5849"}],"wp:attachment":[{"href":"https:\/\/blogg.fumei.se\/index.php?rest_route=%2Fwp%2Fv2%2Fmedia&parent=5847"}],"wp:term":[{"taxonomy":"category","embeddable":true,"href":"https:\/\/blogg.fumei.se\/index.php?rest_route=%2Fwp%2Fv2%2Fcategories&post=5847"},{"taxonomy":"post_tag","embeddable":true,"href":"https:\/\/blogg.fumei.se\/index.php?rest_route=%2Fwp%2Fv2%2Ftags&post=5847"}],"curies":[{"name":"wp","href":"https:\/\/api.w.org\/{rel}","templated":true}]}}