{"id":5871,"date":"2023-02-12T10:42:00","date_gmt":"2023-02-12T09:42:00","guid":{"rendered":"https:\/\/blogg.fumei.se\/?p=5871"},"modified":"2024-02-14T10:58:02","modified_gmt":"2024-02-14T09:58:02","slug":"slaktforskning-2","status":"publish","type":"post","link":"https:\/\/blogg.fumei.se\/?p=5871","title":{"rendered":"Sl\u00e4ktforskning"},"content":{"rendered":"\n<p>Jag har fuskat lite med sl\u00e4ktforskning sedan jag var ton\u00e5ring. Det b\u00f6rjade med att mamma och jag satt och tittade i gamla fotoalbum och hon ber\u00e4ttade om n\u00e5gra olika personer p\u00e5 bilderna. Jag blev nyfiken p\u00e5 hur alla h\u00f6rde ihop, s\u00e5 jag ritade upp ett sl\u00e4kttr\u00e4d utifr\u00e5n de uppgifter jag fick ut av mamma och pappa d\u00e5.<\/p>\n\n\n\n<p>Sedan blev allt liggande i flera \u00e5r, tills jag en dag kom p\u00e5 att snart \u00e4r det f\u00f6rsent att f\u00e5 veta mer, s\u00e4rskilt av de gamla i sl\u00e4kten. Mormor var redan borta, min morfar dog innan jag f\u00f6ddes, farfar hann jag inte tr\u00e4ffa igen efter att han och farmor flyttat tillbaka till Italien n\u00e4r jag fortfarande var liten och farmor var nu dement.<\/p>\n\n\n\n<p>S\u00e5 hur skulle jag g\u00f6ra nu?<br \/>De jag kunde kontakta kunde inte svara, och p\u00e5 grund av spr\u00e5ket kunde jag inte kontakta de i Italien.<br \/>Det var ju s\u00e5 h\u00e4r i backspegeln v\u00e4ldigt dumt att mina f\u00f6r\u00e4ldrar inte l\u00e4t oss syskon bli tv\u00e5spr\u00e5kiga redan fr\u00e5n b\u00f6rjan, f\u00f6r att l\u00e4ra sig italienska av n\u00e5gon som inte \u00e4r utbildad l\u00e4rare och att sen inte ha m\u00f6jlighet att prata spr\u00e5ket till vardags g\u00f6r ju att man inte kan s\u00e5 mycket.<\/p>\n\n\n\n<p>S\u00e5 jag skaffade ett konto p\u00e5 <a href=\"http:\/\/www.myheritage.com\" data-type=\"link\" data-id=\"www.myheritage.com\">myheritage.com<\/a>.<br \/>Det dr\u00f6jde inte l\u00e4nge f\u00f6rr\u00e4n jag hade lagt in alla uppgifter jag redan hade om sl\u00e4kten, och s\u00e5 kom det aviseringar fr\u00e5n sajten att det fanns kopplingar.<br \/>De flesta kopplingarna var helt upp\u00e5t v\u00e4ggarna, de baserades p\u00e5 samma efternamn eller samma f\u00f6delse\u00e5r som n\u00e5gon sl\u00e4kting, men n\u00e5gra var korrekta, och de personerna lade jag till i sl\u00e4kttr\u00e4det.<br \/>Allt eftersom tiden gick byggdes det p\u00e5 med fler personer, och till slut hade jag n\u00e5tt gr\u00e4nsen f\u00f6r hur m\u00e5nga personer man kan ha n\u00e4r man har ett gratiskonto. S\u00e5 jag skaffade ett premiumkonto, och nu kunde jag l\u00e4gga till m\u00e5nga fler.<\/p>\n\n\n\n<p>Efter n\u00e5gra \u00e5r b\u00f6rjade man kunna k\u00f6pa DNA-tester via sajten, s\u00e5 jag gjorde ett, och fick ett lite \u00f6verraskande resultat.<br \/>Det visade sig att vi hade ursprung inte bara i Italien och Danmark, men \u00e4ven i England\/Storbritannien och Ryssland\/Ukraina.<\/p>\n\n\n\n<p>Julen 2020 gav jag mamma ett test och \u00e5ret efter tog Mikael ocks\u00e5 ett test. Min bror Silvio hade redan gjort ett test f\u00f6r flera \u00e5r sedan.<\/p>\n\n\n\n<p>Nu har jag hittat massor av sl\u00e4ktingar som b\u00e5de \u00e4r ganska n\u00e4ra sl\u00e4kt, men \u00e4ven s\u00e5dana som man knappt kan r\u00e4kna som sl\u00e4kt, det kan till exempel vara farmors kusins halvsysters makes barnbarn, och det \u00e4r ju ganska l\u00e5ngt ut i periferin.<\/p>\n\n\n\n<p>Det \u00e4r inga problem att hitta sl\u00e4ktingar till den danska delen av familjen, inte heller har jag n\u00e5gra problem att hitta sl\u00e4ktingar till min farmor, men p\u00e5 farfars sida verkar det vara om\u00f6jligt att g\u00e5 vidare fr\u00e5n honom.<br \/>Jag har bara mammas och pappas muntliga uppgifter om namn p\u00e5 farfars f\u00f6r\u00e4ldrar och syskon och var i Italien de kom ifr\u00e5n, men jag hittar inga kopplingar eller n\u00e5got alls i arkiven p\u00e5 Myheritage om n\u00e5gon av dem.<\/p>\n\n\n\n<p>Jag hittade ett italienskt sl\u00e4ktforskningsforum, men fick inte n\u00e5gra svar d\u00e4r heller, s\u00e5 nu \u00e4r jag lite inne p\u00e5 att kontakta en tidning i staden d\u00e4r det s\u00e4gs att de kom ifr\u00e5n, och efterlysa sl\u00e4ktingar den v\u00e4gen.<br \/>Vi f\u00e5r se hur jag g\u00f6r och om det funkar.<\/p>\n","protected":false},"excerpt":{"rendered":"<p>Jag har fuskat lite med sl\u00e4ktforskning sedan jag var ton\u00e5ring. Det b\u00f6rjade med att mamma och jag satt och tittade i gamla fotoalbum och hon ber\u00e4ttade om n\u00e5gra olika personer p\u00e5 bilderna. Jag blev nyfiken p\u00e5 hur alla h\u00f6rde ihop, s\u00e5 jag ritade upp ett sl\u00e4kttr\u00e4d utifr\u00e5n de uppgifter jag fick ut av mamma och&#8230;<\/p>\n","protected":false},"author":1,"featured_media":0,"comment_status":"open","ping_status":"open","sticky":false,"template":"","format":"standard","meta":{"jetpack_post_was_ever_published":false,"_jetpack_newsletter_access":"","_jetpack_dont_email_post_to_subs":false,"_jetpack_newsletter_tier_id":0,"_jetpack_memberships_contains_paywalled_content":false,"_jetpack_memberships_contains_paid_content":false,"footnotes":"","jetpack_publicize_message":"","jetpack_publicize_feature_enabled":true,"jetpack_social_post_already_shared":true,"jetpack_social_options":{"image_generator_settings":{"template":"highway","default_image_id":0,"font":"","enabled":false},"version":2}},"categories":[34,47],"tags":[216,558],"class_list":["post-5871","post","type-post","status-publish","format-standard","hentry","category-familjen","category-vardagsliv","tag-slakt","tag-slaktforskning"],"jetpack_publicize_connections":[],"jetpack_featured_media_url":"","jetpack_shortlink":"https:\/\/wp.me\/p3qko4-1wH","jetpack_sharing_enabled":true,"jetpack_likes_enabled":true,"jetpack-related-posts":[{"id":591,"url":"https:\/\/blogg.fumei.se\/?p=591","url_meta":{"origin":5871,"position":0},"title":"Vi \u00e4r inte s\u00e5 m\u00e5nga","author":"M :)","date":"2008-10-26","format":false,"excerpt":"i Sverige som b\u00e4r det efternamn som jag g\u00f6r. Det \u00e4r jag, mor och far, Roberto och hans Isabella, Silvio och (tror jag) Lovisa (och kanske n\u00e5n dag \u00e4ven Emma?) och s\u00e5 mina barn; Sophia och Robin. Det blir 9 personer som mest, och 8 som minst.I Italien finns det\u2026","rel":"","context":"I \u201dVardagsliv\u201d","block_context":{"text":"Vardagsliv","link":"https:\/\/blogg.fumei.se\/?cat=47"},"img":{"alt_text":"","src":"","width":0,"height":0},"classes":[]},{"id":816,"url":"https:\/\/blogg.fumei.se\/?p=816","url_meta":{"origin":5871,"position":1},"title":"Sl\u00e4ktforskning","author":"M :)","date":"2009-01-11","format":false,"excerpt":"F\u00f6r n\u00e5gra \u00e5r sedan b\u00f6rjade jag och mamma kolla upp sl\u00e4kten bak\u00e5t i tiden. B\u00e5de mammas sida av sl\u00e4kten och pappas sida. P\u00e5 mammas sida har vi kommit till hennes gammelmormor, med n\u00e5gra luckor h\u00e4r och var, men p\u00e5 pappas sida \u00e4r det lite sv\u00e5rare. Det var n\u00e4mligen s\u00e5 att\u2026","rel":"","context":"I \u201dVardagsliv\u201d","block_context":{"text":"Vardagsliv","link":"https:\/\/blogg.fumei.se\/?cat=47"},"img":{"alt_text":"","src":"","width":0,"height":0},"classes":[]},{"id":4066,"url":"https:\/\/blogg.fumei.se\/?p=4066","url_meta":{"origin":5871,"position":2},"title":"Grattis i efterskott!","author":"M :)","date":"2017-01-18","format":false,"excerpt":"Ig\u00e5r var det f\u00f6delsedagsdags igen i sl\u00e4kten. Dels min egen, men ocks\u00e5 lillprins Victors \u00e5ttonde f\u00f6delsedag! F\u00f6rl\u00e5t s\u00e5 j\u00e4ttemycket att det inte kom p\u00e5 bloggen p\u00e5 den r\u00e4tta dagen, men faster jobbade b\u00e5de ig\u00e5r och idag, och ig\u00e5r ville jag ju inte sitta vid datorn n\u00e4r jag hade g\u00e4ster hemma,\u2026","rel":"","context":"I \u201dFamiljen\u201d","block_context":{"text":"Familjen","link":"https:\/\/blogg.fumei.se\/?cat=34"},"img":{"alt_text":"","src":"https:\/\/i0.wp.com\/blogg.fumei.se\/wp-content\/uploads\/2017\/01\/Victor8%C3%A5r-emeff2017.png?resize=350%2C200","width":350,"height":200,"srcset":"https:\/\/i0.wp.com\/blogg.fumei.se\/wp-content\/uploads\/2017\/01\/Victor8%C3%A5r-emeff2017.png?resize=350%2C200 1x, https:\/\/i0.wp.com\/blogg.fumei.se\/wp-content\/uploads\/2017\/01\/Victor8%C3%A5r-emeff2017.png?resize=525%2C300 1.5x"},"classes":[]},{"id":3313,"url":"https:\/\/blogg.fumei.se\/?p=3313","url_meta":{"origin":5871,"position":3},"title":"Sol och sommar och halva tjocka sl\u00e4kten","author":"M :)","date":"2014-06-02","format":false,"excerpt":"I l\u00f6rdags var det dags f\u00f6r dop f\u00f6r Juliah. Det hela gick av stapeln i Eggby kyrka, som enkelt f\u00f6rklarat ligger utanf\u00f6r Varnhem, mellan Sk\u00f6vde och Skara. En v\u00e4ldigt fin gammal kyrka, den \u00e4ldsta bevarade delen \u00e4r fr\u00e5n medeltiden och dopfunten \u00e4r \u00e4nda fr\u00e5n 1100-talet. (Ja, jag gillar gamla byggnader\u2026","rel":"","context":"I \u201dFamiljen\u201d","block_context":{"text":"Familjen","link":"https:\/\/blogg.fumei.se\/?cat=34"},"img":{"alt_text":"","src":"https:\/\/i0.wp.com\/blogg.fumei.se\/wp-content\/uploads\/2014\/06\/CIMG0028.jpg?resize=350%2C200","width":350,"height":200,"srcset":"https:\/\/i0.wp.com\/blogg.fumei.se\/wp-content\/uploads\/2014\/06\/CIMG0028.jpg?resize=350%2C200 1x, https:\/\/i0.wp.com\/blogg.fumei.se\/wp-content\/uploads\/2014\/06\/CIMG0028.jpg?resize=525%2C300 1.5x, https:\/\/i0.wp.com\/blogg.fumei.se\/wp-content\/uploads\/2014\/06\/CIMG0028.jpg?resize=700%2C400 2x, https:\/\/i0.wp.com\/blogg.fumei.se\/wp-content\/uploads\/2014\/06\/CIMG0028.jpg?resize=1050%2C600 3x, https:\/\/i0.wp.com\/blogg.fumei.se\/wp-content\/uploads\/2014\/06\/CIMG0028.jpg?resize=1400%2C800 4x"},"classes":[]},{"id":590,"url":"https:\/\/blogg.fumei.se\/?p=590","url_meta":{"origin":5871,"position":4},"title":"Avdelningen on\u00f6digt vetande","author":"M :)","date":"2008-10-26","format":false,"excerpt":"man kan l\u00e4ra sig en massa saker genom att se p\u00e5 History Channel. Bla har jag idag l\u00e4rt mig att det finns ett Burg Frankestein (Frakensteins slott) utanf\u00f6r Darmstadt i Tyskland. Det har sedan tidig medeltid varit bebott av sl\u00e4kten Frankenstein, och tydligen finns det en legend om en Georg\u2026","rel":"","context":"I \u201dVardagsliv\u201d","block_context":{"text":"Vardagsliv","link":"https:\/\/blogg.fumei.se\/?cat=47"},"img":{"alt_text":"","src":"","width":0,"height":0},"classes":[]},{"id":5103,"url":"https:\/\/blogg.fumei.se\/?p=5103","url_meta":{"origin":5871,"position":5},"title":"\u00c4lskade mamma!","author":"M :)","date":"2022-03-08","format":false,"excerpt":"Det h\u00e4r \u00e4r min mamma \u2764\ufe0fMina br\u00f6ders mamma och min halvsysters bonusmamma. Mormor och farmor till mina och mina syskons barn, moster, faster och syster. Hon som bar mig under sitt hj\u00e4rta i 9 m\u00e5nader och i hj\u00e4rtat hela sitt liv. Som alltid satt mig och mina br\u00f6der f\u00f6re allt\u2026","rel":"","context":"I \u201dFamiljen\u201d","block_context":{"text":"Familjen","link":"https:\/\/blogg.fumei.se\/?cat=34"},"img":{"alt_text":"","src":"https:\/\/i0.wp.com\/blogg.fumei.se\/wp-content\/uploads\/2022\/11\/03B3A59C-0AD3-49D5-A162-42BA65B3C81A_1_201_a.jpeg?resize=350%2C200&ssl=1","width":350,"height":200,"srcset":"https:\/\/i0.wp.com\/blogg.fumei.se\/wp-content\/uploads\/2022\/11\/03B3A59C-0AD3-49D5-A162-42BA65B3C81A_1_201_a.jpeg?resize=350%2C200&ssl=1 1x, https:\/\/i0.wp.com\/blogg.fumei.se\/wp-content\/uploads\/2022\/11\/03B3A59C-0AD3-49D5-A162-42BA65B3C81A_1_201_a.jpeg?resize=525%2C300&ssl=1 1.5x, https:\/\/i0.wp.com\/blogg.fumei.se\/wp-content\/uploads\/2022\/11\/03B3A59C-0AD3-49D5-A162-42BA65B3C81A_1_201_a.jpeg?resize=700%2C400&ssl=1 2x"},"classes":[]}],"_links":{"self":[{"href":"https:\/\/blogg.fumei.se\/index.php?rest_route=\/wp\/v2\/posts\/5871","targetHints":{"allow":["GET"]}}],"collection":[{"href":"https:\/\/blogg.fumei.se\/index.php?rest_route=\/wp\/v2\/posts"}],"about":[{"href":"https:\/\/blogg.fumei.se\/index.php?rest_route=\/wp\/v2\/types\/post"}],"author":[{"embeddable":true,"href":"https:\/\/blogg.fumei.se\/index.php?rest_route=\/wp\/v2\/users\/1"}],"replies":[{"embeddable":true,"href":"https:\/\/blogg.fumei.se\/index.php?rest_route=%2Fwp%2Fv2%2Fcomments&post=5871"}],"version-history":[{"count":3,"href":"https:\/\/blogg.fumei.se\/index.php?rest_route=\/wp\/v2\/posts\/5871\/revisions"}],"predecessor-version":[{"id":5874,"href":"https:\/\/blogg.fumei.se\/index.php?rest_route=\/wp\/v2\/posts\/5871\/revisions\/5874"}],"wp:attachment":[{"href":"https:\/\/blogg.fumei.se\/index.php?rest_route=%2Fwp%2Fv2%2Fmedia&parent=5871"}],"wp:term":[{"taxonomy":"category","embeddable":true,"href":"https:\/\/blogg.fumei.se\/index.php?rest_route=%2Fwp%2Fv2%2Fcategories&post=5871"},{"taxonomy":"post_tag","embeddable":true,"href":"https:\/\/blogg.fumei.se\/index.php?rest_route=%2Fwp%2Fv2%2Ftags&post=5871"}],"curies":[{"name":"wp","href":"https:\/\/api.w.org\/{rel}","templated":true}]}}