{"id":59,"date":"2011-03-17T20:18:00","date_gmt":"2011-03-17T20:18:00","guid":{"rendered":"\/Blogg\/post\/Regler-att-folja.aspx"},"modified":"2011-03-17T20:18:00","modified_gmt":"2011-03-17T20:18:00","slug":"regler-att-folja","status":"publish","type":"post","link":"https:\/\/blogg.fumei.se\/?p=59","title":{"rendered":"Regler att f\u00f6lja"},"content":{"rendered":"<p>N&auml;r man digiscrappar som jag g&ouml;r, s&aring; anv&auml;nder man sig av scrap kits som man antingen kan hitta gratis p&aring; n&auml;tet eller k&ouml;pa i s&auml;rskilda digiscrap-butiker. Alla som skapar ett digiscrap kit har n&aring;gra regler &#8211; TOU (Terms of use) &#8211; f&ouml;r hur de vill att man ska och inte ska anv&auml;nda deras skapelser, tex vill de flesta som ger ut dem gratis inte att man ska skapa\/tillverka n&aring;got som man sedan tj&auml;nar pengar p&aring;. Det kan jag f&ouml;rst&aring;, eftersom man sj&auml;lv fick det gratis fr&aring;n b&ouml;rjan. Ig&aring;r gjorde jag ju en header till Kerstins blogg, men s&aring;g vid en n&auml;rmare koll i Kristins TOU att man inte f&aring;r anv&auml;nda kitet f&ouml;r web-layouter och liknande, s&aring; jag k&auml;nde att jag var tvungen att maila och fr&aring;ga:<\/p>\n<div><em>Hello,<\/em><\/div>\n<div><em>I bought the Bookworm kit by <span style=\"font-family: Times New Roman;\">Kristin Cronin-Barrow a couple of weeks ago. Today I made a header for a friends blog, but decided to read the TOU carefully one more time, and found that it says<\/span><\/em><\/div>\n<div><span style=\"font-family: Times New Roman;\"><em>&ldquo; YOU MAY NOT use our items for the purpose of web design or web templates, eBay product pages or eBay about me pages, or cards without permission. If you are interested in this type of use, please contact our designers on an individual basis at to discuss the proper licensing.&rdquo;<\/em><\/span><\/div>\n<div><em>&nbsp;<\/em><\/div>\n<div><span style=\"font-family: Times New Roman;\"><em>Now my question is: can my friend still use the image I made as a header for her blog, or should she use it as a email signature tag instead? The blog is strictly non-commercial, it is a blog about books and reading, and my friend writes it solely for the fun of it and she makes no profit from it. The blog is in swedish, and you can find it here<\/em><\/span><\/div>\n<div><a title=\"http:\/\/elilaserochskriver.wordpress.com\/\" href=\"wlmailhtml:{1D7727BA-11D7-4EC7-91BD-BE1A984DF651}mid:\/\/00000015\/!x-usc:http:\/\/elilaserochskriver.wordpress.com\/\" target=\"_blank\"><em>http:\/\/elilaserochskriver.wordpress.com\/<\/em><\/a><\/div>\n<div>&nbsp;<\/div>\n<div>Idag fick jag svar:<\/div>\n<div>&nbsp;<\/div>\n<div><em>Hi There! You are more than welcome to use my designs for personal blog use. no worries!! Thanks for asking \ud83d\ude42 &#8211;Kristin<\/em><\/div>\n<div><em><\/em>&nbsp;<\/div>\n<div>S&aring; nu vet du, Kerstin &#8211; slit den med h&auml;lsan!<\/div>\n","protected":false},"excerpt":{"rendered":"<p>N&auml;r man digiscrappar som jag g&ouml;r, s&aring; anv&auml;nder man sig av scrap kits som man antingen kan hitta gratis p&aring; n&auml;tet eller k&ouml;pa i s&auml;rskilda digiscrap-butiker. Alla som skapar ett digiscrap kit har n&aring;gra regler &#8211; TOU (Terms of use) &#8211; f&ouml;r hur de vill att man ska och inte ska anv&auml;nda deras skapelser, tex&#8230;<\/p>\n","protected":false},"author":1,"featured_media":0,"comment_status":"open","ping_status":"open","sticky":false,"template":"","format":"standard","meta":{"jetpack_post_was_ever_published":false,"_jetpack_newsletter_access":"","_jetpack_dont_email_post_to_subs":false,"_jetpack_newsletter_tier_id":0,"_jetpack_memberships_contains_paywalled_content":false,"_jetpack_memberships_contains_paid_content":false,"footnotes":"","jetpack_publicize_message":"","jetpack_publicize_feature_enabled":true,"jetpack_social_post_already_shared":false,"jetpack_social_options":{"image_generator_settings":{"template":"highway","default_image_id":0,"font":"","enabled":false},"version":2}},"categories":[47],"tags":[],"class_list":["post-59","post","type-post","status-publish","format-standard","hentry","category-vardagsliv"],"jetpack_publicize_connections":[],"jetpack_featured_media_url":"","jetpack_shortlink":"https:\/\/wp.me\/p3qko4-X","jetpack_sharing_enabled":true,"jetpack_likes_enabled":true,"jetpack-related-posts":[{"id":2939,"url":"https:\/\/blogg.fumei.se\/?p=2939","url_meta":{"origin":59,"position":0},"title":"Buzzning &#8211; SMS-grupp","author":"M :)","date":"2013-04-25","format":false,"excerpt":"Jag har haft chansen, f\u00f6rm\u00e5nen och gl\u00e4djen att buzza SMS-grupp i n\u00e5gra veckor nu, och jag m\u00e5ste s\u00e4ga att det \u00e4r en av de trevligare och b\u00e4ttre kampanjerna jag varit med i. SMSgrupp \u00e4r ett nytt smart s\u00e4tt att SMSa i grupper. Du skapar grupper helt gratis d\u00e4r du l\u00e4gger\u2026","rel":"","context":"I \u201dVardagsliv\u201d","block_context":{"text":"Vardagsliv","link":"https:\/\/blogg.fumei.se\/?cat=47"},"img":{"alt_text":"","src":"","width":0,"height":0},"classes":[]},{"id":153,"url":"https:\/\/blogg.fumei.se\/?p=153","url_meta":{"origin":59,"position":1},"title":"Om ni inte m\u00e4rkte det sj\u00e4lva","author":"M :)","date":"2010-11-25","format":false,"excerpt":"s\u00e5 \u00e4r jag klar med att fixa med bloggen f\u00f6r den h\u00e4r g\u00e5ngen. Blev ganska n\u00f6jd, lite vintrigt tema i headern utan att f\u00f6r den skull vara \u00f6verdrivet sn\u00f6igt. Lite n\u00e4rmare jul kommer det nog en mera julig header... Idag har jag slitit som ett djur p\u00e5 jobbet, men det\u2026","rel":"","context":"I \u201dVardagsliv\u201d","block_context":{"text":"Vardagsliv","link":"https:\/\/blogg.fumei.se\/?cat=47"},"img":{"alt_text":"","src":"","width":0,"height":0},"classes":[]},{"id":1578,"url":"https:\/\/blogg.fumei.se\/?p=1578","url_meta":{"origin":59,"position":2},"title":"S\u00f6ndagsutmaning p\u00e5 en m\u00e5ndag","author":"M :)","date":"2011-10-03","format":false,"excerpt":"Kerstin\u00a0har en kul liten utmaning i sin blogg. Den utg\u00e5r ifr\u00e5n en lista med b\u00f6cker d\u00e4r man ska markera vilka man l\u00e4st. Det s\u00e4gs att det \u00e4r engelska BBC som satt ihop listan utefter vad den genomsnittlige m\u00e4nniskan l\u00e4st. Jag g\u00f6r (n\u00e4stan) som Kerstin, och markerar de jag l\u00e4st med\u2026","rel":"","context":"I \u201dVardagsliv\u201d","block_context":{"text":"Vardagsliv","link":"https:\/\/blogg.fumei.se\/?cat=47"},"img":{"alt_text":"","src":"","width":0,"height":0},"classes":[]},{"id":211,"url":"https:\/\/blogg.fumei.se\/?p=211","url_meta":{"origin":59,"position":3},"title":"So much to do, so little time&#8230;","author":"M :)","date":"2010-06-23","format":false,"excerpt":"Nu n\u00e4r det \u00e4r klart med uppeh\u00e5llstillst\u00e5nd m\u00e5ste jag: ringa KF och meddela att jag ska bli sambo, och att de m\u00e5ste g\u00f6ra en omr\u00e4kning tills vidare. ringa kommunen och h\u00f6ra hur man g\u00e5r tillv\u00e4ga med integrationsprojektet. kolla med Transportstyrelsen vilka regler som g\u00e4ller f\u00f6r k\u00f6rkort fr\u00e5n CR. skaffa en\u2026","rel":"","context":"I \u201dVardagsliv\u201d","block_context":{"text":"Vardagsliv","link":"https:\/\/blogg.fumei.se\/?cat=47"},"img":{"alt_text":"","src":"","width":0,"height":0},"classes":[]},{"id":1225,"url":"https:\/\/blogg.fumei.se\/?p=1225","url_meta":{"origin":59,"position":4},"title":"Bokrecension &#8211; The Host","author":"M :)","date":"2009-12-07","format":false,"excerpt":"\u201dThe Host\u201d (p\u00e5 svenska \u201cGenom dina \u00f6gon\u201d) av Stephenie Meyer.P\u00e5 bokens baksida:Melanie Stryder refuses to fade away. The earth has been invaded by a species that take over the minds of their human hosts while leaving their bodies intact, and most of humanity has succumbed.Wanderer, the invading \"soul\" who has\u2026","rel":"","context":"I \u201dB\u00f6cker och l\u00e4sning\u201d","block_context":{"text":"B\u00f6cker och l\u00e4sning","link":"https:\/\/blogg.fumei.se\/?cat=29"},"img":{"alt_text":"","src":"","width":0,"height":0},"classes":[]},{"id":3214,"url":"https:\/\/blogg.fumei.se\/?p=3214","url_meta":{"origin":59,"position":5},"title":"Bebis p\u00e5 G","author":"M :)","date":"2014-02-02","format":false,"excerpt":"Ingen har v\u00e4l missat att jag ska bl mormor? Snart sm\u00e4ller det, dessutom, lilltjejen (ja, vi vet att det blir en flicka) \u00e4r ber\u00e4knad att titta ut den 8:e Mars. Fast personligen tror jag att hon kommer tidigare. \u00c5 andra sidan, om Fia br\u00e5s p\u00e5 mig, s\u00e5 g\u00e5r hon ett\u2026","rel":"","context":"I \u201dFamiljen\u201d","block_context":{"text":"Familjen","link":"https:\/\/blogg.fumei.se\/?cat=34"},"img":{"alt_text":"2014-02-01 14.49.24","src":"https:\/\/i0.wp.com\/blogg.fumei.se\/wp-content\/uploads\/2014\/02\/2014-02-01-14.49.24.jpg?resize=350%2C200","width":350,"height":200,"srcset":"https:\/\/i0.wp.com\/blogg.fumei.se\/wp-content\/uploads\/2014\/02\/2014-02-01-14.49.24.jpg?resize=350%2C200 1x, https:\/\/i0.wp.com\/blogg.fumei.se\/wp-content\/uploads\/2014\/02\/2014-02-01-14.49.24.jpg?resize=525%2C300 1.5x"},"classes":[]}],"_links":{"self":[{"href":"https:\/\/blogg.fumei.se\/index.php?rest_route=\/wp\/v2\/posts\/59","targetHints":{"allow":["GET"]}}],"collection":[{"href":"https:\/\/blogg.fumei.se\/index.php?rest_route=\/wp\/v2\/posts"}],"about":[{"href":"https:\/\/blogg.fumei.se\/index.php?rest_route=\/wp\/v2\/types\/post"}],"author":[{"embeddable":true,"href":"https:\/\/blogg.fumei.se\/index.php?rest_route=\/wp\/v2\/users\/1"}],"replies":[{"embeddable":true,"href":"https:\/\/blogg.fumei.se\/index.php?rest_route=%2Fwp%2Fv2%2Fcomments&post=59"}],"version-history":[{"count":1,"href":"https:\/\/blogg.fumei.se\/index.php?rest_route=\/wp\/v2\/posts\/59\/revisions"}],"predecessor-version":[{"id":1327,"href":"https:\/\/blogg.fumei.se\/index.php?rest_route=\/wp\/v2\/posts\/59\/revisions\/1327"}],"wp:attachment":[{"href":"https:\/\/blogg.fumei.se\/index.php?rest_route=%2Fwp%2Fv2%2Fmedia&parent=59"}],"wp:term":[{"taxonomy":"category","embeddable":true,"href":"https:\/\/blogg.fumei.se\/index.php?rest_route=%2Fwp%2Fv2%2Fcategories&post=59"},{"taxonomy":"post_tag","embeddable":true,"href":"https:\/\/blogg.fumei.se\/index.php?rest_route=%2Fwp%2Fv2%2Ftags&post=59"}],"curies":[{"name":"wp","href":"https:\/\/api.w.org\/{rel}","templated":true}]}}