{"id":61,"date":"2011-03-08T17:09:00","date_gmt":"2011-03-08T17:09:00","guid":{"rendered":"\/Blogg\/post\/30-dagar-i-bocker-Dag-28-till-30.aspx"},"modified":"2011-08-30T09:52:14","modified_gmt":"2011-08-30T07:52:14","slug":"30-dagar-i-bocker-dag-28-till-30","status":"publish","type":"post","link":"https:\/\/blogg.fumei.se\/?p=61","title":{"rendered":"30 dagar i b\u00f6cker &#8211; Dag 28 till 30"},"content":{"rendered":"<p>H\u00e4r kommer nu de sista tre dagarna i bokenk\u00e4ten:<\/p>\n<p><strong>Day 28 \u2013 Favorite title<\/strong><\/p>\n<p>Det finns m\u00e5nga roliga, underfundiga, minnesv\u00e4rda och bra titlar, men en av de jag tycker b\u00e4st om \u00e4r till en bok jag inte ens l\u00e4st; <strong><a href=\"http:\/\/sv.wikipedia.org\/wiki\/P%C3%A5_spaning_efter_den_tid_som_flytt\" target=\"_blank\">[P\u00e5 spaning efter den tid som flytt]<\/a><\/strong> av Marcel Proust. P\u00e5 franska l\u00e5ter det \u00e4nnu vackrare:\u00a0 <em>\u00c0\u00a0la recherche du temps perdu.<\/em> Det l\u00e5ter p\u00e5 n\u00e5got s\u00e4tt mer magiskt och vackert (fast det g\u00f6r iofs de flesta titlar\u00a0p\u00e5 sina\u00a0originalspr\u00e5k), som om man kommer att hitta en magisk v\u00e4rld eller tid man inte v\u00e4ntar sig.\u00a0Jag f\u00e5r nog se till att l\u00e4sa den d\u00e4r och se om den \u00e4r s\u00e5 bra som titeln s\u00e4ger mig att den \u00e4r.<\/p>\n<p><strong>Day 29 \u2013 A book everyone hated but you liked<\/strong><\/p>\n<p>H\u00e5ll i er nu, f\u00f6r h\u00e4r kommer det: <a href=\"http:\/\/sv.wikipedia.org\/wiki\/Den_f%C3%B6rlorade_symbolen\" target=\"_blank\"><strong>[Den f\u00f6rlorade symbolen]<\/strong><\/a> av Dan Brown. Det var inte s\u00e5 att jag \u00e4lskade den, men tv\u00e4rtemot &#8221;alla andra&#8221;, som tycks anse att den \u00e4r bland den v\u00e4rsta sm\u00f6rja som tryckts, s\u00e5 gillade jag den. De var lagom intressant, invecklad, intrigerande och skum, men samtidigt en bok man klarar av att l\u00e4gga ifr\u00e5n sig f\u00f6r att sova eller \u00e4ta eller bada eller vad man nu beh\u00f6ver g\u00f6ra. Men s\u00e5 \u00e4lskar jag ju konspirationsteorier i alla former, och g\u00e5tor och mystiska ting likas\u00e5.<\/p>\n<p><strong>Day 30 \u2013 Your favorite book of all time<\/strong><\/p>\n<p>Allts\u00e5, jag f\u00f6rst\u00e5r varf\u00f6r den h\u00e4r fr\u00e5gan kom sist. Den \u00e4r ju j\u00e4ttesv\u00e5r att svara p\u00e5! Jag har massvis med favoritb\u00f6cker, men just nu kan jag f\u00f6r mitt liv inte komma p\u00e5 vilken som \u00e4r den absoluta favvo-favoriten. Det jag kan komma p\u00e5 \u00e4r vilken bok som fick mig fast i sp\u00f6ksagornas och sagosp\u00f6kenas\u00a0v\u00e4rld; <strong><a href=\"http:\/\/en.wikipedia.org\/wiki\/Which_Witch%3F\" target=\"_blank\">[H\u00e4xt\u00e4vlingen]<\/a><\/strong> av Eva Ibbotson.<\/p>\n<p>Jag vann boken i en tipspromenad p\u00e5 Trollh\u00e4ttans stadsmuseums sportlovsaktiviteter n\u00e4r jag var 11 \u00e5r, och jag l\u00e4ste den och l\u00e4ste om den m\u00e5nga g\u00e5nger under \u00e5ren. Tyv\u00e4rr f\u00f6rsvann den i en flytt f\u00f6r n\u00e5gra \u00e5r sedan, s\u00e5 nu \u00e4r det l\u00e4nge sedan jag l\u00e4ste den. Den \u00e4r bra skriven, rolig och sp\u00e4nnande p\u00e5 samma g\u00e5ng, och i vuxen \u00e5lder kan jag uppskatta Ibbotsons b\u00f6cker f\u00f6r de sm\u00e5 satiriska vinkar hon lade in i ber\u00e4ttelserna.<\/p>\n","protected":false},"excerpt":{"rendered":"<p>H\u00e4r kommer nu de sista tre dagarna i bokenk\u00e4ten: Day 28 \u2013 Favorite title Det finns m\u00e5nga roliga, underfundiga, minnesv\u00e4rda och bra titlar, men en av de jag tycker b\u00e4st om \u00e4r till en bok jag inte ens l\u00e4st; [P\u00e5 spaning efter den tid som flytt] av Marcel Proust. P\u00e5 franska l\u00e5ter det \u00e4nnu vackrare:\u00a0&#8230;<\/p>\n","protected":false},"author":1,"featured_media":0,"comment_status":"open","ping_status":"open","sticky":false,"template":"","format":"standard","meta":{"jetpack_post_was_ever_published":false,"_jetpack_newsletter_access":"","_jetpack_dont_email_post_to_subs":false,"_jetpack_newsletter_tier_id":0,"_jetpack_memberships_contains_paywalled_content":false,"_jetpack_memberships_contains_paid_content":false,"footnotes":"","jetpack_publicize_message":"","jetpack_publicize_feature_enabled":true,"jetpack_social_post_already_shared":false,"jetpack_social_options":{"image_generator_settings":{"template":"highway","default_image_id":0,"font":"","enabled":false},"version":2}},"categories":[47],"tags":[],"class_list":["post-61","post","type-post","status-publish","format-standard","hentry","category-vardagsliv"],"jetpack_publicize_connections":[],"jetpack_featured_media_url":"","jetpack_shortlink":"https:\/\/wp.me\/p3qko4-Z","jetpack_sharing_enabled":true,"jetpack_likes_enabled":true,"jetpack-related-posts":[{"id":62,"url":"https:\/\/blogg.fumei.se\/?p=62","url_meta":{"origin":61,"position":0},"title":"30 dagar i b\u00f6cker &#8211; Dag 20 till 27","author":"M :)","date":"2011-03-03","format":false,"excerpt":"Jag har ju som bekant inte m\u00e5tt alltf\u00f6r bra, s\u00e5 jag tar v\u00e4l igen den missade veckan\u00a0 i ett svep.\u00a0F\u00f6r er som har missat att jag varit sjuk kommer det ett annat inl\u00e4gg om det senare. Men nu g\u00e4ller det b\u00f6cker. Day 20 \u2013 Favorite romance book Jag funderar lite\u2026","rel":"","context":"I \u201dVardagsliv\u201d","block_context":{"text":"Vardagsliv","link":"https:\/\/blogg.fumei.se\/?cat=47"},"img":{"alt_text":"","src":"","width":0,"height":0},"classes":[]},{"id":1608,"url":"https:\/\/blogg.fumei.se\/?p=1608","url_meta":{"origin":61,"position":1},"title":"L\u00e4sarenk\u00e4t","author":"M :)","date":"2011-10-15","format":false,"excerpt":"Hur \u00e4r du som l\u00e4sare? Det undrar Enligt O, och jag \u00e4r inte sen att haka p\u00e5. snabb \u00a0l\u00e5ngsam l\u00e4ser alla ord \u00a0skummar en del - om boken best\u00e5r av l\u00e5nga, tradiga uppreprningar och stycken som inte ger n\u00e5got till ber\u00e4ttelsen gillar l\u00e5nga beskrivningar hoppar \u00f6ver det som inte f\u00f6r\u2026","rel":"","context":"I \u201dVardagsliv\u201d","block_context":{"text":"Vardagsliv","link":"https:\/\/blogg.fumei.se\/?cat=47"},"img":{"alt_text":"","src":"","width":0,"height":0},"classes":[]},{"id":80,"url":"https:\/\/blogg.fumei.se\/?p=80","url_meta":{"origin":61,"position":2},"title":"30 dagar i b\u00f6cker &#8211; Dag 9","author":"M :)","date":"2011-02-13","format":false,"excerpt":"Day 09 \u2013 A book you thought you wouldn\u2019t like but ended up loving Inte en bok, utan tre (eller fyra, hur man nu vill se p\u00e5 saken); [b\u00f6ckerna om Arn] av Jan Guillou. Jag t\u00e4nkte l\u00e4nge att jag inte ville l\u00e4sa dem f\u00f6r att jag l\u00e4st andra b\u00f6cker av\u2026","rel":"","context":"I \u201dVardagsliv\u201d","block_context":{"text":"Vardagsliv","link":"https:\/\/blogg.fumei.se\/?cat=47"},"img":{"alt_text":"","src":"","width":0,"height":0},"classes":[]},{"id":64,"url":"https:\/\/blogg.fumei.se\/?p=64","url_meta":{"origin":61,"position":3},"title":"30 dagar i b\u00f6cker &#8211; Dag 19","author":"M :)","date":"2011-02-24","format":false,"excerpt":"Day 19 \u2013 Favorite book turned into a movie Sagan om ringen. Inte mycket konkurrens d\u00e4r. De flesta b\u00f6cker som g\u00f6rs om till film f\u00e5r ju tyv\u00e4rr stryka p\u00e5 foten en hel del vad g\u00e4ller att f\u00f6lja boken, m\u00e5nga saknar scener fr\u00e5n boken som f\u00f6rklarar h\u00e4ndelsef\u00f6rloppet i ber\u00e4ttelsen och ibland\u2026","rel":"","context":"I \u201dVardagsliv\u201d","block_context":{"text":"Vardagsliv","link":"https:\/\/blogg.fumei.se\/?cat=47"},"img":{"alt_text":"","src":"https:\/\/i0.wp.com\/blogg.fumei.se\/wp-content\/uploads\/2011\/02\/lotr.png?resize=350%2C200","width":350,"height":200,"srcset":"https:\/\/i0.wp.com\/blogg.fumei.se\/wp-content\/uploads\/2011\/02\/lotr.png?resize=350%2C200 1x, https:\/\/i0.wp.com\/blogg.fumei.se\/wp-content\/uploads\/2011\/02\/lotr.png?resize=525%2C300 1.5x"},"classes":[]},{"id":119,"url":"https:\/\/blogg.fumei.se\/?p=119","url_meta":{"origin":61,"position":4},"title":"Boktolva \u00e0 la moi","author":"M :)","date":"2011-01-15","format":false,"excerpt":"Fast egentligen \u00e4r det v\u00e4l en f\u00f6rfattarlista. [Enligt O] har en utmaning p\u00e5 sin blogg, d\u00e4r man ska lista de 12 f\u00f6rfattare man helst vill l\u00e4sa n\u00e5got av under 2011. Kravet \u00e4r att man inte ska ha l\u00e4st n\u00e5got av dessa f\u00f6rfattare innan. S\u00e5 h\u00e4r blev min lista: Isabel Allende\u2026","rel":"","context":"I \u201dVardagsliv\u201d","block_context":{"text":"Vardagsliv","link":"https:\/\/blogg.fumei.se\/?cat=47"},"img":{"alt_text":"","src":"","width":0,"height":0},"classes":[]},{"id":1146,"url":"https:\/\/blogg.fumei.se\/?p=1146","url_meta":{"origin":61,"position":5},"title":"The Soundtrack Of My Life","author":"M :)","date":"2009-10-18","format":false,"excerpt":"Orka \u00f6vers\u00e4ttning, liksom, ni f\u00e5r anstr\u00e4nga spr\u00e5kcellerna. Hittade denna p\u00e5 Facebook, men delar med mig av den h\u00e4r p\u00e5 bloggen ist\u00e4llet.So, here's how it works:1. Open your library (iTunes, Winamp, Media Player, iPod, etc)2. Put it on shuffle3. Press play4. For every question, type the song that's playing5. When you\u2026","rel":"","context":"I \u201dVardagsliv\u201d","block_context":{"text":"Vardagsliv","link":"https:\/\/blogg.fumei.se\/?cat=47"},"img":{"alt_text":"","src":"","width":0,"height":0},"classes":[]}],"_links":{"self":[{"href":"https:\/\/blogg.fumei.se\/index.php?rest_route=\/wp\/v2\/posts\/61","targetHints":{"allow":["GET"]}}],"collection":[{"href":"https:\/\/blogg.fumei.se\/index.php?rest_route=\/wp\/v2\/posts"}],"about":[{"href":"https:\/\/blogg.fumei.se\/index.php?rest_route=\/wp\/v2\/types\/post"}],"author":[{"embeddable":true,"href":"https:\/\/blogg.fumei.se\/index.php?rest_route=\/wp\/v2\/users\/1"}],"replies":[{"embeddable":true,"href":"https:\/\/blogg.fumei.se\/index.php?rest_route=%2Fwp%2Fv2%2Fcomments&post=61"}],"version-history":[{"count":2,"href":"https:\/\/blogg.fumei.se\/index.php?rest_route=\/wp\/v2\/posts\/61\/revisions"}],"predecessor-version":[{"id":1328,"href":"https:\/\/blogg.fumei.se\/index.php?rest_route=\/wp\/v2\/posts\/61\/revisions\/1328"}],"wp:attachment":[{"href":"https:\/\/blogg.fumei.se\/index.php?rest_route=%2Fwp%2Fv2%2Fmedia&parent=61"}],"wp:term":[{"taxonomy":"category","embeddable":true,"href":"https:\/\/blogg.fumei.se\/index.php?rest_route=%2Fwp%2Fv2%2Fcategories&post=61"},{"taxonomy":"post_tag","embeddable":true,"href":"https:\/\/blogg.fumei.se\/index.php?rest_route=%2Fwp%2Fv2%2Ftags&post=61"}],"curies":[{"name":"wp","href":"https:\/\/api.w.org\/{rel}","templated":true}]}}