{"id":6863,"date":"2024-04-15T18:52:00","date_gmt":"2024-04-15T16:52:00","guid":{"rendered":"https:\/\/blogg.fumei.se\/?p=6863"},"modified":"2024-12-03T16:00:18","modified_gmt":"2024-12-03T15:00:18","slug":"himmelsk-fodelsedag","status":"publish","type":"post","link":"https:\/\/blogg.fumei.se\/?p=6863","title":{"rendered":"Himmelsk f\u00f6delsedag"},"content":{"rendered":"\n<p>Grattis mamma och pappa p\u00e5 er dag! \u2764\ufe0f<br \/>Jag \u00f6nskar att ni var h\u00e4r, men i st\u00e4llet fick jag fira er genom ljus och blommor i minnelsunden.<\/p>\n\n\n\n<p>Jag saknar er varje dag! ????<\/p>\n\n\n\n<figure class=\"wp-block-image size-large\"><img data-recalc-dims=\"1\" loading=\"lazy\" decoding=\"async\" width=\"640\" height=\"480\" data-attachment-id=\"6864\" data-permalink=\"https:\/\/blogg.fumei.se\/?attachment_id=6864\" data-orig-file=\"https:\/\/i0.wp.com\/blogg.fumei.se\/wp-content\/uploads\/2024\/05\/8515605F-DE99-415C-835E-B046D690456A_1_105_c.jpeg?fit=1024%2C769&amp;ssl=1\" data-orig-size=\"1024,769\" data-comments-opened=\"1\" data-image-meta=\"{&quot;aperture&quot;:&quot;1.6&quot;,&quot;credit&quot;:&quot;&quot;,&quot;camera&quot;:&quot;iPhone 13&quot;,&quot;caption&quot;:&quot;&quot;,&quot;created_timestamp&quot;:&quot;1713203162&quot;,&quot;copyright&quot;:&quot;&quot;,&quot;focal_length&quot;:&quot;5.1&quot;,&quot;iso&quot;:&quot;32&quot;,&quot;shutter_speed&quot;:&quot;0.0074074074074074&quot;,&quot;title&quot;:&quot;&quot;,&quot;orientation&quot;:&quot;1&quot;}\" data-image-title=\"8515605F-DE99-415C-835E-B046D690456A_1_105_c\" data-image-description=\"\" data-image-caption=\"\" data-large-file=\"https:\/\/i0.wp.com\/blogg.fumei.se\/wp-content\/uploads\/2024\/05\/8515605F-DE99-415C-835E-B046D690456A_1_105_c.jpeg?fit=640%2C480&amp;ssl=1\" src=\"https:\/\/i0.wp.com\/blogg.fumei.se\/wp-content\/uploads\/2024\/05\/8515605F-DE99-415C-835E-B046D690456A_1_105_c.jpeg?resize=640%2C480&#038;ssl=1\" alt=\"\" class=\"wp-image-6864\" srcset=\"https:\/\/i0.wp.com\/blogg.fumei.se\/wp-content\/uploads\/2024\/05\/8515605F-DE99-415C-835E-B046D690456A_1_105_c.jpeg?resize=650%2C488&amp;ssl=1 650w, https:\/\/i0.wp.com\/blogg.fumei.se\/wp-content\/uploads\/2024\/05\/8515605F-DE99-415C-835E-B046D690456A_1_105_c.jpeg?resize=300%2C225&amp;ssl=1 300w, https:\/\/i0.wp.com\/blogg.fumei.se\/wp-content\/uploads\/2024\/05\/8515605F-DE99-415C-835E-B046D690456A_1_105_c.jpeg?resize=768%2C577&amp;ssl=1 768w, https:\/\/i0.wp.com\/blogg.fumei.se\/wp-content\/uploads\/2024\/05\/8515605F-DE99-415C-835E-B046D690456A_1_105_c.jpeg?resize=399%2C300&amp;ssl=1 399w, https:\/\/i0.wp.com\/blogg.fumei.se\/wp-content\/uploads\/2024\/05\/8515605F-DE99-415C-835E-B046D690456A_1_105_c.jpeg?w=1024&amp;ssl=1 1024w\" sizes=\"auto, (max-width: 640px) 100vw, 640px\" \/><\/figure>\n","protected":false},"excerpt":{"rendered":"<p>Grattis mamma och pappa p\u00e5 er dag! \u2764\ufe0fJag \u00f6nskar att ni var h\u00e4r, men i st\u00e4llet fick jag fira er genom ljus och blommor i minnelsunden. Jag saknar er varje dag! ????<\/p>\n","protected":false},"author":1,"featured_media":0,"comment_status":"open","ping_status":"open","sticky":false,"template":"","format":"standard","meta":{"jetpack_post_was_ever_published":false,"_jetpack_newsletter_access":"","_jetpack_dont_email_post_to_subs":false,"_jetpack_newsletter_tier_id":0,"_jetpack_memberships_contains_paywalled_content":false,"_jetpack_memberships_contains_paid_content":false,"footnotes":"","jetpack_publicize_message":"","jetpack_publicize_feature_enabled":true,"jetpack_social_post_already_shared":true,"jetpack_social_options":{"image_generator_settings":{"template":"highway","default_image_id":0,"font":"","enabled":false},"version":2}},"categories":[34],"tags":[106,312,80,595],"class_list":["post-6863","post","type-post","status-publish","format-standard","hentry","category-familjen","tag-fodelsedag","tag-mamma","tag-pappa","tag-saknar"],"jetpack_publicize_connections":[],"jetpack_featured_media_url":"","jetpack_shortlink":"https:\/\/wp.me\/p3qko4-1MH","jetpack_sharing_enabled":true,"jetpack_likes_enabled":true,"jetpack-related-posts":[{"id":899,"url":"https:\/\/blogg.fumei.se\/?p=899","url_meta":{"origin":6863,"position":0},"title":"P\u00e5 pr\u00e4nt","author":"M :)","date":"2009-04-21","format":false,"excerpt":"I Onsdags var det f\u00f6delsedag i familjen. Eller f\u00f6desedagar, ska man v\u00e4l s\u00e4ga, f\u00f6r det var ju 2 personer som fyllde \u00e5r; n\u00e4mligen mamma och pappa. Det skiljer 2 \u00e5r mellan dem, men det \u00e4r lite kul att mina f\u00f6r\u00e4ldrar fyller \u00e5r samma dag! Pappa fyllde 70 och mamma \u00e4r\u2026","rel":"","context":"I \u201dVardagsliv\u201d","block_context":{"text":"Vardagsliv","link":"https:\/\/blogg.fumei.se\/?cat=47"},"img":{"alt_text":"","src":"","width":0,"height":0},"classes":[]},{"id":6855,"url":"https:\/\/blogg.fumei.se\/?p=6855","url_meta":{"origin":6863,"position":1},"title":"En stilla stund","author":"M :)","date":"2024-03-08","format":false,"excerpt":"Idag \u00e4r det 7 \u00e5r sedan pappa dog och 2 \u00e5r sedan \u00e4ven mamma l\u00e4mnade oss. Jag har varit i minneslunden och t\u00e4nt ljus och bara suttit en l\u00e5ng stund och t\u00e4nkt p\u00e5 dem. Jag saknar dem dagligen, det kommer nog aldrig att g\u00e5 \u00f6ver. Den d\u00e4r k\u00e4nslan av att\u2026","rel":"","context":"I \u201dFamiljen\u201d","block_context":{"text":"Familjen","link":"https:\/\/blogg.fumei.se\/?cat=34"},"img":{"alt_text":"","src":"https:\/\/i0.wp.com\/blogg.fumei.se\/wp-content\/uploads\/2024\/05\/627C3543-C8A7-4E03-B2BA-D4F29CF24A9A.jpeg?resize=350%2C200","width":350,"height":200,"srcset":"https:\/\/i0.wp.com\/blogg.fumei.se\/wp-content\/uploads\/2024\/05\/627C3543-C8A7-4E03-B2BA-D4F29CF24A9A.jpeg?resize=350%2C200 1x, https:\/\/i0.wp.com\/blogg.fumei.se\/wp-content\/uploads\/2024\/05\/627C3543-C8A7-4E03-B2BA-D4F29CF24A9A.jpeg?resize=525%2C300 1.5x, https:\/\/i0.wp.com\/blogg.fumei.se\/wp-content\/uploads\/2024\/05\/627C3543-C8A7-4E03-B2BA-D4F29CF24A9A.jpeg?resize=700%2C400 2x"},"classes":[]},{"id":6983,"url":"https:\/\/blogg.fumei.se\/?p=6983","url_meta":{"origin":6863,"position":2},"title":"T\u00e4nd ett ljus","author":"M :)","date":"2023-11-03","format":false,"excerpt":"Jag har varit i minneslunden ikv\u00e4ll och t\u00e4nt ljus f\u00f6r mamma och pappa. ???? \u2764\ufe0f","rel":"","context":"I \u201dFamiljen\u201d","block_context":{"text":"Familjen","link":"https:\/\/blogg.fumei.se\/?cat=34"},"img":{"alt_text":"","src":"https:\/\/i0.wp.com\/blogg.fumei.se\/wp-content\/uploads\/2024\/05\/B72B7734-9277-40D2-A257-15BBA3DCCC77_1_105_c-edited.jpeg?resize=350%2C200&ssl=1","width":350,"height":200,"srcset":"https:\/\/i0.wp.com\/blogg.fumei.se\/wp-content\/uploads\/2024\/05\/B72B7734-9277-40D2-A257-15BBA3DCCC77_1_105_c-edited.jpeg?resize=350%2C200&ssl=1 1x, https:\/\/i0.wp.com\/blogg.fumei.se\/wp-content\/uploads\/2024\/05\/B72B7734-9277-40D2-A257-15BBA3DCCC77_1_105_c-edited.jpeg?resize=525%2C300&ssl=1 1.5x, https:\/\/i0.wp.com\/blogg.fumei.se\/wp-content\/uploads\/2024\/05\/B72B7734-9277-40D2-A257-15BBA3DCCC77_1_105_c-edited.jpeg?resize=700%2C400&ssl=1 2x"},"classes":[]},{"id":3874,"url":"https:\/\/blogg.fumei.se\/?p=3874","url_meta":{"origin":6863,"position":3},"title":"Med en enkel tulipan&#8230;","author":"M :)","date":"2016-04-15","format":false,"excerpt":"Vi har den \u00e4ran idag, att gratulera! Hurra f\u00f6r mamma och pappa p\u00e5 f\u00f6delsedagen! GRATTIS \u00f6nskar Tella Robin Sophia, Linus & Juliah","rel":"","context":"I \u201dFamiljen\u201d","block_context":{"text":"Familjen","link":"https:\/\/blogg.fumei.se\/?cat=34"},"img":{"alt_text":"mapa2016-emeff","src":"https:\/\/i0.wp.com\/blogg.fumei.se\/wp-content\/uploads\/2016\/04\/mapa2016-emeff.jpg?resize=350%2C200","width":350,"height":200,"srcset":"https:\/\/i0.wp.com\/blogg.fumei.se\/wp-content\/uploads\/2016\/04\/mapa2016-emeff.jpg?resize=350%2C200 1x, https:\/\/i0.wp.com\/blogg.fumei.se\/wp-content\/uploads\/2016\/04\/mapa2016-emeff.jpg?resize=525%2C300 1.5x"},"classes":[]},{"id":3563,"url":"https:\/\/blogg.fumei.se\/?p=3563","url_meta":{"origin":6863,"position":4},"title":"Med blommor och blader","author":"M :)","date":"2015-04-15","format":false,"excerpt":"firar vi denna dagen. V\u00e4rldens b\u00e4sta och finaste mamma och pappa fyller n\u00e4mligen \u00e5r! Hipp hurra och grattis!","rel":"","context":"I \u201dFamiljen\u201d","block_context":{"text":"Familjen","link":"https:\/\/blogg.fumei.se\/?cat=34"},"img":{"alt_text":"wpid-collage.jpg","src":"https:\/\/i0.wp.com\/blogg.fumei.se\/wp-content\/uploads\/2014\/04\/wpid-collage-585x650.jpg?resize=350%2C200","width":350,"height":200,"srcset":"https:\/\/i0.wp.com\/blogg.fumei.se\/wp-content\/uploads\/2014\/04\/wpid-collage-585x650.jpg?resize=350%2C200 1x, https:\/\/i0.wp.com\/blogg.fumei.se\/wp-content\/uploads\/2014\/04\/wpid-collage-585x650.jpg?resize=525%2C300 1.5x"},"classes":[]},{"id":3281,"url":"https:\/\/blogg.fumei.se\/?p=3281","url_meta":{"origin":6863,"position":5},"title":"F\u00f6r\u00e4ldradag","author":"M :)","date":"2014-04-15","format":false,"excerpt":"Idag fyller v\u00e4rldens b\u00e4sta mamma och pappa \u00e5r! Hipp hipp hurra f\u00f6r er! Lilla pappsen s\u00e4ger alltid att han fyller 25. I \u00e5r gjorde han det f\u00f6r tredje g\u00e5ngen. Och ig\u00e5r fick han vara med i tidningen.","rel":"","context":"I \u201dVardagsliv\u201d","block_context":{"text":"Vardagsliv","link":"https:\/\/blogg.fumei.se\/?cat=47"},"img":{"alt_text":"wpid-collage.jpg","src":"https:\/\/i0.wp.com\/blogg.fumei.se\/wp-content\/uploads\/2014\/04\/wpid-collage-585x650.jpg?resize=350%2C200","width":350,"height":200,"srcset":"https:\/\/i0.wp.com\/blogg.fumei.se\/wp-content\/uploads\/2014\/04\/wpid-collage-585x650.jpg?resize=350%2C200 1x, https:\/\/i0.wp.com\/blogg.fumei.se\/wp-content\/uploads\/2014\/04\/wpid-collage-585x650.jpg?resize=525%2C300 1.5x"},"classes":[]}],"_links":{"self":[{"href":"https:\/\/blogg.fumei.se\/index.php?rest_route=\/wp\/v2\/posts\/6863","targetHints":{"allow":["GET"]}}],"collection":[{"href":"https:\/\/blogg.fumei.se\/index.php?rest_route=\/wp\/v2\/posts"}],"about":[{"href":"https:\/\/blogg.fumei.se\/index.php?rest_route=\/wp\/v2\/types\/post"}],"author":[{"embeddable":true,"href":"https:\/\/blogg.fumei.se\/index.php?rest_route=\/wp\/v2\/users\/1"}],"replies":[{"embeddable":true,"href":"https:\/\/blogg.fumei.se\/index.php?rest_route=%2Fwp%2Fv2%2Fcomments&post=6863"}],"version-history":[{"count":1,"href":"https:\/\/blogg.fumei.se\/index.php?rest_route=\/wp\/v2\/posts\/6863\/revisions"}],"predecessor-version":[{"id":6865,"href":"https:\/\/blogg.fumei.se\/index.php?rest_route=\/wp\/v2\/posts\/6863\/revisions\/6865"}],"wp:attachment":[{"href":"https:\/\/blogg.fumei.se\/index.php?rest_route=%2Fwp%2Fv2%2Fmedia&parent=6863"}],"wp:term":[{"taxonomy":"category","embeddable":true,"href":"https:\/\/blogg.fumei.se\/index.php?rest_route=%2Fwp%2Fv2%2Fcategories&post=6863"},{"taxonomy":"post_tag","embeddable":true,"href":"https:\/\/blogg.fumei.se\/index.php?rest_route=%2Fwp%2Fv2%2Ftags&post=6863"}],"curies":[{"name":"wp","href":"https:\/\/api.w.org\/{rel}","templated":true}]}}