{"id":6866,"date":"2024-04-25T12:58:00","date_gmt":"2024-04-25T10:58:00","guid":{"rendered":"https:\/\/blogg.fumei.se\/?p=6866"},"modified":"2024-12-03T16:00:08","modified_gmt":"2024-12-03T15:00:08","slug":"min-lille-pojke","status":"publish","type":"post","link":"https:\/\/blogg.fumei.se\/?p=6866","title":{"rendered":"Min &#8221;lille&#8221; pojke"},"content":{"rendered":"\n<p>fyller \u00e5r idag, s\u00e5 vi hurrar f\u00f6r Robin!<br \/>Grattis, \u00e4lskade unge! \u2764\ufe0f<\/p>\n\n\n\n<figure class=\"wp-block-image size-large\"><img data-recalc-dims=\"1\" loading=\"lazy\" decoding=\"async\" width=\"640\" height=\"640\" data-attachment-id=\"6869\" data-permalink=\"https:\/\/blogg.fumei.se\/?attachment_id=6869\" data-orig-file=\"https:\/\/i0.wp.com\/blogg.fumei.se\/wp-content\/uploads\/2024\/05\/A729C9EA-2FEF-40B5-BCAD-5DCA5B29E83A.jpeg?fit=1170%2C1170&amp;ssl=1\" data-orig-size=\"1170,1170\" data-comments-opened=\"1\" data-image-meta=\"{&quot;aperture&quot;:&quot;0&quot;,&quot;credit&quot;:&quot;&quot;,&quot;camera&quot;:&quot;&quot;,&quot;caption&quot;:&quot;&quot;,&quot;created_timestamp&quot;:&quot;0&quot;,&quot;copyright&quot;:&quot;&quot;,&quot;focal_length&quot;:&quot;0&quot;,&quot;iso&quot;:&quot;0&quot;,&quot;shutter_speed&quot;:&quot;0&quot;,&quot;title&quot;:&quot;&quot;,&quot;orientation&quot;:&quot;1&quot;}\" data-image-title=\"A729C9EA-2FEF-40B5-BCAD-5DCA5B29E83A\" data-image-description=\"\" data-image-caption=\"\" data-large-file=\"https:\/\/i0.wp.com\/blogg.fumei.se\/wp-content\/uploads\/2024\/05\/A729C9EA-2FEF-40B5-BCAD-5DCA5B29E83A.jpeg?fit=640%2C640&amp;ssl=1\" src=\"https:\/\/i0.wp.com\/blogg.fumei.se\/wp-content\/uploads\/2024\/05\/A729C9EA-2FEF-40B5-BCAD-5DCA5B29E83A.jpeg?resize=640%2C640&#038;ssl=1\" alt=\"\" class=\"wp-image-6869\" srcset=\"https:\/\/i0.wp.com\/blogg.fumei.se\/wp-content\/uploads\/2024\/05\/A729C9EA-2FEF-40B5-BCAD-5DCA5B29E83A.jpeg?resize=650%2C650&amp;ssl=1 650w, https:\/\/i0.wp.com\/blogg.fumei.se\/wp-content\/uploads\/2024\/05\/A729C9EA-2FEF-40B5-BCAD-5DCA5B29E83A.jpeg?resize=300%2C300&amp;ssl=1 300w, https:\/\/i0.wp.com\/blogg.fumei.se\/wp-content\/uploads\/2024\/05\/A729C9EA-2FEF-40B5-BCAD-5DCA5B29E83A.jpeg?resize=180%2C180&amp;ssl=1 180w, https:\/\/i0.wp.com\/blogg.fumei.se\/wp-content\/uploads\/2024\/05\/A729C9EA-2FEF-40B5-BCAD-5DCA5B29E83A.jpeg?resize=768%2C768&amp;ssl=1 768w, https:\/\/i0.wp.com\/blogg.fumei.se\/wp-content\/uploads\/2024\/05\/A729C9EA-2FEF-40B5-BCAD-5DCA5B29E83A.jpeg?w=1170&amp;ssl=1 1170w\" sizes=\"auto, (max-width: 640px) 100vw, 640px\" \/><\/figure>\n","protected":false},"excerpt":{"rendered":"<p>fyller \u00e5r idag, s\u00e5 vi hurrar f\u00f6r Robin!Grattis, \u00e4lskade unge! \u2764\ufe0f<\/p>\n","protected":false},"author":1,"featured_media":0,"comment_status":"open","ping_status":"open","sticky":false,"template":"","format":"standard","meta":{"jetpack_post_was_ever_published":false,"_jetpack_newsletter_access":"","_jetpack_dont_email_post_to_subs":false,"_jetpack_newsletter_tier_id":0,"_jetpack_memberships_contains_paywalled_content":false,"_jetpack_memberships_contains_paid_content":false,"footnotes":"","jetpack_publicize_message":"","jetpack_publicize_feature_enabled":true,"jetpack_social_post_already_shared":true,"jetpack_social_options":{"image_generator_settings":{"template":"highway","default_image_id":0,"font":"","enabled":false},"version":2}},"categories":[34],"tags":[301,220,106,298],"class_list":["post-6866","post","type-post","status-publish","format-standard","hentry","category-familjen","tag-barn","tag-fira","tag-fodelsedag","tag-grattis"],"jetpack_publicize_connections":[],"jetpack_featured_media_url":"","jetpack_shortlink":"https:\/\/wp.me\/p3qko4-1MK","jetpack_sharing_enabled":true,"jetpack_likes_enabled":true,"jetpack-related-posts":[{"id":4519,"url":"https:\/\/blogg.fumei.se\/?p=4519","url_meta":{"origin":6866,"position":0},"title":"Grattis lilla mamma!","author":"M :)","date":"2018-04-15","format":false,"excerpt":"Idag hurrar vi f\u00f6r v\u00e4rldens b\u00e4sta mamma som fyller 81 \u00e5r! GRATTIS! \u00f6nskar Marcella Sophia, Linus & Juliah Robin Roberto & Isabella Silvio Lovisa & Victor Ilse Magnus, Frida & Tyra Vi s\u00e4nder ocks\u00e5 en tanke till pappsen som firar n\u00e5gon annanstans\u00a0\u2764","rel":"","context":"I \u201dFamiljen\u201d","block_context":{"text":"Familjen","link":"https:\/\/blogg.fumei.se\/?cat=34"},"img":{"alt_text":"","src":"https:\/\/i0.wp.com\/blogg.fumei.se\/wp-content\/uploads\/2018\/04\/mamma81blog-emeff2018.png?resize=350%2C200","width":350,"height":200,"srcset":"https:\/\/i0.wp.com\/blogg.fumei.se\/wp-content\/uploads\/2018\/04\/mamma81blog-emeff2018.png?resize=350%2C200 1x, https:\/\/i0.wp.com\/blogg.fumei.se\/wp-content\/uploads\/2018\/04\/mamma81blog-emeff2018.png?resize=525%2C300 1.5x"},"classes":[]},{"id":6961,"url":"https:\/\/blogg.fumei.se\/?p=6961","url_meta":{"origin":6866,"position":1},"title":"Sophia fyller \u00e5r!","author":"M :)","date":"2024-05-21","format":false,"excerpt":"Hurra hurra, vi firar dig idag! \u2764\ufe0f","rel":"","context":"I \u201dFamiljen\u201d","block_context":{"text":"Familjen","link":"https:\/\/blogg.fumei.se\/?cat=34"},"img":{"alt_text":"","src":"https:\/\/i0.wp.com\/blogg.fumei.se\/wp-content\/uploads\/2024\/05\/4D36779F-A286-4A32-8B55-95C2EB805483_1_105_c-edited.jpeg?resize=350%2C200&ssl=1","width":350,"height":200,"srcset":"https:\/\/i0.wp.com\/blogg.fumei.se\/wp-content\/uploads\/2024\/05\/4D36779F-A286-4A32-8B55-95C2EB805483_1_105_c-edited.jpeg?resize=350%2C200&ssl=1 1x, https:\/\/i0.wp.com\/blogg.fumei.se\/wp-content\/uploads\/2024\/05\/4D36779F-A286-4A32-8B55-95C2EB805483_1_105_c-edited.jpeg?resize=525%2C300&ssl=1 1.5x"},"classes":[]},{"id":5857,"url":"https:\/\/blogg.fumei.se\/?p=5857","url_meta":{"origin":6866,"position":2},"title":"Sophia 30 \u00e5r!","author":"M :)","date":"2023-05-21","format":false,"excerpt":"Liten blir stor! Idag f\u00f6r 30 \u00e5r sedan kom en liten flicka till v\u00e4rlden som f\u00f6r alltid f\u00f6r\u00e4ndrade mitt liv. Nu \u00e4r den lilla flickan vuxen och har sin egen lilla familj, men du kommer alltid att vara min lilla grodprinsessa! \u2764\ufe0f \u2764\ufe0f Grattis p\u00e5 f\u00f6delsedagen, \u00e4lskade unge!! \u2764\ufe0f","rel":"","context":"I \u201dFamiljen\u201d","block_context":{"text":"Familjen","link":"https:\/\/blogg.fumei.se\/?cat=34"},"img":{"alt_text":"","src":"https:\/\/i0.wp.com\/blogg.fumei.se\/wp-content\/uploads\/2024\/02\/8D2C49B5-D1DA-4E53-B51A-5310608CE236_4_5005_c-e1707663988725.jpeg?resize=350%2C200","width":350,"height":200},"classes":[]},{"id":4525,"url":"https:\/\/blogg.fumei.se\/?p=4525","url_meta":{"origin":6866,"position":3},"title":"Mammas p\u00f4jk!","author":"M :)","date":"2018-04-25","format":false,"excerpt":"Idag fyller Robin \u00e5r! Hipp hurra!! GRATTIS! \u00f6nskar mamma Fia, Linus & Juliah mormor Berto & Bella Silvio, Lovisa & Victor Ilse, Magnus, Frida & Tyra","rel":"","context":"I \u201dFamiljen\u201d","block_context":{"text":"Familjen","link":"https:\/\/blogg.fumei.se\/?cat=34"},"img":{"alt_text":"","src":"https:\/\/i0.wp.com\/blogg.fumei.se\/wp-content\/uploads\/2018\/04\/Robin21-emeff2018.png?resize=350%2C200","width":350,"height":200,"srcset":"https:\/\/i0.wp.com\/blogg.fumei.se\/wp-content\/uploads\/2018\/04\/Robin21-emeff2018.png?resize=350%2C200 1x, https:\/\/i0.wp.com\/blogg.fumei.se\/wp-content\/uploads\/2018\/04\/Robin21-emeff2018.png?resize=525%2C300 1.5x"},"classes":[]},{"id":3541,"url":"https:\/\/blogg.fumei.se\/?p=3541","url_meta":{"origin":6866,"position":4},"title":"Moppe!","author":"M :)","date":"2015-03-13","format":false,"excerpt":"Eller?!? I vilket fall som helst s\u00e5 fyller \u00e4ldsta brorsdottern 15 \u00e5r idag! Det hurrar vi f\u00f6r! Hurra, hurra, hurra, hurra!! GRATTIS \u00f6nskar faster, farmor & farfar, Robin, Fia, Linus och Juliah","rel":"","context":"I \u201dFamiljen\u201d","block_context":{"text":"Familjen","link":"https:\/\/blogg.fumei.se\/?cat=34"},"img":{"alt_text":"Bella15-EmEff2015","src":"https:\/\/i0.wp.com\/blogg.fumei.se\/wp-content\/uploads\/2015\/03\/Bella15-EmEff2015.jpg?resize=350%2C200","width":350,"height":200,"srcset":"https:\/\/i0.wp.com\/blogg.fumei.se\/wp-content\/uploads\/2015\/03\/Bella15-EmEff2015.jpg?resize=350%2C200 1x, https:\/\/i0.wp.com\/blogg.fumei.se\/wp-content\/uploads\/2015\/03\/Bella15-EmEff2015.jpg?resize=525%2C300 1.5x"},"classes":[]},{"id":3824,"url":"https:\/\/blogg.fumei.se\/?p=3824","url_meta":{"origin":6866,"position":5},"title":"F\u00f6delsedagsdags igen!","author":"M :)","date":"2016-01-17","format":false,"excerpt":"Idag hurrar vi f\u00f6r Victor som fyller 7 \u00e5r! GRATTIS \u00f6nskar Farmor och farfar Faster och Robin Fia, Linus och Juliah","rel":"","context":"I \u201dFamiljen\u201d","block_context":{"text":"Familjen","link":"https:\/\/blogg.fumei.se\/?cat=34"},"img":{"alt_text":"victor7-emeff2016","src":"https:\/\/i0.wp.com\/blogg.fumei.se\/wp-content\/uploads\/2016\/01\/victor7-emeff2016.jpg?resize=350%2C200","width":350,"height":200},"classes":[]}],"_links":{"self":[{"href":"https:\/\/blogg.fumei.se\/index.php?rest_route=\/wp\/v2\/posts\/6866","targetHints":{"allow":["GET"]}}],"collection":[{"href":"https:\/\/blogg.fumei.se\/index.php?rest_route=\/wp\/v2\/posts"}],"about":[{"href":"https:\/\/blogg.fumei.se\/index.php?rest_route=\/wp\/v2\/types\/post"}],"author":[{"embeddable":true,"href":"https:\/\/blogg.fumei.se\/index.php?rest_route=\/wp\/v2\/users\/1"}],"replies":[{"embeddable":true,"href":"https:\/\/blogg.fumei.se\/index.php?rest_route=%2Fwp%2Fv2%2Fcomments&post=6866"}],"version-history":[{"count":1,"href":"https:\/\/blogg.fumei.se\/index.php?rest_route=\/wp\/v2\/posts\/6866\/revisions"}],"predecessor-version":[{"id":6870,"href":"https:\/\/blogg.fumei.se\/index.php?rest_route=\/wp\/v2\/posts\/6866\/revisions\/6870"}],"wp:attachment":[{"href":"https:\/\/blogg.fumei.se\/index.php?rest_route=%2Fwp%2Fv2%2Fmedia&parent=6866"}],"wp:term":[{"taxonomy":"category","embeddable":true,"href":"https:\/\/blogg.fumei.se\/index.php?rest_route=%2Fwp%2Fv2%2Fcategories&post=6866"},{"taxonomy":"post_tag","embeddable":true,"href":"https:\/\/blogg.fumei.se\/index.php?rest_route=%2Fwp%2Fv2%2Ftags&post=6866"}],"curies":[{"name":"wp","href":"https:\/\/api.w.org\/{rel}","templated":true}]}}