{"id":6884,"date":"2024-03-16T19:34:00","date_gmt":"2024-03-16T18:34:00","guid":{"rendered":"https:\/\/blogg.fumei.se\/?p=6884"},"modified":"2024-05-01T20:04:19","modified_gmt":"2024-05-01T18:04:19","slug":"planering-pagar","status":"publish","type":"post","link":"https:\/\/blogg.fumei.se\/?p=6884","title":{"rendered":"Planering p\u00e5g\u00e5r"},"content":{"rendered":"\n<p>Vi ska ut och resa igen. Den h\u00e4r g\u00e5ngen g\u00e5r f\u00e4rden till New York. Jag har inte varit d\u00e4r, men Mikael har varit d\u00e4r en g\u00e5ng f\u00f6r 9 \u00e5r sedan.<br \/>S\u00e5 nu har vi bokat flygresa och hotell, och s\u00e5 ska vi f\u00f6rs\u00f6ka hitta aktiviteter som vi b\u00e5da vill g\u00f6ra n\u00e4r vi \u00e4r d\u00e4r.<\/p>\n\n\n\n<p>Jag vill g\u00e4rna till n\u00e5gon utsiktsplats, men inte Empire State Building, f\u00f6r jag har h\u00f6rt att k\u00f6erna \u00e4r sjukt l\u00e5nga. Vi har hittat en som kallas <a href=\"https:\/\/www.edgenyc.com\/en\" data-type=\"link\" data-id=\"https:\/\/www.edgenyc.com\/en\">The Edge<\/a>, en terass 100 v\u00e5ningar upp d\u00e4r du kan se i princip hur l\u00e5ngt som helst! Man kan \u00e4ven betala extra f\u00f6r att f\u00e5 kl\u00e4ttra de sista v\u00e5ningarna uppf\u00f6r v\u00e4ggen p\u00e5 utsidan av byggnaden, men nej tack, det \u00e4r absolut inget f\u00f6r mig! Jag f\u00e5r svindel bara av att t\u00e4nka p\u00e5 att vi ska dit upp, men jag t\u00e4nker verkligen utmana mig sj\u00e4lv och t\u00e4nja p\u00e5 mina gr\u00e4nser!<\/p>\n\n\n\n<p>En promenad i Central Park och en musical p\u00e5 Broadway \u00e4r vi ocks\u00e5 \u00f6verens om att vi ska g\u00f6ra, men sen \u00e4r listan slut, s\u00e5 nu f\u00e5r vi v\u00e4lja ett par saker var och s\u00e5 f\u00e5r vi komma \u00f6verens.<\/p>\n\n\n\n<p>V\u00e5rt rum p\u00e5 hotellet har ett pentry, s\u00e5 vi kommer spara en del p\u00e5 mat p\u00e5 det s\u00e4ttet, eftersom vi kommer \u00e4ta frukost p\u00e5 rummet varje morgon, och dessutom kanske vi inte \u00e4ter ute varje kv\u00e4ll om vi \u00e4r helt slut efter en hel dags promenader och aktiviteter.<\/p>\n\n\n\n<p>Vad vi g\u00f6r och hur vi haft det f\u00e5r ni veta s\u00e5 sm\u00e5ningom i ett nytt inl\u00e4gg h\u00e4r p\u00e5 bloggen.<br \/><\/p>\n","protected":false},"excerpt":{"rendered":"<p>Vi ska ut och resa igen. Den h\u00e4r g\u00e5ngen g\u00e5r f\u00e4rden till New York. Jag har inte varit d\u00e4r, men Mikael har varit d\u00e4r en g\u00e5ng f\u00f6r 9 \u00e5r sedan.S\u00e5 nu har vi bokat flygresa och hotell, och s\u00e5 ska vi f\u00f6rs\u00f6ka hitta aktiviteter som vi b\u00e5da vill g\u00f6ra n\u00e4r vi \u00e4r d\u00e4r. Jag vill&#8230;<\/p>\n","protected":false},"author":1,"featured_media":0,"comment_status":"open","ping_status":"open","sticky":false,"template":"","format":"standard","meta":{"jetpack_post_was_ever_published":false,"_jetpack_newsletter_access":"","_jetpack_dont_email_post_to_subs":false,"_jetpack_newsletter_tier_id":0,"_jetpack_memberships_contains_paywalled_content":false,"_jetpack_memberships_contains_paid_content":false,"footnotes":"","jetpack_publicize_message":"","jetpack_publicize_feature_enabled":true,"jetpack_social_post_already_shared":true,"jetpack_social_options":{"image_generator_settings":{"template":"highway","default_image_id":0,"font":"","enabled":false},"version":2}},"categories":[34,478,47],"tags":[660,149],"class_list":["post-6884","post","type-post","status-publish","format-standard","hentry","category-familjen","category-resor","category-vardagsliv","tag-new-york","tag-resa"],"jetpack_publicize_connections":[],"jetpack_featured_media_url":"","jetpack_shortlink":"https:\/\/wp.me\/p3qko4-1N2","jetpack_sharing_enabled":true,"jetpack_likes_enabled":true,"jetpack-related-posts":[{"id":6905,"url":"https:\/\/blogg.fumei.se\/?p=6905","url_meta":{"origin":6884,"position":0},"title":"P\u00e5 andra sidan Atlanten","author":"M :)","date":"2024-05-30","format":false,"excerpt":"n\u00e4rmare best\u00e4mt i New York, har vi varit p\u00e5 en l\u00e5ngweekend. Vi har pratat om den h\u00e4r resan i ett par-tre \u00e5r, och nu kom vi \u00e4ntligen iv\u00e4g! Vi lyfte fr\u00e5n Landvetter 9.45 i onsdags morse, och efter en mellanlandning i Amsterdam landade vi p\u00e5 JFK strax f\u00f6re klockan 15\u2026","rel":"","context":"I \u201dResor\u201d","block_context":{"text":"Resor","link":"https:\/\/blogg.fumei.se\/?cat=478"},"img":{"alt_text":"","src":"https:\/\/i0.wp.com\/blogg.fumei.se\/wp-content\/uploads\/2024\/05\/CFF8C316-E142-4778-A1A6-0416D75CFC62_1_105_c.jpeg?resize=350%2C200","width":350,"height":200,"srcset":"https:\/\/i0.wp.com\/blogg.fumei.se\/wp-content\/uploads\/2024\/05\/CFF8C316-E142-4778-A1A6-0416D75CFC62_1_105_c.jpeg?resize=350%2C200 1x, https:\/\/i0.wp.com\/blogg.fumei.se\/wp-content\/uploads\/2024\/05\/CFF8C316-E142-4778-A1A6-0416D75CFC62_1_105_c.jpeg?resize=525%2C300 1.5x, https:\/\/i0.wp.com\/blogg.fumei.se\/wp-content\/uploads\/2024\/05\/CFF8C316-E142-4778-A1A6-0416D75CFC62_1_105_c.jpeg?resize=700%2C400 2x"},"classes":[]},{"id":1145,"url":"https:\/\/blogg.fumei.se\/?p=1145","url_meta":{"origin":6884,"position":1},"title":"Travel and change of place impart new vigor to the mind","author":"M :)","date":"2009-10-19","format":false,"excerpt":"Sagt av Seneca\u00a0n\u00e5gon g\u00e5ng mellan \u00e5r 4 fKr och \u00e5r 65 eKr. Men det var inte honom jag skulle skriva om, det bara k\u00e4ndes s\u00e5 passande med ett citat om resor och resande h\u00e4r.Jag ska ju n\u00e4mligen ut och resa. Igen. Fast inte s\u00e5 l\u00e5ngt den h\u00e4r g\u00e5ngen. Heller. Jag\u2026","rel":"","context":"I \u201dVardagsliv\u201d","block_context":{"text":"Vardagsliv","link":"https:\/\/blogg.fumei.se\/?cat=47"},"img":{"alt_text":"","src":"","width":0,"height":0},"classes":[]},{"id":5058,"url":"https:\/\/blogg.fumei.se\/?p=5058","url_meta":{"origin":6884,"position":2},"title":"Donaus p\u00e4rla","author":"M :)","date":"2019-03-17","format":false,"excerpt":"Vi har varit p\u00e5 resa! Budapest blev resm\u00e5let. En fin stad, som tyv\u00e4rr drabbades h\u00e5rt under andra v\u00e4rldskriget. De blev attackerade fr\u00e5n flera h\u00e5ll, b\u00e5de av allierade bomber och ryska r\u00e4der, men ocks\u00e5 av att tyskarna f\u00f6rs\u00f6kte beh\u00e5lla makten \u00f6ver staden. Pga detta finns det inte s\u00e5 mycket kvar av\u2026","rel":"","context":"I \u201dResor\u201d","block_context":{"text":"Resor","link":"https:\/\/blogg.fumei.se\/?cat=478"},"img":{"alt_text":"","src":"https:\/\/i0.wp.com\/blogg.fumei.se\/wp-content\/uploads\/2019\/03\/82B2D147-59F8-4F67-8BFC-F14AAB8B4E66_1_105_c.jpeg?resize=350%2C200","width":350,"height":200,"srcset":"https:\/\/i0.wp.com\/blogg.fumei.se\/wp-content\/uploads\/2019\/03\/82B2D147-59F8-4F67-8BFC-F14AAB8B4E66_1_105_c.jpeg?resize=350%2C200 1x, https:\/\/i0.wp.com\/blogg.fumei.se\/wp-content\/uploads\/2019\/03\/82B2D147-59F8-4F67-8BFC-F14AAB8B4E66_1_105_c.jpeg?resize=525%2C300 1.5x, https:\/\/i0.wp.com\/blogg.fumei.se\/wp-content\/uploads\/2019\/03\/82B2D147-59F8-4F67-8BFC-F14AAB8B4E66_1_105_c.jpeg?resize=700%2C400 2x"},"classes":[]},{"id":6965,"url":"https:\/\/blogg.fumei.se\/?p=6965","url_meta":{"origin":6884,"position":3},"title":"Det h\u00e4r var ju inte vad jag hade t\u00e4nkt mig","author":"M :)","date":"2024-05-18","format":false,"excerpt":"I tisdags fick jag \u00e5ka ambulans. Det b\u00f6rjade lite sm\u00e5tt med att jag hade lite ont \u00f6ver njuren och urinledaren p\u00e5 h\u00f6ger sida i m\u00e5ndags, men det gick \u00f6ver efter en stund, s\u00e5 jag trodde ju att det var en sten eller lite grus som jag kissade ut sen. Ni\u2026","rel":"","context":"I \u201dVardagsliv\u201d","block_context":{"text":"Vardagsliv","link":"https:\/\/blogg.fumei.se\/?cat=47"},"img":{"alt_text":"","src":"https:\/\/i0.wp.com\/blogg.fumei.se\/wp-content\/uploads\/2024\/05\/Skarmavbild-2024-05-30-kl.-12.40.41.png?resize=350%2C200&ssl=1","width":350,"height":200,"srcset":"https:\/\/i0.wp.com\/blogg.fumei.se\/wp-content\/uploads\/2024\/05\/Skarmavbild-2024-05-30-kl.-12.40.41.png?resize=350%2C200&ssl=1 1x, https:\/\/i0.wp.com\/blogg.fumei.se\/wp-content\/uploads\/2024\/05\/Skarmavbild-2024-05-30-kl.-12.40.41.png?resize=525%2C300&ssl=1 1.5x, https:\/\/i0.wp.com\/blogg.fumei.se\/wp-content\/uploads\/2024\/05\/Skarmavbild-2024-05-30-kl.-12.40.41.png?resize=700%2C400&ssl=1 2x, https:\/\/i0.wp.com\/blogg.fumei.se\/wp-content\/uploads\/2024\/05\/Skarmavbild-2024-05-30-kl.-12.40.41.png?resize=1050%2C600&ssl=1 3x, https:\/\/i0.wp.com\/blogg.fumei.se\/wp-content\/uploads\/2024\/05\/Skarmavbild-2024-05-30-kl.-12.40.41.png?resize=1400%2C800&ssl=1 4x"},"classes":[]},{"id":1108,"url":"https:\/\/blogg.fumei.se\/?p=1108","url_meta":{"origin":6884,"position":4},"title":"Tjejsnack vecka 38","author":"M :)","date":"2009-09-14","format":false,"excerpt":"Vill du ocks\u00e5 vara med? Du hittar Tjejsnack h\u00e4r. Br\u00f6llop 1. Vill du gifta dig\/\u00e4r du gift, varf\u00f6r?, om inte av vilken anledning?Jag \u00e4r inte gift, har inte varit gift heller. D\u00e4remot kan jag mycket v\u00e4l t\u00e4nka mig att gifta mig. F\u00f6rutsatt naturligtvis att jag har en man i mitt\u2026","rel":"","context":"I \u201dVardagsliv\u201d","block_context":{"text":"Vardagsliv","link":"https:\/\/blogg.fumei.se\/?cat=47"},"img":{"alt_text":"","src":"","width":0,"height":0},"classes":[]},{"id":842,"url":"https:\/\/blogg.fumei.se\/?p=842","url_meta":{"origin":6884,"position":5},"title":"N\u00e4r jag blir stor&#8230;","author":"M :)","date":"2009-02-18","format":false,"excerpt":"...eller snarare n\u00e4r mina barn blivit stora nog att klara sig sj\u00e4lva, d\u00e5 skulle jag vilja g\u00f6ra s\u00e5nt jag inte hann\/kunde\/fick\/hade r\u00e5d med innan de f\u00f6ddes. I stora drag kan man v\u00e4l s\u00e4ga att det inneb\u00e4r en del resande, men \u00e4ven en del jobb. Jag har n\u00e4mligen t\u00e4nkt jobba mig\u2026","rel":"","context":"I \u201dVardagsliv\u201d","block_context":{"text":"Vardagsliv","link":"https:\/\/blogg.fumei.se\/?cat=47"},"img":{"alt_text":"","src":"","width":0,"height":0},"classes":[]}],"_links":{"self":[{"href":"https:\/\/blogg.fumei.se\/index.php?rest_route=\/wp\/v2\/posts\/6884","targetHints":{"allow":["GET"]}}],"collection":[{"href":"https:\/\/blogg.fumei.se\/index.php?rest_route=\/wp\/v2\/posts"}],"about":[{"href":"https:\/\/blogg.fumei.se\/index.php?rest_route=\/wp\/v2\/types\/post"}],"author":[{"embeddable":true,"href":"https:\/\/blogg.fumei.se\/index.php?rest_route=\/wp\/v2\/users\/1"}],"replies":[{"embeddable":true,"href":"https:\/\/blogg.fumei.se\/index.php?rest_route=%2Fwp%2Fv2%2Fcomments&post=6884"}],"version-history":[{"count":1,"href":"https:\/\/blogg.fumei.se\/index.php?rest_route=\/wp\/v2\/posts\/6884\/revisions"}],"predecessor-version":[{"id":6885,"href":"https:\/\/blogg.fumei.se\/index.php?rest_route=\/wp\/v2\/posts\/6884\/revisions\/6885"}],"wp:attachment":[{"href":"https:\/\/blogg.fumei.se\/index.php?rest_route=%2Fwp%2Fv2%2Fmedia&parent=6884"}],"wp:term":[{"taxonomy":"category","embeddable":true,"href":"https:\/\/blogg.fumei.se\/index.php?rest_route=%2Fwp%2Fv2%2Fcategories&post=6884"},{"taxonomy":"post_tag","embeddable":true,"href":"https:\/\/blogg.fumei.se\/index.php?rest_route=%2Fwp%2Fv2%2Ftags&post=6884"}],"curies":[{"name":"wp","href":"https:\/\/api.w.org\/{rel}","templated":true}]}}