{"id":6886,"date":"2013-10-03T21:07:00","date_gmt":"2013-10-03T19:07:00","guid":{"rendered":"https:\/\/blogg.fumei.se\/?p=6886"},"modified":"2024-05-02T21:11:22","modified_gmt":"2024-05-02T19:11:22","slug":"streckgubbar","status":"publish","type":"post","link":"https:\/\/blogg.fumei.se\/?p=6886","title":{"rendered":"Streckgubbar"},"content":{"rendered":"\n<p>Jag har tatuerat mig!<br \/>Jag ville ha n\u00e5got som var mitt eget, och som ingen annan hade, och en dag s\u00e5g jag en kille som hade en teckning av sitt barn tatuerad p\u00e5 sin arm, och d\u00e5 t\u00e4nkte jag. att det \u00e4r det jag ska ha!<\/p>\n\n\n\n<p>S\u00e5 nu finns Fias f\u00f6rsta huvudfoting och en av Robins f\u00f6rsta ninja turtles p\u00e5 min arm, ihop med barnens egna &#8221;autografer&#8221; fr\u00e5n n\u00e4r de var sm\u00e5! \u2764\ufe0f<\/p>\n\n\n\n<figure class=\"wp-block-gallery has-nested-images columns-default is-cropped wp-block-gallery-1 is-layout-flex wp-block-gallery-is-layout-flex\">\n<figure class=\"wp-block-image size-large\"><img data-recalc-dims=\"1\" loading=\"lazy\" decoding=\"async\" width=\"488\" height=\"650\" data-attachment-id=\"6887\" data-permalink=\"https:\/\/blogg.fumei.se\/?attachment_id=6887\" data-orig-file=\"https:\/\/i0.wp.com\/blogg.fumei.se\/wp-content\/uploads\/2024\/05\/7AA3045F-2BB3-4472-B716-A42E01473DFD_1_105_c.jpeg?fit=768%2C1024&amp;ssl=1\" data-orig-size=\"768,1024\" data-comments-opened=\"1\" data-image-meta=\"{&quot;aperture&quot;:&quot;2.6&quot;,&quot;credit&quot;:&quot;&quot;,&quot;camera&quot;:&quot;GT-I9300&quot;,&quot;caption&quot;:&quot;&quot;,&quot;created_timestamp&quot;:&quot;1380801895&quot;,&quot;copyright&quot;:&quot;&quot;,&quot;focal_length&quot;:&quot;3.7&quot;,&quot;iso&quot;:&quot;250&quot;,&quot;shutter_speed&quot;:&quot;0.058823529411765&quot;,&quot;title&quot;:&quot;&quot;,&quot;orientation&quot;:&quot;0&quot;}\" data-image-title=\"7AA3045F-2BB3-4472-B716-A42E01473DFD_1_105_c\" data-image-description=\"\" data-image-caption=\"\" data-large-file=\"https:\/\/i0.wp.com\/blogg.fumei.se\/wp-content\/uploads\/2024\/05\/7AA3045F-2BB3-4472-B716-A42E01473DFD_1_105_c.jpeg?fit=488%2C650&amp;ssl=1\" data-id=\"6887\" src=\"https:\/\/i0.wp.com\/blogg.fumei.se\/wp-content\/uploads\/2024\/05\/7AA3045F-2BB3-4472-B716-A42E01473DFD_1_105_c.jpeg?resize=488%2C650&#038;ssl=1\" alt=\"\" class=\"wp-image-6887\" srcset=\"https:\/\/i0.wp.com\/blogg.fumei.se\/wp-content\/uploads\/2024\/05\/7AA3045F-2BB3-4472-B716-A42E01473DFD_1_105_c.jpeg?resize=488%2C650&amp;ssl=1 488w, https:\/\/i0.wp.com\/blogg.fumei.se\/wp-content\/uploads\/2024\/05\/7AA3045F-2BB3-4472-B716-A42E01473DFD_1_105_c.jpeg?resize=225%2C300&amp;ssl=1 225w, https:\/\/i0.wp.com\/blogg.fumei.se\/wp-content\/uploads\/2024\/05\/7AA3045F-2BB3-4472-B716-A42E01473DFD_1_105_c.jpeg?w=768&amp;ssl=1 768w\" sizes=\"auto, (max-width: 488px) 100vw, 488px\" \/><\/figure>\n<\/figure>\n","protected":false},"excerpt":{"rendered":"<p>Jag har tatuerat mig!Jag ville ha n\u00e5got som var mitt eget, och som ingen annan hade, och en dag s\u00e5g jag en kille som hade en teckning av sitt barn tatuerad p\u00e5 sin arm, och d\u00e5 t\u00e4nkte jag. att det \u00e4r det jag ska ha! S\u00e5 nu finns Fias f\u00f6rsta huvudfoting och en av Robins&#8230;<\/p>\n","protected":false},"author":1,"featured_media":0,"comment_status":"open","ping_status":"open","sticky":false,"template":"","format":"standard","meta":{"jetpack_post_was_ever_published":false,"_jetpack_newsletter_access":"","_jetpack_dont_email_post_to_subs":false,"_jetpack_newsletter_tier_id":0,"_jetpack_memberships_contains_paywalled_content":false,"_jetpack_memberships_contains_paid_content":false,"footnotes":"","jetpack_publicize_message":"","jetpack_publicize_feature_enabled":true,"jetpack_social_post_already_shared":true,"jetpack_social_options":{"image_generator_settings":{"template":"highway","default_image_id":0,"font":"","enabled":false},"version":2}},"categories":[47],"tags":[301,661],"class_list":["post-6886","post","type-post","status-publish","format-standard","hentry","category-vardagsliv","tag-barn","tag-tatuering"],"jetpack_publicize_connections":[],"jetpack_featured_media_url":"","jetpack_shortlink":"https:\/\/wp.me\/p3qko4-1N4","jetpack_sharing_enabled":true,"jetpack_likes_enabled":true,"jetpack-related-posts":[{"id":994,"url":"https:\/\/blogg.fumei.se\/?p=994","url_meta":{"origin":6886,"position":0},"title":"Kolla vad jag hittade!","author":"M :)","date":"2009-06-10","format":false,"excerpt":"En ny lista! Denna hittade jag hos Milo.Hur naturlig \u00e4r jag?Jag har....( ) Mascara \u00f6ver 100 kr( ) En platt\u00e5ng (N\u00e5ja, Annas)( ) En lockt\u00e5ng (Anv\u00e4nder ALDRIG)(x) Designparfym( ) Foundation \u00f6ver 200 kr( ) \u00d6gonfransb\u00f6jare(x) Olika borttagningsmedel (F\u00f6r smink & nagellack som sonen anv\u00e4nder)(x) Speciell h\u00e5rbalsam i en sprayflaska( )\u2026","rel":"","context":"I \u201dVardagsliv\u201d","block_context":{"text":"Vardagsliv","link":"https:\/\/blogg.fumei.se\/?cat=47"},"img":{"alt_text":"","src":"","width":0,"height":0},"classes":[]},{"id":83,"url":"https:\/\/blogg.fumei.se\/?p=83","url_meta":{"origin":6886,"position":1},"title":"30 dagar i b\u00f6cker &#8211; Dag 6","author":"M :)","date":"2011-02-10","format":false,"excerpt":"Day 06 \u2013 A book that makes you sad Jag kan inte p\u00e5 rak arm n\u00e4mna n\u00e5gon s\u00e4rskild titel, men alla b\u00f6cker som handlar om barn som far illa f\u00e5r mig att gr\u00e5ta \u00f6ver deras \u00f6den.","rel":"","context":"I \u201dVardagsliv\u201d","block_context":{"text":"Vardagsliv","link":"https:\/\/blogg.fumei.se\/?cat=47"},"img":{"alt_text":"","src":"","width":0,"height":0},"classes":[]},{"id":5033,"url":"https:\/\/blogg.fumei.se\/?p=5033","url_meta":{"origin":6886,"position":2},"title":"Besked","author":"M :)","date":"2018-09-28","format":false,"excerpt":"Jag har sedan strax efter att jag b\u00f6rjade jobba p\u00e5 barnmorskemottagningen haft problem med sm\u00e4rta i min v\u00e4nstra arm. Det \u00e4r en lite diffus men \u00e4nd\u00e5 v\u00e4ldigt p\u00e5taglig sm\u00e4rta, som liksom sitter inuti armen, det spelar ingen roll om jag nyper eller kl\u00e4mmer eller vad jag g\u00f6r med armen, s\u00e5\u2026","rel":"","context":"I \u201dVardagsliv\u201d","block_context":{"text":"Vardagsliv","link":"https:\/\/blogg.fumei.se\/?cat=47"},"img":{"alt_text":"","src":"https:\/\/i0.wp.com\/blogg.fumei.se\/wp-content\/uploads\/2022\/10\/Ska%CC%88rmavbild-2022-10-30-kl.-13.49.35.jpeg?resize=350%2C200&ssl=1","width":350,"height":200,"srcset":"https:\/\/i0.wp.com\/blogg.fumei.se\/wp-content\/uploads\/2022\/10\/Ska%CC%88rmavbild-2022-10-30-kl.-13.49.35.jpeg?resize=350%2C200&ssl=1 1x, https:\/\/i0.wp.com\/blogg.fumei.se\/wp-content\/uploads\/2022\/10\/Ska%CC%88rmavbild-2022-10-30-kl.-13.49.35.jpeg?resize=525%2C300&ssl=1 1.5x, https:\/\/i0.wp.com\/blogg.fumei.se\/wp-content\/uploads\/2022\/10\/Ska%CC%88rmavbild-2022-10-30-kl.-13.49.35.jpeg?resize=700%2C400&ssl=1 2x, https:\/\/i0.wp.com\/blogg.fumei.se\/wp-content\/uploads\/2022\/10\/Ska%CC%88rmavbild-2022-10-30-kl.-13.49.35.jpeg?resize=1050%2C600&ssl=1 3x"},"classes":[]},{"id":1191,"url":"https:\/\/blogg.fumei.se\/?p=1191","url_meta":{"origin":6886,"position":3},"title":"\u00c5h\u00e5!","author":"M :)","date":"2009-11-17","format":false,"excerpt":"Jag har visst inte skrivit n\u00e5got \"riktigt\" inl\u00e4gg p\u00e5 en hel vecka! Det f\u00e5r vi ju se till att \u00e4ndra p\u00e5. Fast fr\u00e5gan \u00e4r vad jag ska skriva om. Ska jag skriva om att jag tagit sprutan nu, och att jag inte blev sjuk och h\u00f6ll p\u00e5 att d\u00f6, som\u2026","rel":"","context":"I \u201dVardagsliv\u201d","block_context":{"text":"Vardagsliv","link":"https:\/\/blogg.fumei.se\/?cat=47"},"img":{"alt_text":"","src":"","width":0,"height":0},"classes":[]},{"id":920,"url":"https:\/\/blogg.fumei.se\/?p=920","url_meta":{"origin":6886,"position":4},"title":"Dags f\u00f6r en lista igen&#8230;","author":"M :)","date":"2009-04-03","format":false,"excerpt":"Den h\u00e4r har jag l\u00e5nat ifr\u00e5n Sandra Ta n\u00e4rmaste bok och sl\u00e5 upp sidan 18, rad 4. Vad st\u00e5r det? \"He made a disgusted sound. 'I don't envy him the...' \" Str\u00e4ck ut din v\u00e4nstra arm s\u00e5 l\u00e5ngt du kan, vad r\u00f6r du vid? v\u00e4ggen i k\u00f6ket Vad s\u00e5g du\u2026","rel":"","context":"I \u201dVardagsliv\u201d","block_context":{"text":"Vardagsliv","link":"https:\/\/blogg.fumei.se\/?cat=47"},"img":{"alt_text":"","src":"","width":0,"height":0},"classes":[]},{"id":1033,"url":"https:\/\/blogg.fumei.se\/?p=1033","url_meta":{"origin":6886,"position":5},"title":"Tjejsnack vecka 28","author":"M :)","date":"2009-07-09","format":false,"excerpt":"Vill du ocks\u00e5 vara med? Du hittar Tjejsnack h\u00e4r. Barndom 1. Ditt f\u00f6rsta barndomsminne? Mitt f\u00f6rsta riktigt klara minne \u00e4r fr\u00e5n n\u00e4r vi flyttade fr\u00e5n V\u00e4ster\u00e5s till Trollh\u00e4ttan. Jag var 4 1\/2 \u00e5r och minns att jag kom in i det rummet som skulle bli mitt rum i den nya\u2026","rel":"","context":"I \u201dVardagsliv\u201d","block_context":{"text":"Vardagsliv","link":"https:\/\/blogg.fumei.se\/?cat=47"},"img":{"alt_text":"","src":"","width":0,"height":0},"classes":[]}],"_links":{"self":[{"href":"https:\/\/blogg.fumei.se\/index.php?rest_route=\/wp\/v2\/posts\/6886","targetHints":{"allow":["GET"]}}],"collection":[{"href":"https:\/\/blogg.fumei.se\/index.php?rest_route=\/wp\/v2\/posts"}],"about":[{"href":"https:\/\/blogg.fumei.se\/index.php?rest_route=\/wp\/v2\/types\/post"}],"author":[{"embeddable":true,"href":"https:\/\/blogg.fumei.se\/index.php?rest_route=\/wp\/v2\/users\/1"}],"replies":[{"embeddable":true,"href":"https:\/\/blogg.fumei.se\/index.php?rest_route=%2Fwp%2Fv2%2Fcomments&post=6886"}],"version-history":[{"count":1,"href":"https:\/\/blogg.fumei.se\/index.php?rest_route=\/wp\/v2\/posts\/6886\/revisions"}],"predecessor-version":[{"id":6888,"href":"https:\/\/blogg.fumei.se\/index.php?rest_route=\/wp\/v2\/posts\/6886\/revisions\/6888"}],"wp:attachment":[{"href":"https:\/\/blogg.fumei.se\/index.php?rest_route=%2Fwp%2Fv2%2Fmedia&parent=6886"}],"wp:term":[{"taxonomy":"category","embeddable":true,"href":"https:\/\/blogg.fumei.se\/index.php?rest_route=%2Fwp%2Fv2%2Fcategories&post=6886"},{"taxonomy":"post_tag","embeddable":true,"href":"https:\/\/blogg.fumei.se\/index.php?rest_route=%2Fwp%2Fv2%2Ftags&post=6886"}],"curies":[{"name":"wp","href":"https:\/\/api.w.org\/{rel}","templated":true}]}}