{"id":69,"date":"2011-02-20T10:58:00","date_gmt":"2011-02-20T10:58:00","guid":{"rendered":"\/Blogg\/post\/30-dagar-i-bocker-Dag-15.aspx"},"modified":"2011-02-20T10:58:00","modified_gmt":"2011-02-20T10:58:00","slug":"30-dagar-i-bocker-dag-15","status":"publish","type":"post","link":"https:\/\/blogg.fumei.se\/?p=69","title":{"rendered":"30 dagar i b\u00f6cker &#8211; Dag 15"},"content":{"rendered":"<p><strong>Day 15 &ndash; Favorite male character<\/strong><\/p>\n<p>*funderar*<br \/>*funderar*<br \/>*funderar*<br \/>Meeeen, det h&auml;r var ju skitsv&aring;rt! Det far en hel massa namn p&aring; manliga karakt&auml;rer genom huvudet, och jag t&auml;nker &#8221;&auml;r det en favorit? nja&#8230;&#8221;.<\/p>\n<p>En av mina favoriter &auml;r i alla fall Heike i Sagan om Isfolket. En annan &auml;r Jacob I Twilightsagan, f&ouml;r trots att han &auml;r envis och ton&aring;rstjurig s&aring; vill han bara v&auml;l, &auml;ven om det ibland blir s&aring; fel.<br \/>Sen har vi ju Lynley, kommissarie vid Scotland Yard,&nbsp;Mr Darcy, som egentligen &auml;r s&aring; trubbig som han verkar, och jag skulle kunna rabbla upp n&aring;gra till, men n&ouml;jer mig med att helt enkelt konstatera att jag inte har n&aring;gon manlig favoritkarakt&auml;r.&nbsp;<\/p>\n","protected":false},"excerpt":{"rendered":"<p>Day 15 &ndash; Favorite male character *funderar**funderar**funderar*Meeeen, det h&auml;r var ju skitsv&aring;rt! Det far en hel massa namn p&aring; manliga karakt&auml;rer genom huvudet, och jag t&auml;nker &#8221;&auml;r det en favorit? nja&#8230;&#8221;. En av mina favoriter &auml;r i alla fall Heike i Sagan om Isfolket. En annan &auml;r Jacob I Twilightsagan, f&ouml;r trots att han &auml;r&#8230;<\/p>\n","protected":false},"author":1,"featured_media":0,"comment_status":"open","ping_status":"open","sticky":false,"template":"","format":"standard","meta":{"jetpack_post_was_ever_published":false,"_jetpack_newsletter_access":"","_jetpack_dont_email_post_to_subs":false,"_jetpack_newsletter_tier_id":0,"_jetpack_memberships_contains_paywalled_content":false,"_jetpack_memberships_contains_paid_content":false,"footnotes":"","jetpack_publicize_message":"","jetpack_publicize_feature_enabled":true,"jetpack_social_post_already_shared":false,"jetpack_social_options":{"image_generator_settings":{"template":"highway","default_image_id":0,"font":"","enabled":false},"version":2}},"categories":[47],"tags":[],"class_list":["post-69","post","type-post","status-publish","format-standard","hentry","category-vardagsliv"],"jetpack_publicize_connections":[],"jetpack_featured_media_url":"","jetpack_shortlink":"https:\/\/wp.me\/p3qko4-17","jetpack_sharing_enabled":true,"jetpack_likes_enabled":true,"jetpack-related-posts":[{"id":62,"url":"https:\/\/blogg.fumei.se\/?p=62","url_meta":{"origin":69,"position":0},"title":"30 dagar i b\u00f6cker &#8211; Dag 20 till 27","author":"M :)","date":"2011-03-03","format":false,"excerpt":"Jag har ju som bekant inte m\u00e5tt alltf\u00f6r bra, s\u00e5 jag tar v\u00e4l igen den missade veckan\u00a0 i ett svep.\u00a0F\u00f6r er som har missat att jag varit sjuk kommer det ett annat inl\u00e4gg om det senare. Men nu g\u00e4ller det b\u00f6cker. Day 20 \u2013 Favorite romance book Jag funderar lite\u2026","rel":"","context":"I \u201dVardagsliv\u201d","block_context":{"text":"Vardagsliv","link":"https:\/\/blogg.fumei.se\/?cat=47"},"img":{"alt_text":"","src":"","width":0,"height":0},"classes":[]},{"id":91,"url":"https:\/\/blogg.fumei.se\/?p=91","url_meta":{"origin":69,"position":1},"title":"30 dagar i b\u00f6cker","author":"M :)","date":"2011-02-05","format":false,"excerpt":"Eller 30 days of books som den h\u00e4r utmaningen heter i original. Hittade den hos [enbokcirkelf\u00f6ralla] som i sin tur hittade den hos [Bokhora] , som i sin tur...\u00e4h, spelar v\u00e4l ingen roll, huvudsaken \u00e4r att det \u00e4r en kul utmaning! Den liknar den d\u00e4r utmaningen som gick runt p\u00e5\u2026","rel":"","context":"I \u201dVardagsliv\u201d","block_context":{"text":"Vardagsliv","link":"https:\/\/blogg.fumei.se\/?cat=47"},"img":{"alt_text":"","src":"","width":0,"height":0},"classes":[]},{"id":320,"url":"https:\/\/blogg.fumei.se\/?p=320","url_meta":{"origin":69,"position":2},"title":"Tjej&#038;Killsnack vecka 2, 2010","author":"EmEff","date":"2010-01-10","format":false,"excerpt":"Vill du ocks\u00e5 vara med? Du hittar Tjejsnack h\u00e4r. 5 \u00e4mnen med 5 fr\u00e5gor till varje, var det, ja! Vassego: B\u00f6ckerGillar du att l\u00e4sa b\u00f6cker?Hur m\u00e5nga b\u00f6cker l\u00e4ser du per \u00e5r?Vad f\u00f6r sorts b\u00f6cker l\u00e4ser du helst?Favorit f\u00f6rfattare?B\u00e4sta bok du l\u00e4st? Vad gjorde du f\u00f6r1 vecka sedan?1 m\u00e5nad sedan?1 \u00e5r\u2026","rel":"","context":"I \u201dVardagsliv\u201d","block_context":{"text":"Vardagsliv","link":"https:\/\/blogg.fumei.se\/?cat=47"},"img":{"alt_text":"","src":"","width":0,"height":0},"classes":[]},{"id":73,"url":"https:\/\/blogg.fumei.se\/?p=73","url_meta":{"origin":69,"position":3},"title":"30 dagar i b\u00f6cker &#8211; Dag 14","author":"M :)","date":"2011-02-18","format":false,"excerpt":"Day 14 \u2013 Favorite book of your favorite writer I f\u00f6rra [utmaningsinl\u00e4gget] skrev jag ju att jag inte har n\u00e5gon direkt favoritf\u00f6rfattare, s\u00e5 d\u00e5 \u00e4r det ju lite sv\u00e5rt att n\u00e4mna en favoritbok av sin favoritf\u00f6rfattare. Men eftersom jag n\u00e4mnt Jane Austen som en av de f\u00f6rfattare jag \u00e4lskar mest,\u2026","rel":"","context":"I \u201dVardagsliv\u201d","block_context":{"text":"Vardagsliv","link":"https:\/\/blogg.fumei.se\/?cat=47"},"img":{"alt_text":"","src":"","width":0,"height":0},"classes":[]},{"id":86,"url":"https:\/\/blogg.fumei.se\/?p=86","url_meta":{"origin":69,"position":4},"title":"30 dagar i b\u00f6cker &#8211; Dag 4","author":"M :)","date":"2011-02-08","format":false,"excerpt":"Day 04 \u2013 Favorite book of your favorite series Jag har tv\u00e5 favoriter i Sagan om Isfolket -\u00a0bok nr 29; [Lucifers k\u00e4rlek] och bok nr 36; [Trollm\u00e5ne] . Jag antar att det \u00e4r romantikern i\u00a0mig som tjusas av dem.","rel":"","context":"I \u201dVardagsliv\u201d","block_context":{"text":"Vardagsliv","link":"https:\/\/blogg.fumei.se\/?cat=47"},"img":{"alt_text":"","src":"","width":0,"height":0},"classes":[]},{"id":254,"url":"https:\/\/blogg.fumei.se\/?p=254","url_meta":{"origin":69,"position":5},"title":"Tjej&#038;Killsnack vecka 15","author":"M :)","date":"2010-04-12","format":false,"excerpt":"Veckans fr\u00e5gor. L\u00e4s mer om vad TJEJ&KILLSNACK \u00e4r\/hitta alla fr\u00e5gor h\u00e4r Smycken 1. Vad gillar du f\u00f6r typ av smycken? Enkla smycken, kedjor med n\u00e5gon berlock. Helst i silver. 2. Har du gjort n\u00e5gra egna smycken, vad? Nej inte vad jag kan minnas. Men jag kan t\u00e4nka mig att g\u00f6ra\u2026","rel":"","context":"I \u201dVardagsliv\u201d","block_context":{"text":"Vardagsliv","link":"https:\/\/blogg.fumei.se\/?cat=47"},"img":{"alt_text":"","src":"","width":0,"height":0},"classes":[]}],"_links":{"self":[{"href":"https:\/\/blogg.fumei.se\/index.php?rest_route=\/wp\/v2\/posts\/69","targetHints":{"allow":["GET"]}}],"collection":[{"href":"https:\/\/blogg.fumei.se\/index.php?rest_route=\/wp\/v2\/posts"}],"about":[{"href":"https:\/\/blogg.fumei.se\/index.php?rest_route=\/wp\/v2\/types\/post"}],"author":[{"embeddable":true,"href":"https:\/\/blogg.fumei.se\/index.php?rest_route=\/wp\/v2\/users\/1"}],"replies":[{"embeddable":true,"href":"https:\/\/blogg.fumei.se\/index.php?rest_route=%2Fwp%2Fv2%2Fcomments&post=69"}],"version-history":[{"count":1,"href":"https:\/\/blogg.fumei.se\/index.php?rest_route=\/wp\/v2\/posts\/69\/revisions"}],"predecessor-version":[{"id":1334,"href":"https:\/\/blogg.fumei.se\/index.php?rest_route=\/wp\/v2\/posts\/69\/revisions\/1334"}],"wp:attachment":[{"href":"https:\/\/blogg.fumei.se\/index.php?rest_route=%2Fwp%2Fv2%2Fmedia&parent=69"}],"wp:term":[{"taxonomy":"category","embeddable":true,"href":"https:\/\/blogg.fumei.se\/index.php?rest_route=%2Fwp%2Fv2%2Fcategories&post=69"},{"taxonomy":"post_tag","embeddable":true,"href":"https:\/\/blogg.fumei.se\/index.php?rest_route=%2Fwp%2Fv2%2Ftags&post=69"}],"curies":[{"name":"wp","href":"https:\/\/api.w.org\/{rel}","templated":true}]}}