{"id":6998,"date":"2013-06-20T15:33:00","date_gmt":"2013-06-20T13:33:00","guid":{"rendered":"https:\/\/blogg.fumei.se\/?p=6998"},"modified":"2024-05-31T15:47:27","modified_gmt":"2024-05-31T13:47:27","slug":"tillbaka-till-skolbanken","status":"publish","type":"post","link":"https:\/\/blogg.fumei.se\/?p=6998","title":{"rendered":"Tillbaka till skolb\u00e4nken"},"content":{"rendered":"\n<p>Jag s\u00f6kte en utbildning i v\u00e5ras, och idag fick jag besked om att jag \u00e4r antagen!<br \/>Utbildningen \u00e4r Specialistundersk\u00f6terska inom anestesi, operation och intensivv\u00e5rd.<br \/>Sj\u00e4lvklart tackar jag ja, s\u00e5 nu g\u00e4ller det bara att beg\u00e4ra tj\u00e4nstledigt och ordna med studiemedel.<\/p>\n\n\n\n<figure class=\"wp-block-image size-full\"><img data-recalc-dims=\"1\" loading=\"lazy\" decoding=\"async\" width=\"640\" height=\"634\" data-attachment-id=\"6999\" data-permalink=\"https:\/\/blogg.fumei.se\/?attachment_id=6999\" data-orig-file=\"https:\/\/i0.wp.com\/blogg.fumei.se\/wp-content\/uploads\/2024\/05\/Skarmavbild-2024-05-31-kl.-15.36.50.jpeg?fit=640%2C634&amp;ssl=1\" data-orig-size=\"640,634\" data-comments-opened=\"1\" data-image-meta=\"{&quot;aperture&quot;:&quot;0&quot;,&quot;credit&quot;:&quot;&quot;,&quot;camera&quot;:&quot;&quot;,&quot;caption&quot;:&quot;Screenshot&quot;,&quot;created_timestamp&quot;:&quot;1717169817&quot;,&quot;copyright&quot;:&quot;&quot;,&quot;focal_length&quot;:&quot;0&quot;,&quot;iso&quot;:&quot;0&quot;,&quot;shutter_speed&quot;:&quot;0&quot;,&quot;title&quot;:&quot;Screenshot&quot;,&quot;orientation&quot;:&quot;1&quot;}\" data-image-title=\"Screenshot\" data-image-description=\"\" data-image-caption=\"&lt;p&gt;Screenshot&lt;\/p&gt;\n\" data-large-file=\"https:\/\/i0.wp.com\/blogg.fumei.se\/wp-content\/uploads\/2024\/05\/Skarmavbild-2024-05-31-kl.-15.36.50.jpeg?fit=640%2C634&amp;ssl=1\" src=\"https:\/\/i0.wp.com\/blogg.fumei.se\/wp-content\/uploads\/2024\/05\/Skarmavbild-2024-05-31-kl.-15.36.50.jpeg?resize=640%2C634&#038;ssl=1\" alt=\"\" class=\"wp-image-6999\" srcset=\"https:\/\/i0.wp.com\/blogg.fumei.se\/wp-content\/uploads\/2024\/05\/Skarmavbild-2024-05-31-kl.-15.36.50.jpeg?w=640&amp;ssl=1 640w, https:\/\/i0.wp.com\/blogg.fumei.se\/wp-content\/uploads\/2024\/05\/Skarmavbild-2024-05-31-kl.-15.36.50.jpeg?resize=300%2C297&amp;ssl=1 300w, https:\/\/i0.wp.com\/blogg.fumei.se\/wp-content\/uploads\/2024\/05\/Skarmavbild-2024-05-31-kl.-15.36.50.jpeg?resize=303%2C300&amp;ssl=1 303w\" sizes=\"auto, (max-width: 640px) 100vw, 640px\" \/><figcaption class=\"wp-element-caption\">Screenshot<\/figcaption><\/figure>\n","protected":false},"excerpt":{"rendered":"<p>Jag s\u00f6kte en utbildning i v\u00e5ras, och idag fick jag besked om att jag \u00e4r antagen!Utbildningen \u00e4r Specialistundersk\u00f6terska inom anestesi, operation och intensivv\u00e5rd.Sj\u00e4lvklart tackar jag ja, s\u00e5 nu g\u00e4ller det bara att beg\u00e4ra tj\u00e4nstledigt och ordna med studiemedel.<\/p>\n","protected":false},"author":1,"featured_media":0,"comment_status":"open","ping_status":"open","sticky":false,"template":"","format":"standard","meta":{"jetpack_post_was_ever_published":false,"_jetpack_newsletter_access":"","_jetpack_dont_email_post_to_subs":false,"_jetpack_newsletter_tier_id":0,"_jetpack_memberships_contains_paywalled_content":false,"_jetpack_memberships_contains_paid_content":false,"footnotes":"","jetpack_publicize_message":"","jetpack_publicize_feature_enabled":true,"jetpack_social_post_already_shared":true,"jetpack_social_options":{"image_generator_settings":{"template":"highway","default_image_id":0,"font":"","enabled":false},"version":2}},"categories":[47],"tags":[280,405,287],"class_list":["post-6998","post","type-post","status-publish","format-standard","hentry","category-vardagsliv","tag-skola","tag-utbildning","tag-vaxjo"],"jetpack_publicize_connections":[],"jetpack_featured_media_url":"","jetpack_shortlink":"https:\/\/wp.me\/p3qko4-1OS","jetpack_sharing_enabled":true,"jetpack_likes_enabled":true,"jetpack-related-posts":[{"id":3094,"url":"https:\/\/blogg.fumei.se\/?p=3094","url_meta":{"origin":6998,"position":0},"title":"Pluggh\u00e4st","author":"M :)","date":"2013-07-18","format":false,"excerpt":"Japp, det \u00e4r jag, det! Snart i alla fall. Jag s\u00f6kte n\u00e4mligen en utbildning till specialistundersk\u00f6terska, och f\u00f6r n\u00e5gra veckor sedan fick jag veta att jag kommit in! Men jag ville inte g\u00e5 ut med det till alla f\u00f6rr\u00e4n jag var s\u00e4ker p\u00e5 att det skulle ordna sig med det\u2026","rel":"","context":"I \u201dVardagsliv\u201d","block_context":{"text":"Vardagsliv","link":"https:\/\/blogg.fumei.se\/?cat=47"},"img":{"alt_text":"specusk","src":"https:\/\/i0.wp.com\/blogg.fumei.se\/wp-content\/uploads\/2013\/07\/specusk-300x167.jpg?resize=350%2C200","width":350,"height":200},"classes":[]},{"id":5161,"url":"https:\/\/blogg.fumei.se\/?p=5161","url_meta":{"origin":6998,"position":1},"title":"Utbildningsdagar","author":"M :)","date":"2018-10-26","format":false,"excerpt":"I tv\u00e5 dagar har jag varit iv\u00e4g p\u00e5 planerings- och utbildningsdagar med kollegorna p\u00e5 barnmorskemottagningen.Vi \u00e5kte till Stockholm d\u00e4r vi bland annat var p\u00e5 studiebes\u00f6k p\u00e5 S\u00f6dersjukhuset och fick h\u00f6ra om hur man arbetar p\u00e5 Amelmottagningen f\u00f6r k\u00f6nsstympade kvinnor och p\u00e5 v\u00e5ldt\u00e4ktsmottagningen.Mycket intressant och inspirerande. Sen hann vi ocks\u00e5 med\u2026","rel":"","context":"I \u201dJobb\u201d","block_context":{"text":"Jobb","link":"https:\/\/blogg.fumei.se\/?cat=494"},"img":{"alt_text":"","src":"https:\/\/i0.wp.com\/blogg.fumei.se\/wp-content\/uploads\/2023\/08\/20181026_154957.jpg?resize=350%2C200","width":350,"height":200,"srcset":"https:\/\/i0.wp.com\/blogg.fumei.se\/wp-content\/uploads\/2023\/08\/20181026_154957.jpg?resize=350%2C200 1x, https:\/\/i0.wp.com\/blogg.fumei.se\/wp-content\/uploads\/2023\/08\/20181026_154957.jpg?resize=525%2C300 1.5x, https:\/\/i0.wp.com\/blogg.fumei.se\/wp-content\/uploads\/2023\/08\/20181026_154957.jpg?resize=700%2C400 2x"},"classes":[]},{"id":3134,"url":"https:\/\/blogg.fumei.se\/?p=3134","url_meta":{"origin":6998,"position":2},"title":"Turistigt","author":"M :)","date":"2013-10-25","format":false,"excerpt":"En vecka varje m\u00e5nad \u00e5ker jag till V\u00e4xj\u00f6 f\u00f6r centrala tr\u00e4ffar med klassen. V\u00e4xj\u00f6, eftersom utbildningen jag g\u00e5r anordnas av Kunskapscenter Syd. N\u00e4r jag \u00e4r d\u00e4r bor jag hos Silvio, Emma och barnen; himla smidigt och mycket billigaste \u00e4n tex bandet vandrarhem. Och s\u00e5 har man ju fri tillg\u00e5ng till\u2026","rel":"","context":"I \u201dVardagsliv\u201d","block_context":{"text":"Vardagsliv","link":"https:\/\/blogg.fumei.se\/?cat=47"},"img":{"alt_text":"","src":"","width":0,"height":0},"classes":[]},{"id":251,"url":"https:\/\/blogg.fumei.se\/?p=251","url_meta":{"origin":6998,"position":3},"title":"*host host*","author":"M :)","date":"2010-04-15","format":false,"excerpt":"Att jag aldrig l\u00e4r mig! Nu har jag gjort samma misstag i \u00e5r igen, som jag g\u00f6r varje \u00e5r. H\u00e4ngt in vinterjackan i garderoben och bara k\u00f6rt tjocktr\u00f6ja n\u00e4r det varit soligt och fint. Men det bl\u00e5ser ju! S\u00e5 nu har jag f\u00e5tt raspig hals och lite hosta. F\u00e5r kl\u00e4\u2026","rel":"","context":"I \u201dVardagsliv\u201d","block_context":{"text":"Vardagsliv","link":"https:\/\/blogg.fumei.se\/?cat=47"},"img":{"alt_text":"","src":"","width":0,"height":0},"classes":[]},{"id":3952,"url":"https:\/\/blogg.fumei.se\/?p=3952","url_meta":{"origin":6998,"position":4},"title":"Skolbarn","author":"M :)","date":"2016-08-16","format":false,"excerpt":"I L\u00f6rdags k\u00f6rde vi upp Robin och hans bohag till Link\u00f6ping. Hur man kan ha s\u00e5 mycket prylar\u00a0n\u00e4r man knappt har n\u00e5gra saker, det fattar jag inte! Vi fyllde b\u00e5de sl\u00e4p och bil, och d\u00e5 hade han \u00e4nd\u00e5 bara ett skrivbord med stol i m\u00f6belv\u00e4g med sig (s\u00e4ng och \u00f6vrigt\u00a0finns\u2026","rel":"","context":"I \u201dFamiljen\u201d","block_context":{"text":"Familjen","link":"https:\/\/blogg.fumei.se\/?cat=34"},"img":{"alt_text":"23680438-origpic-9432c8","src":"https:\/\/i0.wp.com\/blogg.fumei.se\/wp-content\/uploads\/2016\/08\/23680438-origpic-9432c8.jpg?resize=350%2C200","width":350,"height":200},"classes":[]},{"id":252,"url":"https:\/\/blogg.fumei.se\/?p=252","url_meta":{"origin":6998,"position":5},"title":"Sn\u00e5lbl\u00e5st","author":"M :)","date":"2010-04-13","format":false,"excerpt":"Solen sken idag ocks\u00e5, men det bl\u00e5ste fasligt kallt, s\u00e5 det var n\u00e4stan l\u00e4ge f\u00f6r jacka igen, men jag h\u00e4rdar ut! Har ingen lust att kr\u00e4nga p\u00e5 mig en vinterjacka igen, n\u00e4r jag nu har h\u00e4ngt undan den f\u00f6r i \u00e5r, och n\u00e5gon v\u00e5rjacka har jag inte hunnit inf\u00f6rskaffa, s\u00e5\u2026","rel":"","context":"I \u201dVardagsliv\u201d","block_context":{"text":"Vardagsliv","link":"https:\/\/blogg.fumei.se\/?cat=47"},"img":{"alt_text":"","src":"","width":0,"height":0},"classes":[]}],"_links":{"self":[{"href":"https:\/\/blogg.fumei.se\/index.php?rest_route=\/wp\/v2\/posts\/6998","targetHints":{"allow":["GET"]}}],"collection":[{"href":"https:\/\/blogg.fumei.se\/index.php?rest_route=\/wp\/v2\/posts"}],"about":[{"href":"https:\/\/blogg.fumei.se\/index.php?rest_route=\/wp\/v2\/types\/post"}],"author":[{"embeddable":true,"href":"https:\/\/blogg.fumei.se\/index.php?rest_route=\/wp\/v2\/users\/1"}],"replies":[{"embeddable":true,"href":"https:\/\/blogg.fumei.se\/index.php?rest_route=%2Fwp%2Fv2%2Fcomments&post=6998"}],"version-history":[{"count":1,"href":"https:\/\/blogg.fumei.se\/index.php?rest_route=\/wp\/v2\/posts\/6998\/revisions"}],"predecessor-version":[{"id":7000,"href":"https:\/\/blogg.fumei.se\/index.php?rest_route=\/wp\/v2\/posts\/6998\/revisions\/7000"}],"wp:attachment":[{"href":"https:\/\/blogg.fumei.se\/index.php?rest_route=%2Fwp%2Fv2%2Fmedia&parent=6998"}],"wp:term":[{"taxonomy":"category","embeddable":true,"href":"https:\/\/blogg.fumei.se\/index.php?rest_route=%2Fwp%2Fv2%2Fcategories&post=6998"},{"taxonomy":"post_tag","embeddable":true,"href":"https:\/\/blogg.fumei.se\/index.php?rest_route=%2Fwp%2Fv2%2Ftags&post=6998"}],"curies":[{"name":"wp","href":"https:\/\/api.w.org\/{rel}","templated":true}]}}