{"id":7001,"date":"2014-09-14T11:48:00","date_gmt":"2014-09-14T09:48:00","guid":{"rendered":"https:\/\/blogg.fumei.se\/?p=7001"},"modified":"2024-05-31T15:55:45","modified_gmt":"2024-05-31T13:55:45","slug":"glom-inte-att-rosta","status":"publish","type":"post","link":"https:\/\/blogg.fumei.se\/?p=7001","title":{"rendered":"Gl\u00f6m inte att r\u00f6sta!"},"content":{"rendered":"\n<p>Vare sig det, som idag, \u00e4r till riksdag, kommun, landsting eller en folkomr\u00f6stning. <br \/>Det \u00e4r din medborgerliga r\u00e4ttighet, men ocks\u00e5 din skyldighet, som medborgare i ditt land, att r\u00f6sta.<\/p>\n\n\n\n<p>Runt om i v\u00e4rlden d\u00f6r m\u00e4nniskor varje dag f\u00f6r r\u00e4tten att f\u00e5 r\u00f6sta och r\u00e4tten till demokrati; n\u00e5got som vi tar f\u00f6r givet h\u00e4r i Sverige. <br \/>\u00c4r du inte intresserad av politik, \u00e4r du os\u00e4ker p\u00e5 vilket parti \/ vem du ska r\u00f6sta p\u00e5, tycker du det verkar f\u00f6r kr\u00e5ngligt och invecklat? R\u00f6sta d\u00e5 blankt, d\u00e5 har du i alla fall gjort din r\u00f6st h\u00f6rd! En r\u00f6st som s\u00e4ger att du tex inte \u00e4r n\u00f6jd med de alternativ som finns. En r\u00f6st som betyder mycket mer \u00e4n du tror, och som definitvt betyder mer \u00e4n en icke-r\u00f6st! <\/p>\n\n\n\n<p>Ses\u00e5, skynda dig iv\u00e4g till vallokalen nu, \u00e4n hinner du, det \u00e4r fortfarande n\u00e5gra timmar kvar!<br \/>Och du, n\u00e4r du r\u00f6star, g\u00f6r det med lika mycket hj\u00e4rta som hj\u00e4rna.<\/p>\n","protected":false},"excerpt":{"rendered":"<p>Vare sig det, som idag, \u00e4r till riksdag, kommun, landsting eller en folkomr\u00f6stning. Det \u00e4r din medborgerliga r\u00e4ttighet, men ocks\u00e5 din skyldighet, som medborgare i ditt land, att r\u00f6sta. Runt om i v\u00e4rlden d\u00f6r m\u00e4nniskor varje dag f\u00f6r r\u00e4tten att f\u00e5 r\u00f6sta och r\u00e4tten till demokrati; n\u00e5got som vi tar f\u00f6r givet h\u00e4r i Sverige&#8230;.<\/p>\n","protected":false},"author":1,"featured_media":0,"comment_status":"open","ping_status":"open","sticky":false,"template":"","format":"standard","meta":{"jetpack_post_was_ever_published":false,"_jetpack_newsletter_access":"","_jetpack_dont_email_post_to_subs":false,"_jetpack_newsletter_tier_id":0,"_jetpack_memberships_contains_paywalled_content":false,"_jetpack_memberships_contains_paid_content":false,"footnotes":"","jetpack_publicize_message":"","jetpack_publicize_feature_enabled":true,"jetpack_social_post_already_shared":true,"jetpack_social_options":{"image_generator_settings":{"template":"highway","default_image_id":0,"font":"","enabled":false},"version":2}},"categories":[47],"tags":[688,180,466],"class_list":["post-7001","post","type-post","status-publish","format-standard","hentry","category-vardagsliv","tag-riskdag","tag-rosta","tag-val"],"jetpack_publicize_connections":[],"jetpack_featured_media_url":"","jetpack_shortlink":"https:\/\/wp.me\/p3qko4-1OV","jetpack_sharing_enabled":true,"jetpack_likes_enabled":true,"jetpack-related-posts":[{"id":5030,"url":"https:\/\/blogg.fumei.se\/?p=5030","url_meta":{"origin":7001,"position":0},"title":"Val idag!","author":"M :)","date":"2018-09-09","format":false,"excerpt":"Du gl\u00f6mmer v\u00e4l inte att r\u00f6sta?! Vare sig det, som idag, \u00e4r till riksdag, kommun, landsting eller en folkomr\u00f6stning. Det \u00e4r din medborgerliga r\u00e4ttighet, men ocks\u00e5 din skyldighet, som medborgare i ditt land, att r\u00f6sta. Runt om i v\u00e4rlden d\u00f6r m\u00e4nniskor varje dag f\u00f6r r\u00e4tten att f\u00e5 r\u00f6sta och r\u00e4tten\u2026","rel":"","context":"I \u201dVardagsliv\u201d","block_context":{"text":"Vardagsliv","link":"https:\/\/blogg.fumei.se\/?cat=47"},"img":{"alt_text":"","src":"https:\/\/i0.wp.com\/blogg.fumei.se\/wp-content\/uploads\/2022\/10\/Ska%CC%88rmavbild-2022-10-30-kl.-13.35.04.png?resize=350%2C200&ssl=1","width":350,"height":200,"srcset":"https:\/\/i0.wp.com\/blogg.fumei.se\/wp-content\/uploads\/2022\/10\/Ska%CC%88rmavbild-2022-10-30-kl.-13.35.04.png?resize=350%2C200&ssl=1 1x, https:\/\/i0.wp.com\/blogg.fumei.se\/wp-content\/uploads\/2022\/10\/Ska%CC%88rmavbild-2022-10-30-kl.-13.35.04.png?resize=525%2C300&ssl=1 1.5x, https:\/\/i0.wp.com\/blogg.fumei.se\/wp-content\/uploads\/2022\/10\/Ska%CC%88rmavbild-2022-10-30-kl.-13.35.04.png?resize=700%2C400&ssl=1 2x, https:\/\/i0.wp.com\/blogg.fumei.se\/wp-content\/uploads\/2022\/10\/Ska%CC%88rmavbild-2022-10-30-kl.-13.35.04.png?resize=1050%2C600&ssl=1 3x, https:\/\/i0.wp.com\/blogg.fumei.se\/wp-content\/uploads\/2022\/10\/Ska%CC%88rmavbild-2022-10-30-kl.-13.35.04.png?resize=1400%2C800&ssl=1 4x"},"classes":[]},{"id":7039,"url":"https:\/\/blogg.fumei.se\/?p=7039","url_meta":{"origin":7001,"position":1},"title":"Gl\u00f6m inte att r\u00f6sta!","author":"M :)","date":"2024-06-09","format":false,"excerpt":"Vare sig det \u00e4r till riksdag, kommun, landsting eller en folkomr\u00f6stning, eller som idag, till EU-parlamentet. Det \u00e4r din medborgerliga r\u00e4ttighet, men ocks\u00e5 din skyldighet, som medborgare i ditt land, att r\u00f6sta.Runt om i v\u00e4rlden d\u00f6r m\u00e4nniskor varje dag f\u00f6r r\u00e4tten att f\u00e5 r\u00f6sta och r\u00e4tten till demokrati; n\u00e5got som\u2026","rel":"","context":"I \u201dVardagsliv\u201d","block_context":{"text":"Vardagsliv","link":"https:\/\/blogg.fumei.se\/?cat=47"},"img":{"alt_text":"","src":"https:\/\/i0.wp.com\/blogg.fumei.se\/wp-content\/uploads\/2024\/06\/39D1D5C8-B84D-4C01-AA74-06C1A39BC3D8.jpeg?resize=350%2C200&ssl=1","width":350,"height":200,"srcset":"https:\/\/i0.wp.com\/blogg.fumei.se\/wp-content\/uploads\/2024\/06\/39D1D5C8-B84D-4C01-AA74-06C1A39BC3D8.jpeg?resize=350%2C200&ssl=1 1x, https:\/\/i0.wp.com\/blogg.fumei.se\/wp-content\/uploads\/2024\/06\/39D1D5C8-B84D-4C01-AA74-06C1A39BC3D8.jpeg?resize=525%2C300&ssl=1 1.5x, https:\/\/i0.wp.com\/blogg.fumei.se\/wp-content\/uploads\/2024\/06\/39D1D5C8-B84D-4C01-AA74-06C1A39BC3D8.jpeg?resize=700%2C400&ssl=1 2x, https:\/\/i0.wp.com\/blogg.fumei.se\/wp-content\/uploads\/2024\/06\/39D1D5C8-B84D-4C01-AA74-06C1A39BC3D8.jpeg?resize=1050%2C600&ssl=1 3x, https:\/\/i0.wp.com\/blogg.fumei.se\/wp-content\/uploads\/2024\/06\/39D1D5C8-B84D-4C01-AA74-06C1A39BC3D8.jpeg?resize=1400%2C800&ssl=1 4x"},"classes":[]},{"id":2364,"url":"https:\/\/blogg.fumei.se\/?p=2364","url_meta":{"origin":7001,"position":2},"title":"En svensk klassiker","author":"M :)","date":"2012-05-14","format":false,"excerpt":"Nix nej jag ska inte varken cykla, simma eller springa. Det handlar om radioklassiker. N\u00e4rmare best\u00e4mt Svensktoppen. Ett program som jag, och m\u00e5nga med mig, v\u00e4xte upp med p\u00e5 radion vid frukostbordet p\u00e5 s\u00f6ndagarna. H\u00e4romdagen damp detta kort ner i brevl\u00e5dan: och eftersom det \u00e4r lite nostalgivarning p\u00e5 den, och\u2026","rel":"","context":"I \u201dVardagsliv\u201d","block_context":{"text":"Vardagsliv","link":"https:\/\/blogg.fumei.se\/?cat=47"},"img":{"alt_text":"","src":"","width":0,"height":0},"classes":[]},{"id":118,"url":"https:\/\/blogg.fumei.se\/?p=118","url_meta":{"origin":7001,"position":3},"title":"Ombyte f\u00f6rn\u00f6jer","author":"M :)","date":"2011-01-16","format":false,"excerpt":"Jag funderar p\u00e5 att byta namn. P\u00e5 bloggen, allts\u00e5. Fr\u00e4mst f\u00f6r att jag \u00e4r lite tr\u00f6tt p\u00e5 EmEff. Det \u00e4r liksom intets\u00e4gande, och dessutom fattar folk inte varf\u00f6r bloggen heter det. Att det \u00e4r ett ord som uppst\u00e5tt ur bokst\u00e4verna M (emm) och F (eff) - som ju \u00e4r mina\u2026","rel":"","context":"I \u201dVardagsliv\u201d","block_context":{"text":"Vardagsliv","link":"https:\/\/blogg.fumei.se\/?cat=47"},"img":{"alt_text":"","src":"","width":0,"height":0},"classes":[]},{"id":7052,"url":"https:\/\/blogg.fumei.se\/?p=7052","url_meta":{"origin":7001,"position":4},"title":"Alltid r\u00f6tt alltid r\u00e4tt","author":"M :)","date":"2024-07-01","format":false,"excerpt":"En gammal goding med Imperiet har f\u00e5tt ge titel \u00e5t b\u00e5de det h\u00e4r blogginl\u00e4gget och en dokument\u00e4rfilm om bandet; Ett hj\u00e4rta \u00e4r alltid r\u00f6tt. Jag s\u00e5g den f\u00f6r ett par veckor sedan, och det var mycket igenk\u00e4nning i musiken och politiken, hur Imperiet uppstod ur spillrorna av Ebba Gr\u00f6n, och\u2026","rel":"","context":"I \u201dFilmer och TV\u201d","block_context":{"text":"Filmer och TV","link":"https:\/\/blogg.fumei.se\/?cat=43"},"img":{"alt_text":"","src":"https:\/\/i0.wp.com\/blogg.fumei.se\/wp-content\/uploads\/2024\/07\/7C5C119B-88A1-4BD2-94DE-33629CEA4BD9-scaled.jpeg?resize=350%2C200&ssl=1","width":350,"height":200,"srcset":"https:\/\/i0.wp.com\/blogg.fumei.se\/wp-content\/uploads\/2024\/07\/7C5C119B-88A1-4BD2-94DE-33629CEA4BD9-scaled.jpeg?resize=350%2C200&ssl=1 1x, https:\/\/i0.wp.com\/blogg.fumei.se\/wp-content\/uploads\/2024\/07\/7C5C119B-88A1-4BD2-94DE-33629CEA4BD9-scaled.jpeg?resize=525%2C300&ssl=1 1.5x, https:\/\/i0.wp.com\/blogg.fumei.se\/wp-content\/uploads\/2024\/07\/7C5C119B-88A1-4BD2-94DE-33629CEA4BD9-scaled.jpeg?resize=700%2C400&ssl=1 2x, https:\/\/i0.wp.com\/blogg.fumei.se\/wp-content\/uploads\/2024\/07\/7C5C119B-88A1-4BD2-94DE-33629CEA4BD9-scaled.jpeg?resize=1050%2C600&ssl=1 3x, https:\/\/i0.wp.com\/blogg.fumei.se\/wp-content\/uploads\/2024\/07\/7C5C119B-88A1-4BD2-94DE-33629CEA4BD9-scaled.jpeg?resize=1400%2C800&ssl=1 4x"},"classes":[]},{"id":71,"url":"https:\/\/blogg.fumei.se\/?p=71","url_meta":{"origin":7001,"position":5},"title":"Hundliv","author":"M :)","date":"2011-02-19","format":false,"excerpt":"Idag har vi blivit hund\u00e4gare. F\u00f6r den som inte h\u00e4nger med i sv\u00e4ngarna, s\u00e5 har vi ju tagit \u00f6ver mors och fars hund - Stella - f\u00f6r de orkar inte sj\u00e4lva att g\u00e5 ut med henne flera g\u00e5nger och l\u00e5nga promenader varje g\u00e5ng. S\u00e5 ist\u00e4llet f\u00f6r att s\u00e4lja henne och\u2026","rel":"","context":"I \u201dVardagsliv\u201d","block_context":{"text":"Vardagsliv","link":"https:\/\/blogg.fumei.se\/?cat=47"},"img":{"alt_text":"","src":"https:\/\/i0.wp.com\/blogg.fumei.se\/wp-content\/uploads\/2011\/02\/P1110171.png?resize=350%2C200","width":350,"height":200},"classes":[]}],"_links":{"self":[{"href":"https:\/\/blogg.fumei.se\/index.php?rest_route=\/wp\/v2\/posts\/7001","targetHints":{"allow":["GET"]}}],"collection":[{"href":"https:\/\/blogg.fumei.se\/index.php?rest_route=\/wp\/v2\/posts"}],"about":[{"href":"https:\/\/blogg.fumei.se\/index.php?rest_route=\/wp\/v2\/types\/post"}],"author":[{"embeddable":true,"href":"https:\/\/blogg.fumei.se\/index.php?rest_route=\/wp\/v2\/users\/1"}],"replies":[{"embeddable":true,"href":"https:\/\/blogg.fumei.se\/index.php?rest_route=%2Fwp%2Fv2%2Fcomments&post=7001"}],"version-history":[{"count":1,"href":"https:\/\/blogg.fumei.se\/index.php?rest_route=\/wp\/v2\/posts\/7001\/revisions"}],"predecessor-version":[{"id":7002,"href":"https:\/\/blogg.fumei.se\/index.php?rest_route=\/wp\/v2\/posts\/7001\/revisions\/7002"}],"wp:attachment":[{"href":"https:\/\/blogg.fumei.se\/index.php?rest_route=%2Fwp%2Fv2%2Fmedia&parent=7001"}],"wp:term":[{"taxonomy":"category","embeddable":true,"href":"https:\/\/blogg.fumei.se\/index.php?rest_route=%2Fwp%2Fv2%2Fcategories&post=7001"},{"taxonomy":"post_tag","embeddable":true,"href":"https:\/\/blogg.fumei.se\/index.php?rest_route=%2Fwp%2Fv2%2Ftags&post=7001"}],"curies":[{"name":"wp","href":"https:\/\/api.w.org\/{rel}","templated":true}]}}