{"id":76,"date":"2011-02-16T22:48:00","date_gmt":"2011-02-16T22:48:00","guid":{"rendered":"\/Blogg\/post\/30-dagar-i-bocker-Dag-12.aspx"},"modified":"2011-02-16T22:48:00","modified_gmt":"2011-02-16T22:48:00","slug":"30-dagar-i-bocker-dag-12","status":"publish","type":"post","link":"https:\/\/blogg.fumei.se\/?p=76","title":{"rendered":"30 dagar i b\u00f6cker &#8211; Dag 12"},"content":{"rendered":"<p><strong>Day 12 &ndash; A book you used to love but don&rsquo;t anymore<\/strong><\/p>\n<p>Vad&aring; &#8221;inte &auml;lskar l&auml;ngre&#8221;? Om jag en g&aring;ng f&ouml;r&auml;lskat mig i en bok, s&aring; kommer jag alltid att &auml;lska den. Men man kan se det lite fr&aring;n en annan vinkel &#8211; det finns b&ouml;cker jag varit helt passionerad &ouml;ver men som jag numera k&auml;nner att jag l&auml;st f&ouml;r mycket, s&aring; att jag inte l&auml;ngre k&auml;nner den d&auml;r oooh-k&auml;nslan n&auml;r jag l&auml;ser om den.<\/p>\n","protected":false},"excerpt":{"rendered":"<p>Day 12 &ndash; A book you used to love but don&rsquo;t anymore Vad&aring; &#8221;inte &auml;lskar l&auml;ngre&#8221;? Om jag en g&aring;ng f&ouml;r&auml;lskat mig i en bok, s&aring; kommer jag alltid att &auml;lska den. Men man kan se det lite fr&aring;n en annan vinkel &#8211; det finns b&ouml;cker jag varit helt passionerad &ouml;ver men som jag numera&#8230;<\/p>\n","protected":false},"author":1,"featured_media":0,"comment_status":"open","ping_status":"open","sticky":false,"template":"","format":"standard","meta":{"jetpack_post_was_ever_published":false,"_jetpack_newsletter_access":"","_jetpack_dont_email_post_to_subs":false,"_jetpack_newsletter_tier_id":0,"_jetpack_memberships_contains_paywalled_content":false,"_jetpack_memberships_contains_paid_content":false,"footnotes":"","jetpack_publicize_message":"","jetpack_publicize_feature_enabled":true,"jetpack_social_post_already_shared":false,"jetpack_social_options":{"image_generator_settings":{"template":"highway","default_image_id":0,"font":"","enabled":false},"version":2}},"categories":[47],"tags":[],"class_list":["post-76","post","type-post","status-publish","format-standard","hentry","category-vardagsliv"],"jetpack_publicize_connections":[],"jetpack_featured_media_url":"","jetpack_shortlink":"https:\/\/wp.me\/p3qko4-1e","jetpack_sharing_enabled":true,"jetpack_likes_enabled":true,"jetpack-related-posts":[{"id":2360,"url":"https:\/\/blogg.fumei.se\/?p=2360","url_meta":{"origin":76,"position":0},"title":"Bloggjerka","author":"M :)","date":"2012-05-12","format":false,"excerpt":"P\u00e5 Annikas litteratur- och kulturblogg p\u00e5g\u00e5r en bloggjerka. Syftet \u00e4r att tipsa om nya bokbloggar att bes\u00f6ka. Varje vecka kommer Annika med en ny fr\u00e5ga att besvara. Den h\u00e4r veckan fr\u00e5gar Annika: Uppt\u00e4ckte du n\u00e5gon ny f\u00f6rfattare under f\u00f6rra \u00e5ret som du kan ber\u00e4tta lite om? P\u00e5 jobbet har vi\u2026","rel":"","context":"I \u201dB\u00f6cker och l\u00e4sning\u201d","block_context":{"text":"B\u00f6cker och l\u00e4sning","link":"https:\/\/blogg.fumei.se\/?cat=29"},"img":{"alt_text":"","src":"","width":0,"height":0},"classes":[]},{"id":5623,"url":"https:\/\/blogg.fumei.se\/?p=5623","url_meta":{"origin":76,"position":1},"title":"B\u00f6cker","author":"M :)","date":"2024-01-13","format":false,"excerpt":"Jag har alltid l\u00e4st, s\u00e5 l\u00e4nge jag kan minnas. Minst ett kapitel i en bok varje dag, ibland en hel bok p\u00e5 en dag, ibland ett par. Barn- och ungdomsbiblioteket l\u00e5g tv\u00e4rs \u00f6ver gatan fr\u00e5n v\u00e5rt hus, och jag var d\u00e4r s\u00e5 ofta att det var d\u00e4r mamma letade f\u00f6rst\u2026","rel":"","context":"I \u201dB\u00f6cker och l\u00e4sning\u201d","block_context":{"text":"B\u00f6cker och l\u00e4sning","link":"https:\/\/blogg.fumei.se\/?cat=29"},"img":{"alt_text":"","src":"","width":0,"height":0},"classes":[]},{"id":20,"url":"https:\/\/blogg.fumei.se\/?p=20","url_meta":{"origin":76,"position":2},"title":"Bokrecension: Boktjuven","author":"M :)","date":"2011-08-16","format":false,"excerpt":"\u00a0 \"Boktjuven\" av Markus Zusak N\u00e4r d\u00f6den ber\u00e4ttar en historia, m\u00e5ste du lyssna. Det \u00e4r egentligen bara en liten historia som, bland annat, handlar om: en flicka, n\u00e5gra ord, en dragspelare, n\u00e5gra fanatiska tyskar, en judisk slagsk\u00e4mpe och en hel del st\u00f6lder. Tyskland 1939. Landet h\u00e5ller andan. D\u00f6den har aldrig\u2026","rel":"","context":"I \u201dB\u00f6cker och l\u00e4sning\u201d","block_context":{"text":"B\u00f6cker och l\u00e4sning","link":"https:\/\/blogg.fumei.se\/?cat=29"},"img":{"alt_text":"","src":"https:\/\/i0.wp.com\/blogg.fumei.se\/wp-content\/uploads\/2011\/08\/boktjuven.png?resize=350%2C200","width":350,"height":200},"classes":[]},{"id":924,"url":"https:\/\/blogg.fumei.se\/?p=924","url_meta":{"origin":76,"position":3},"title":"Ledig helg = l\u00e4sning","author":"M :)","date":"2009-05-30","format":false,"excerpt":"Jag \u00e4r ledig hela helgen (l\u00f6rdag och s\u00f6ndag - jippii!), s\u00e5 jag har massor av tid att l\u00e4sa b\u00f6cker. Eller borde ha, om jag inte vore s\u00e5 tr\u00f6tt p\u00e5 arbetsdagarna att jag l\u00e4mnar allt hush\u00e5llsarbetet till mina lediga dagar.Men, n\u00e4r det \u00e4r s\u00e5 fint v\u00e4der som det har varit idag,\u2026","rel":"","context":"I \u201dVardagsliv\u201d","block_context":{"text":"Vardagsliv","link":"https:\/\/blogg.fumei.se\/?cat=47"},"img":{"alt_text":"","src":"","width":0,"height":0},"classes":[]},{"id":905,"url":"https:\/\/blogg.fumei.se\/?p=905","url_meta":{"origin":76,"position":4},"title":"Magk\u00e4nsla","author":"M :)","date":"2009-04-17","format":false,"excerpt":"Jag snubblade \u00f6ver en annan blogg idag. The dweller on the threshold heter den, och \u00e4gs av en tjej som \u00e4r sn\u00e4ppet mer galen i b\u00f6cker \u00e4n vad jag \u00e4r. Lite i klass med Kerstin, faktiskt... Idag hade hon ett inl\u00e4gg om Twilight-b\u00f6ckerna, om hur hon k\u00e4nner inf\u00f6r dem. Jag\u2026","rel":"","context":"I \u201dVardagsliv\u201d","block_context":{"text":"Vardagsliv","link":"https:\/\/blogg.fumei.se\/?cat=47"},"img":{"alt_text":"","src":"","width":0,"height":0},"classes":[]},{"id":2327,"url":"https:\/\/blogg.fumei.se\/?p=2327","url_meta":{"origin":76,"position":5},"title":"Bokrecension: Huset du \u00e4lskade","author":"M :)","date":"2015-01-15","format":false,"excerpt":"Bokens baksidestext: \"Boken utspelar sig i Paris under Napoleon III. Hundratals hus rivs ner och hela kvarter j\u00e4mnas med marken. Medan det gamla Paris faller s\u00f6nder under baron Haussmanns ambitioner lever Rose Bazelet ett fridfullt liv i sitt hus p\u00e5 Rue Childebert, i skuggan av kyrkan Saint-Germain-des-Pr\u00e9s. Rose tillbringar sina\u2026","rel":"","context":"I \u201dB\u00f6cker och l\u00e4sning\u201d","block_context":{"text":"B\u00f6cker och l\u00e4sning","link":"https:\/\/blogg.fumei.se\/?cat=29"},"img":{"alt_text":"9789186480417_200_huset-du-alskade_pocket","src":"https:\/\/i0.wp.com\/blogg.fumei.se\/wp-content\/uploads\/2015\/01\/9789186480417_200_huset-du-alskade_pocket.jpg?resize=350%2C200","width":350,"height":200},"classes":[]}],"_links":{"self":[{"href":"https:\/\/blogg.fumei.se\/index.php?rest_route=\/wp\/v2\/posts\/76","targetHints":{"allow":["GET"]}}],"collection":[{"href":"https:\/\/blogg.fumei.se\/index.php?rest_route=\/wp\/v2\/posts"}],"about":[{"href":"https:\/\/blogg.fumei.se\/index.php?rest_route=\/wp\/v2\/types\/post"}],"author":[{"embeddable":true,"href":"https:\/\/blogg.fumei.se\/index.php?rest_route=\/wp\/v2\/users\/1"}],"replies":[{"embeddable":true,"href":"https:\/\/blogg.fumei.se\/index.php?rest_route=%2Fwp%2Fv2%2Fcomments&post=76"}],"version-history":[{"count":0,"href":"https:\/\/blogg.fumei.se\/index.php?rest_route=\/wp\/v2\/posts\/76\/revisions"}],"wp:attachment":[{"href":"https:\/\/blogg.fumei.se\/index.php?rest_route=%2Fwp%2Fv2%2Fmedia&parent=76"}],"wp:term":[{"taxonomy":"category","embeddable":true,"href":"https:\/\/blogg.fumei.se\/index.php?rest_route=%2Fwp%2Fv2%2Fcategories&post=76"},{"taxonomy":"post_tag","embeddable":true,"href":"https:\/\/blogg.fumei.se\/index.php?rest_route=%2Fwp%2Fv2%2Ftags&post=76"}],"curies":[{"name":"wp","href":"https:\/\/api.w.org\/{rel}","templated":true}]}}