{"id":79,"date":"2011-02-13T15:51:00","date_gmt":"2011-02-13T15:51:00","guid":{"rendered":"\/Blogg\/post\/Out-with-the-old.aspx"},"modified":"2011-02-13T15:51:00","modified_gmt":"2011-02-13T15:51:00","slug":"out-with-the-old","status":"publish","type":"post","link":"https:\/\/blogg.fumei.se\/?p=79","title":{"rendered":"Out with the old&#8230;"},"content":{"rendered":"<p>Jag har tr&ouml;ttnat p&aring; att inte ha ett s&auml;ngbord. S&aring; idag n&auml;r jag l&auml;ste i&nbsp;<strong>[Calinas]<\/strong> blogg&nbsp;om&nbsp;hur hon gjorde sina egna s&auml;ngbord blev jag sjukt sugen p&aring; att g&ouml;ra det ocks&aring;! Dessutom vill jag ha en s&auml;nggavel, ni vet en s&aring;n d&auml;r fin h&ouml;g gavel som &auml;r kl&auml;dd med tyg. Den skulle sitta fint p&aring; v&auml;ggen ist&auml;llet f&ouml;r tavla eller liknande och dessutom skulle den skydda mot kylan som kommer fr&aring;n v&auml;ggen (ytterv&auml;gg i betong &#8211; brrr).<\/p>\n<p>S&aring; h&auml;r ser det ut f&ouml;r tillf&auml;llet i v&aring;r sovh&ouml;rna:<br \/>Klicka p&aring; bilden s&aring; ser ni hur jag har t&auml;nkt mig det efter&aring;t.<\/p>\n<p>&nbsp;<a href=\"http:\/\/img.photobucket.com\/albums\/v612\/iwer\/sng_efter.jpg\" target=\"_blank\"><img decoding=\"async\" src=\"\/blogg\/image.axd?picture=2011%2f2%2f201102132647.jpg\" alt=\"\" \/><\/a><\/p>\n<p>Vid v&auml;ggen mittemot s&auml;ngen st&aring;r det idag ett sk&aring;p som jag fick efter mormor. Ett stort &aring;b&auml;ke i gedigen ek, med blyinfattade f&auml;rgade f&ouml;nster i vitrinen. J&auml;ttefin men jag anv&auml;nder det inte, s&aring; det ska f&aring; flytta hem till mamma och pappa. Ist&auml;llet t&auml;nkte vi f&aring; till en slags datorh&ouml;rna d&auml;r. Ett par hurtsar och en b&auml;nkskiva, och s&aring; n&aring;gra hyllor p&aring; v&auml;ggen ovanf&ouml;r. Just nu sitter vi vid k&ouml;ksbordet och det &auml;r lite b&ouml;kigt varje g&aring;ng det &auml;r matdags.<\/p>\n<p>&Aring;terigen, klicka p&aring; bilden f&ouml;r efter-varianten:<\/p>\n<p>&nbsp;<a href=\"http:\/\/img.photobucket.com\/albums\/v612\/iwer\/datorhrna_efter.jpg\" target=\"_blank\"><img decoding=\"async\" src=\"\/blogg\/image.axd?picture=2011%2f2%2f201102132648.jpg\" alt=\"\" \/><\/a><\/p>\n<p>&nbsp;<\/p>\n<p>&nbsp;<\/p>\n<p>&nbsp;<\/p>\n","protected":false},"excerpt":{"rendered":"<p>Jag har tr&ouml;ttnat p&aring; att inte ha ett s&auml;ngbord. S&aring; idag n&auml;r jag l&auml;ste i&nbsp;[Calinas] blogg&nbsp;om&nbsp;hur hon gjorde sina egna s&auml;ngbord blev jag sjukt sugen p&aring; att g&ouml;ra det ocks&aring;! Dessutom vill jag ha en s&auml;nggavel, ni vet en s&aring;n d&auml;r fin h&ouml;g gavel som &auml;r kl&auml;dd med tyg. Den skulle sitta fint p&aring; v&auml;ggen&#8230;<\/p>\n","protected":false},"author":1,"featured_media":0,"comment_status":"open","ping_status":"open","sticky":false,"template":"","format":"standard","meta":{"jetpack_post_was_ever_published":false,"_jetpack_newsletter_access":"","_jetpack_dont_email_post_to_subs":false,"_jetpack_newsletter_tier_id":0,"_jetpack_memberships_contains_paywalled_content":false,"_jetpack_memberships_contains_paid_content":false,"footnotes":"","jetpack_publicize_message":"","jetpack_publicize_feature_enabled":true,"jetpack_social_post_already_shared":false,"jetpack_social_options":{"image_generator_settings":{"template":"highway","default_image_id":0,"font":"","enabled":false},"version":2}},"categories":[47],"tags":[],"class_list":["post-79","post","type-post","status-publish","format-standard","hentry","category-vardagsliv"],"jetpack_publicize_connections":[],"jetpack_featured_media_url":"","jetpack_shortlink":"https:\/\/wp.me\/p3qko4-1h","jetpack_sharing_enabled":true,"jetpack_likes_enabled":true,"jetpack-related-posts":[{"id":192,"url":"https:\/\/blogg.fumei.se\/?p=192","url_meta":{"origin":79,"position":0},"title":"Semester, del 2:3","author":"M :)","date":"2010-08-09","format":false,"excerpt":"Jaha. D\u00e5 var man inne p\u00e5 sista semesterveckan, d\u00e5. Och jag har fortfarande inte gjort n\u00e5got speciellt. Nu \u00e4r dessutom ekonomin i sinl\u00e4ge, s\u00e5 nu kan jag inte g\u00f6ra s\u00e5 mycket, \u00e4ven om jag skulle vilja. Jag har st\u00e4dat, och rensat ut i sk\u00e5pen och lagt upp saker p\u00e5 Tradera\u2026","rel":"","context":"I \u201dVardagsliv\u201d","block_context":{"text":"Vardagsliv","link":"https:\/\/blogg.fumei.se\/?cat=47"},"img":{"alt_text":"","src":"","width":0,"height":0},"classes":[]},{"id":3225,"url":"https:\/\/blogg.fumei.se\/?p=3225","url_meta":{"origin":79,"position":1},"title":"Stillast\u00e5ende","author":"M :)","date":"2014-02-14","format":false,"excerpt":"Badrumsrenoveringen p\u00e5g\u00e5r fortfarande, fast senaste veckan har det inte h\u00e4nt ett smack. N\u00e4r hantverkarna var h\u00e4r uppt\u00e4ckte de att det bokstavligt talat rann fukt utmed v\u00e4ggarna, s\u00e5 de sa till v\u00e4rden att de inte kunde g\u00f6ra n\u00e5got f\u00f6rr\u00e4n det hade torkat. Han tyckte att de bara skulle k\u00f6ra p\u00e5, men\u2026","rel":"","context":"I \u201dHemmet\u201d","block_context":{"text":"Hemmet","link":"https:\/\/blogg.fumei.se\/?cat=31"},"img":{"alt_text":"2014-02-14 13.17.07","src":"https:\/\/i0.wp.com\/blogg.fumei.se\/wp-content\/uploads\/2014\/02\/2014-02-14-13.17.07.jpg?resize=350%2C200","width":350,"height":200,"srcset":"https:\/\/i0.wp.com\/blogg.fumei.se\/wp-content\/uploads\/2014\/02\/2014-02-14-13.17.07.jpg?resize=350%2C200 1x, https:\/\/i0.wp.com\/blogg.fumei.se\/wp-content\/uploads\/2014\/02\/2014-02-14-13.17.07.jpg?resize=525%2C300 1.5x"},"classes":[]},{"id":814,"url":"https:\/\/blogg.fumei.se\/?p=814","url_meta":{"origin":79,"position":2},"title":"Sn\u00e4lla v\u00e4nner och kollegor","author":"M :)","date":"2009-01-12","format":false,"excerpt":"N\u00e4r vi flyttar har jag t\u00e4nkt g\u00f6ra mig av med den gamla bokhyllan. Det \u00e4r en historia fr\u00e5n 70-talet, i m\u00f6rkt tr\u00e4 och med luckor som p\u00e5minner om s\u00e5na d\u00e4r f\u00f6nsterluckor som finns p\u00e5 hus i medelhavsomr\u00e5det. Inte s\u00e5 himla snygg med andra ord. Den fyller ju sin funktion, men\u2026","rel":"","context":"I \u201dVardagsliv\u201d","block_context":{"text":"Vardagsliv","link":"https:\/\/blogg.fumei.se\/?cat=47"},"img":{"alt_text":"","src":"","width":0,"height":0},"classes":[]},{"id":1082,"url":"https:\/\/blogg.fumei.se\/?p=1082","url_meta":{"origin":79,"position":3},"title":"Fixelifix","author":"M :)","date":"2009-08-02","format":false,"excerpt":"N\u00e4r Anders var h\u00e4r och fikade i s\u00f6ndags s\u00e5 fick han ett anfall av fixarsjuka och satte upp lampa i vardagsrummet \u00e5t mig. *tack* Fia blev lite putt \u00f6ver att hon var den enda i familjen som inte hade f\u00e5tt upp lampa i taket \u00e4n, s\u00e5 jag lovade att jag\u2026","rel":"","context":"I \u201dVardagsliv\u201d","block_context":{"text":"Vardagsliv","link":"https:\/\/blogg.fumei.se\/?cat=47"},"img":{"alt_text":"","src":"","width":0,"height":0},"classes":[]},{"id":3194,"url":"https:\/\/blogg.fumei.se\/?p=3194","url_meta":{"origin":79,"position":4},"title":"Arbete p\u00e5g\u00e5r&#8230;","author":"M :)","date":"2014-01-29","format":false,"excerpt":"Idag \u00e4r tredje dagen p\u00e5 badrumsrenoveringen. Det artar sig bra, \u00e4n s\u00e5 l\u00e4nge. I m\u00e5ndags kom r\u00f6rpelle och monterade ner alltt, och s\u00e5 flyttade han golvbrunnen. Ig\u00e5r kom muraren och slet ner tapeter, matta och kakel. Tyv\u00e4rr \u00e4r huset byggt f\u00f6r sis\u00e5d\u00e4r en 50-60 \u00e5r sedan, s\u00e5 kaklet satt direkt\u2026","rel":"","context":"I \u201dHemmet\u201d","block_context":{"text":"Hemmet","link":"https:\/\/blogg.fumei.se\/?cat=31"},"img":{"alt_text":"2014-01-27 07.42.10","src":"https:\/\/i0.wp.com\/blogg.fumei.se\/wp-content\/uploads\/2014\/01\/2014-01-27-07.42.10.jpg?resize=350%2C200","width":350,"height":200,"srcset":"https:\/\/i0.wp.com\/blogg.fumei.se\/wp-content\/uploads\/2014\/01\/2014-01-27-07.42.10.jpg?resize=350%2C200 1x, https:\/\/i0.wp.com\/blogg.fumei.se\/wp-content\/uploads\/2014\/01\/2014-01-27-07.42.10.jpg?resize=525%2C300 1.5x"},"classes":[]},{"id":272,"url":"https:\/\/blogg.fumei.se\/?p=272","url_meta":{"origin":79,"position":5},"title":"Sovmorgon in my dreams","author":"EmEff","date":"2010-03-13","format":false,"excerpt":"Det \u00e4r l\u00f6rdag och jag \u00e4r ledig. Imorgon ocks\u00e5. S\u00e5 jag t\u00e4nkte inleda helgen med en sk\u00f6n sovmorgon. Icke!, tyckte omv\u00e4rlden. F\u00f6rsta vaknade jag av att det l\u00e4t som om n\u00e5gon skrapade bort isen p\u00e5 gata och trottoar h\u00e4r utanf\u00f6r, men ins\u00e5g n\u00e4r jag tittade p\u00e5 klockan, som bara visade\u2026","rel":"","context":"I \u201dVardagsliv\u201d","block_context":{"text":"Vardagsliv","link":"https:\/\/blogg.fumei.se\/?cat=47"},"img":{"alt_text":"","src":"","width":0,"height":0},"classes":[]}],"_links":{"self":[{"href":"https:\/\/blogg.fumei.se\/index.php?rest_route=\/wp\/v2\/posts\/79","targetHints":{"allow":["GET"]}}],"collection":[{"href":"https:\/\/blogg.fumei.se\/index.php?rest_route=\/wp\/v2\/posts"}],"about":[{"href":"https:\/\/blogg.fumei.se\/index.php?rest_route=\/wp\/v2\/types\/post"}],"author":[{"embeddable":true,"href":"https:\/\/blogg.fumei.se\/index.php?rest_route=\/wp\/v2\/users\/1"}],"replies":[{"embeddable":true,"href":"https:\/\/blogg.fumei.se\/index.php?rest_route=%2Fwp%2Fv2%2Fcomments&post=79"}],"version-history":[{"count":0,"href":"https:\/\/blogg.fumei.se\/index.php?rest_route=\/wp\/v2\/posts\/79\/revisions"}],"wp:attachment":[{"href":"https:\/\/blogg.fumei.se\/index.php?rest_route=%2Fwp%2Fv2%2Fmedia&parent=79"}],"wp:term":[{"taxonomy":"category","embeddable":true,"href":"https:\/\/blogg.fumei.se\/index.php?rest_route=%2Fwp%2Fv2%2Fcategories&post=79"},{"taxonomy":"post_tag","embeddable":true,"href":"https:\/\/blogg.fumei.se\/index.php?rest_route=%2Fwp%2Fv2%2Ftags&post=79"}],"curies":[{"name":"wp","href":"https:\/\/api.w.org\/{rel}","templated":true}]}}