{"id":86,"date":"2011-02-08T21:35:00","date_gmt":"2011-02-08T21:35:00","guid":{"rendered":"\/Blogg\/post\/30-dagar-i-bocker-Dag-4.aspx"},"modified":"2011-02-08T21:35:00","modified_gmt":"2011-02-08T21:35:00","slug":"30-dagar-i-bocker-dag-4","status":"publish","type":"post","link":"https:\/\/blogg.fumei.se\/?p=86","title":{"rendered":"30 dagar i b\u00f6cker &#8211; Dag 4"},"content":{"rendered":"<p><strong>Day 04 &ndash; Favorite book of your favorite series<\/strong><\/p>\n<p>Jag har tv&aring; favoriter i Sagan om Isfolket &#8211;&nbsp;bok nr 29; <strong><a href=\"http:\/\/www.bokia.se\/bok\/9789177101147\/lucifers-karlek-hft-29-sagan-om-isfolket-margit-sandemo\/\" target=\"_blank\">[Lucifers k&auml;rlek]<\/a><\/strong> och bok nr 36; <strong><a href=\"http:\/\/www.bokia.se\/bok\/9789177101390\/trollmane-hft-36-sagan-om-isfolket-margit-sandemo\/\" target=\"_blank\">[Trollm&aring;ne]<\/a><\/strong> . Jag antar att det &auml;r romantikern i&nbsp;mig som tjusas av dem.<\/p>\n","protected":false},"excerpt":{"rendered":"<p>Day 04 &ndash; Favorite book of your favorite series Jag har tv&aring; favoriter i Sagan om Isfolket &#8211;&nbsp;bok nr 29; [Lucifers k&auml;rlek] och bok nr 36; [Trollm&aring;ne] . Jag antar att det &auml;r romantikern i&nbsp;mig som tjusas av dem.<\/p>\n","protected":false},"author":1,"featured_media":0,"comment_status":"open","ping_status":"open","sticky":false,"template":"","format":"standard","meta":{"jetpack_post_was_ever_published":false,"_jetpack_newsletter_access":"","_jetpack_dont_email_post_to_subs":false,"_jetpack_newsletter_tier_id":0,"_jetpack_memberships_contains_paywalled_content":false,"_jetpack_memberships_contains_paid_content":false,"footnotes":"","jetpack_publicize_message":"","jetpack_publicize_feature_enabled":true,"jetpack_social_post_already_shared":false,"jetpack_social_options":{"image_generator_settings":{"template":"highway","default_image_id":0,"font":"","enabled":false},"version":2}},"categories":[47],"tags":[],"class_list":["post-86","post","type-post","status-publish","format-standard","hentry","category-vardagsliv"],"jetpack_publicize_connections":[],"jetpack_featured_media_url":"","jetpack_shortlink":"https:\/\/wp.me\/p3qko4-1o","jetpack_sharing_enabled":true,"jetpack_likes_enabled":true,"jetpack-related-posts":[{"id":61,"url":"https:\/\/blogg.fumei.se\/?p=61","url_meta":{"origin":86,"position":0},"title":"30 dagar i b\u00f6cker &#8211; Dag 28 till 30","author":"M :)","date":"2011-03-08","format":false,"excerpt":"H\u00e4r kommer nu de sista tre dagarna i bokenk\u00e4ten: Day 28 \u2013 Favorite title Det finns m\u00e5nga roliga, underfundiga, minnesv\u00e4rda och bra titlar, men en av de jag tycker b\u00e4st om \u00e4r till en bok jag inte ens l\u00e4st; [P\u00e5 spaning efter den tid som flytt] av Marcel Proust. P\u00e5\u2026","rel":"","context":"I \u201dVardagsliv\u201d","block_context":{"text":"Vardagsliv","link":"https:\/\/blogg.fumei.se\/?cat=47"},"img":{"alt_text":"","src":"","width":0,"height":0},"classes":[]},{"id":62,"url":"https:\/\/blogg.fumei.se\/?p=62","url_meta":{"origin":86,"position":1},"title":"30 dagar i b\u00f6cker &#8211; Dag 20 till 27","author":"M :)","date":"2011-03-03","format":false,"excerpt":"Jag har ju som bekant inte m\u00e5tt alltf\u00f6r bra, s\u00e5 jag tar v\u00e4l igen den missade veckan\u00a0 i ett svep.\u00a0F\u00f6r er som har missat att jag varit sjuk kommer det ett annat inl\u00e4gg om det senare. Men nu g\u00e4ller det b\u00f6cker. Day 20 \u2013 Favorite romance book Jag funderar lite\u2026","rel":"","context":"I \u201dVardagsliv\u201d","block_context":{"text":"Vardagsliv","link":"https:\/\/blogg.fumei.se\/?cat=47"},"img":{"alt_text":"","src":"","width":0,"height":0},"classes":[]},{"id":74,"url":"https:\/\/blogg.fumei.se\/?p=74","url_meta":{"origin":86,"position":2},"title":"30 dagar i b\u00f6cker &#8211; Dag 13","author":"M :)","date":"2011-02-17","format":false,"excerpt":"Day 13 \u2013 Your favorite writer Varje bok jag l\u00e4ser \u00e4r skriven av min favoritf\u00f6rfattare. Just d\u00e5. F\u00f6r \u00f6vrigt \u00e4r det sv\u00e5rt att s\u00e4ga bara en f\u00f6rfattare som \u00e4r min favorit.\u00a0\u00c4r det Margit Sandemo, f\u00f6r att jag l\u00e4st praktiskt taget allt hon skrivit? nej. \u00c4r det Stephenie Meyer, f\u00f6r att\u2026","rel":"","context":"I \u201dVardagsliv\u201d","block_context":{"text":"Vardagsliv","link":"https:\/\/blogg.fumei.se\/?cat=47"},"img":{"alt_text":"","src":"","width":0,"height":0},"classes":[]},{"id":320,"url":"https:\/\/blogg.fumei.se\/?p=320","url_meta":{"origin":86,"position":3},"title":"Tjej&#038;Killsnack vecka 2, 2010","author":"EmEff","date":"2010-01-10","format":false,"excerpt":"Vill du ocks\u00e5 vara med? Du hittar Tjejsnack h\u00e4r. 5 \u00e4mnen med 5 fr\u00e5gor till varje, var det, ja! Vassego: B\u00f6ckerGillar du att l\u00e4sa b\u00f6cker?Hur m\u00e5nga b\u00f6cker l\u00e4ser du per \u00e5r?Vad f\u00f6r sorts b\u00f6cker l\u00e4ser du helst?Favorit f\u00f6rfattare?B\u00e4sta bok du l\u00e4st? Vad gjorde du f\u00f6r1 vecka sedan?1 m\u00e5nad sedan?1 \u00e5r\u2026","rel":"","context":"I \u201dVardagsliv\u201d","block_context":{"text":"Vardagsliv","link":"https:\/\/blogg.fumei.se\/?cat=47"},"img":{"alt_text":"","src":"","width":0,"height":0},"classes":[]},{"id":91,"url":"https:\/\/blogg.fumei.se\/?p=91","url_meta":{"origin":86,"position":4},"title":"30 dagar i b\u00f6cker","author":"M :)","date":"2011-02-05","format":false,"excerpt":"Eller 30 days of books som den h\u00e4r utmaningen heter i original. Hittade den hos [enbokcirkelf\u00f6ralla] som i sin tur hittade den hos [Bokhora] , som i sin tur...\u00e4h, spelar v\u00e4l ingen roll, huvudsaken \u00e4r att det \u00e4r en kul utmaning! Den liknar den d\u00e4r utmaningen som gick runt p\u00e5\u2026","rel":"","context":"I \u201dVardagsliv\u201d","block_context":{"text":"Vardagsliv","link":"https:\/\/blogg.fumei.se\/?cat=47"},"img":{"alt_text":"","src":"","width":0,"height":0},"classes":[]},{"id":160,"url":"https:\/\/blogg.fumei.se\/?p=160","url_meta":{"origin":86,"position":5},"title":"Bokenk\u00e4t, del 2","author":"M :)","date":"2010-11-20","format":false,"excerpt":"F\u00f6r ett tag sedan kunde ni l\u00e4sa [mina svar] p\u00e5 [Bokbabbels] s\u00f6ndagsenk\u00e4t supreme. H\u00e4r kommer nu resten av enk\u00e4ten: 26. Favoritkokbok?Neeej, det har jag nog ingen. Eller s\u00e5 s\u00e4ger jag \"Rutiga kokboken\" bara f\u00f6r att den \u00e4r s\u00e5 bra att ha f\u00f6r att grundrecept, men annars brukar jag k\u00f6ra p\u00e5\u2026","rel":"","context":"I \u201dB\u00f6cker och l\u00e4sning\u201d","block_context":{"text":"B\u00f6cker och l\u00e4sning","link":"https:\/\/blogg.fumei.se\/?cat=29"},"img":{"alt_text":"","src":"","width":0,"height":0},"classes":[]}],"_links":{"self":[{"href":"https:\/\/blogg.fumei.se\/index.php?rest_route=\/wp\/v2\/posts\/86","targetHints":{"allow":["GET"]}}],"collection":[{"href":"https:\/\/blogg.fumei.se\/index.php?rest_route=\/wp\/v2\/posts"}],"about":[{"href":"https:\/\/blogg.fumei.se\/index.php?rest_route=\/wp\/v2\/types\/post"}],"author":[{"embeddable":true,"href":"https:\/\/blogg.fumei.se\/index.php?rest_route=\/wp\/v2\/users\/1"}],"replies":[{"embeddable":true,"href":"https:\/\/blogg.fumei.se\/index.php?rest_route=%2Fwp%2Fv2%2Fcomments&post=86"}],"version-history":[{"count":0,"href":"https:\/\/blogg.fumei.se\/index.php?rest_route=\/wp\/v2\/posts\/86\/revisions"}],"wp:attachment":[{"href":"https:\/\/blogg.fumei.se\/index.php?rest_route=%2Fwp%2Fv2%2Fmedia&parent=86"}],"wp:term":[{"taxonomy":"category","embeddable":true,"href":"https:\/\/blogg.fumei.se\/index.php?rest_route=%2Fwp%2Fv2%2Fcategories&post=86"},{"taxonomy":"post_tag","embeddable":true,"href":"https:\/\/blogg.fumei.se\/index.php?rest_route=%2Fwp%2Fv2%2Ftags&post=86"}],"curies":[{"name":"wp","href":"https:\/\/api.w.org\/{rel}","templated":true}]}}