{"id":87,"date":"2011-02-07T04:47:00","date_gmt":"2011-02-07T04:47:00","guid":{"rendered":"\/Blogg\/post\/30-dagar-i-bocker-Dag-3.aspx"},"modified":"2024-01-14T11:35:50","modified_gmt":"2024-01-14T10:35:50","slug":"30-dagar-i-bocker-dag-3","status":"publish","type":"post","link":"https:\/\/blogg.fumei.se\/?p=87","title":{"rendered":"30 dagar i b\u00f6cker &#8211; Dag 3"},"content":{"rendered":"<p><strong>Day 03 \u2013 Your favorite series<\/strong><\/p>\n<p>L\u00e4tt! <strong><a href=\"http:\/\/sv.wikipedia.org\/wiki\/Sagan_om_Isfolket\" target=\"_blank\" rel=\"noopener\">[Sagan om Isfolket]<\/a><\/strong> , s\u00e5 klart! Vid det h\u00e4r laget har jag nog l\u00e4st den sis\u00e5d\u00e4r en 20 g\u00e5nger, och det \u00e4r inte slut d\u00e4r. Minns att n\u00e4r jag v\u00e4ntade Fia och m\u00e5dde illa hela tiden, d\u00e5 l\u00e4ste jag dem, och barnens far var m\u00e5ttligt road; &#8221;tar de d\u00e4r b\u00f6ckerna <em>aldrig<\/em> slut?&#8221;.<br \/>\nHar lyckats f\u00e5 \u00f6ver Kerstin p\u00e5 isfolks\u00e4lskarna sida, men dottern som fick dem till sig med modersmj\u00f6lken \u00e4r inte lika l\u00e4ttfl\u00f6rtad.<\/p>\n","protected":false},"excerpt":{"rendered":"<p>Day 03 \u2013 Your favorite series L\u00e4tt! [Sagan om Isfolket] , s\u00e5 klart! Vid det h\u00e4r laget har jag nog l\u00e4st den sis\u00e5d\u00e4r en 20 g\u00e5nger, och det \u00e4r inte slut d\u00e4r. Minns att n\u00e4r jag v\u00e4ntade Fia och m\u00e5dde illa hela tiden, d\u00e5 l\u00e4ste jag dem, och barnens far var m\u00e5ttligt road; &#8221;tar de&#8230;<\/p>\n","protected":false},"author":1,"featured_media":0,"comment_status":"open","ping_status":"open","sticky":false,"template":"","format":"standard","meta":{"jetpack_post_was_ever_published":false,"_jetpack_newsletter_access":"","_jetpack_dont_email_post_to_subs":false,"_jetpack_newsletter_tier_id":0,"_jetpack_memberships_contains_paywalled_content":false,"_jetpack_memberships_contains_paid_content":false,"footnotes":"","jetpack_publicize_message":"","jetpack_publicize_feature_enabled":true,"jetpack_social_post_already_shared":false,"jetpack_social_options":{"image_generator_settings":{"template":"highway","default_image_id":0,"font":"","enabled":false},"version":2}},"categories":[47],"tags":[],"class_list":["post-87","post","type-post","status-publish","format-standard","hentry","category-vardagsliv"],"jetpack_publicize_connections":[],"jetpack_featured_media_url":"","jetpack_shortlink":"https:\/\/wp.me\/p3qko4-1p","jetpack_sharing_enabled":true,"jetpack_likes_enabled":true,"jetpack-related-posts":[{"id":324,"url":"https:\/\/blogg.fumei.se\/?p=324","url_meta":{"origin":87,"position":0},"title":"Tjej&#038;Killsnack vecka 49, 2009","author":"EmEff","date":"2009-12-06","format":false,"excerpt":"Vill du ocks\u00e5 vara med? Du hittar Tjejsnack h\u00e4r. Barnb\u00f6cker 1. Om du skulle skriva en barnbok, vad skulle den handla om?F\u00f6rmodligen n\u00e5got mainstream som prinsar och prinsessor och drakar och troll och skatter och f\u00f6rtrollade skogar. Jag \u00e4lskar ju som sagt sagor och magiska ber\u00e4ttelser, och har de lyckliga\u2026","rel":"","context":"I \u201dVardagsliv\u201d","block_context":{"text":"Vardagsliv","link":"https:\/\/blogg.fumei.se\/?cat=47"},"img":{"alt_text":"","src":"","width":0,"height":0},"classes":[]},{"id":924,"url":"https:\/\/blogg.fumei.se\/?p=924","url_meta":{"origin":87,"position":1},"title":"Ledig helg = l\u00e4sning","author":"M :)","date":"2009-05-30","format":false,"excerpt":"Jag \u00e4r ledig hela helgen (l\u00f6rdag och s\u00f6ndag - jippii!), s\u00e5 jag har massor av tid att l\u00e4sa b\u00f6cker. Eller borde ha, om jag inte vore s\u00e5 tr\u00f6tt p\u00e5 arbetsdagarna att jag l\u00e4mnar allt hush\u00e5llsarbetet till mina lediga dagar.Men, n\u00e4r det \u00e4r s\u00e5 fint v\u00e4der som det har varit idag,\u2026","rel":"","context":"I \u201dVardagsliv\u201d","block_context":{"text":"Vardagsliv","link":"https:\/\/blogg.fumei.se\/?cat=47"},"img":{"alt_text":"","src":"","width":0,"height":0},"classes":[]},{"id":472,"url":"https:\/\/blogg.fumei.se\/?p=472","url_meta":{"origin":87,"position":2},"title":"Nostalgisk","author":"M :)","date":"2008-08-20","format":false,"excerpt":"N\u00e4r jag var s\u00e5d\u00e4r en 11 \u00e5r eller s\u00e5, gick jag tipspromenad p\u00e5 ungdomsbiblioteket under sportlovsveckan. Jag vann tom ett pris, en bok (s\u00e5klart). Jag fick ett presentkort till bokhandeln och fick v\u00e4lja alldeles sj\u00e4lv. Jag valde en bok som heter \"H\u00e4xt\u00e4vlingen\" av Eva Ibbotson. Jag gillade den, faktist s\u00e5\u2026","rel":"","context":"I \u201dB\u00f6cker och l\u00e4sning\u201d","block_context":{"text":"B\u00f6cker och l\u00e4sning","link":"https:\/\/blogg.fumei.se\/?cat=29"},"img":{"alt_text":"","src":"","width":0,"height":0},"classes":[]},{"id":5623,"url":"https:\/\/blogg.fumei.se\/?p=5623","url_meta":{"origin":87,"position":3},"title":"B\u00f6cker","author":"M :)","date":"2024-01-13","format":false,"excerpt":"Jag har alltid l\u00e4st, s\u00e5 l\u00e4nge jag kan minnas. Minst ett kapitel i en bok varje dag, ibland en hel bok p\u00e5 en dag, ibland ett par. Barn- och ungdomsbiblioteket l\u00e5g tv\u00e4rs \u00f6ver gatan fr\u00e5n v\u00e5rt hus, och jag var d\u00e4r s\u00e5 ofta att det var d\u00e4r mamma letade f\u00f6rst\u2026","rel":"","context":"I \u201dB\u00f6cker och l\u00e4sning\u201d","block_context":{"text":"B\u00f6cker och l\u00e4sning","link":"https:\/\/blogg.fumei.se\/?cat=29"},"img":{"alt_text":"","src":"","width":0,"height":0},"classes":[]},{"id":1760,"url":"https:\/\/blogg.fumei.se\/?p=1760","url_meta":{"origin":87,"position":4},"title":"Jag ligger back","author":"M :)","date":"2011-11-20","format":false,"excerpt":"Jag \u00e4r ju med i Goodreads l\u00e4sutmaning, och eftersom det vanligtvis slukas en hel del b\u00f6cker fr\u00e5n min sida, s\u00e5 satte jag upp ett m\u00e5l p\u00e5 100 b\u00f6cker. Nu m\u00e4rker jag att jag ligger lite efter - sis\u00e5d\u00e4r 17 b\u00f6cker efter - s\u00e5 om jag vill klara m\u00e5let innan \u00e5ret\u2026","rel":"","context":"I \u201dB\u00f6cker och l\u00e4sning\u201d","block_context":{"text":"B\u00f6cker och l\u00e4sning","link":"https:\/\/blogg.fumei.se\/?cat=29"},"img":{"alt_text":"","src":"","width":0,"height":0},"classes":[]},{"id":62,"url":"https:\/\/blogg.fumei.se\/?p=62","url_meta":{"origin":87,"position":5},"title":"30 dagar i b\u00f6cker &#8211; Dag 20 till 27","author":"M :)","date":"2011-03-03","format":false,"excerpt":"Jag har ju som bekant inte m\u00e5tt alltf\u00f6r bra, s\u00e5 jag tar v\u00e4l igen den missade veckan\u00a0 i ett svep.\u00a0F\u00f6r er som har missat att jag varit sjuk kommer det ett annat inl\u00e4gg om det senare. Men nu g\u00e4ller det b\u00f6cker. Day 20 \u2013 Favorite romance book Jag funderar lite\u2026","rel":"","context":"I \u201dVardagsliv\u201d","block_context":{"text":"Vardagsliv","link":"https:\/\/blogg.fumei.se\/?cat=47"},"img":{"alt_text":"","src":"","width":0,"height":0},"classes":[]}],"_links":{"self":[{"href":"https:\/\/blogg.fumei.se\/index.php?rest_route=\/wp\/v2\/posts\/87","targetHints":{"allow":["GET"]}}],"collection":[{"href":"https:\/\/blogg.fumei.se\/index.php?rest_route=\/wp\/v2\/posts"}],"about":[{"href":"https:\/\/blogg.fumei.se\/index.php?rest_route=\/wp\/v2\/types\/post"}],"author":[{"embeddable":true,"href":"https:\/\/blogg.fumei.se\/index.php?rest_route=\/wp\/v2\/users\/1"}],"replies":[{"embeddable":true,"href":"https:\/\/blogg.fumei.se\/index.php?rest_route=%2Fwp%2Fv2%2Fcomments&post=87"}],"version-history":[{"count":1,"href":"https:\/\/blogg.fumei.se\/index.php?rest_route=\/wp\/v2\/posts\/87\/revisions"}],"predecessor-version":[{"id":5659,"href":"https:\/\/blogg.fumei.se\/index.php?rest_route=\/wp\/v2\/posts\/87\/revisions\/5659"}],"wp:attachment":[{"href":"https:\/\/blogg.fumei.se\/index.php?rest_route=%2Fwp%2Fv2%2Fmedia&parent=87"}],"wp:term":[{"taxonomy":"category","embeddable":true,"href":"https:\/\/blogg.fumei.se\/index.php?rest_route=%2Fwp%2Fv2%2Fcategories&post=87"},{"taxonomy":"post_tag","embeddable":true,"href":"https:\/\/blogg.fumei.se\/index.php?rest_route=%2Fwp%2Fv2%2Ftags&post=87"}],"curies":[{"name":"wp","href":"https:\/\/api.w.org\/{rel}","templated":true}]}}