{"id":89,"date":"2011-02-05T13:44:00","date_gmt":"2011-02-05T13:44:00","guid":{"rendered":"\/Blogg\/post\/Loppisfynd.aspx"},"modified":"2011-02-05T13:44:00","modified_gmt":"2011-02-05T13:44:00","slug":"loppisfynd","status":"publish","type":"post","link":"https:\/\/blogg.fumei.se\/?p=89","title":{"rendered":"Loppisfynd"},"content":{"rendered":"<p>Idag hittade vi<\/p>\n<ul>\n<li>tyg att kl&auml; baksidan av bokhyllorna med<\/li>\n<li>tyg till gardiner i vardagsrummet<\/li>\n<li>en lampa med sk&auml;rm till k&ouml;ket<\/li>\n<li>en h&aring;llare f&ouml;r toarullar<\/li>\n<\/ul>\n<div>Tyget till hyllorna kommer det troligen att bli en del &ouml;ver av, s&aring; vi k&ouml;pte tv&aring; stora ramar ocks&aring;, s&aring; kan det bli en matchande &#8221;tavla&#8221; av resterna. Lampfoten och toarulleh&aring;llaren ska jag fixa till lite med f&auml;rg innan de ska anv&auml;ndas.<\/div>\n<p><img decoding=\"async\" src=\"\/blogg\/image.axd?picture=2011%2f2%2f201102052632.jpg\" alt=\"\" \/><\/p>\n<p>Tyget till v&auml;nster &auml;r till hyllorna, tyget till h&ouml;ger &auml;r till gardiner. Lampan har en lustig liten blomma som jag ska plocka bort, och ramarna &auml;r kl&auml;dda med &uuml;berfult tyg som snart &aring;ker av.<br \/>Och jag ins&aring;g just att n&auml;r allt detta har kommit p&aring; plats, ja d&aring; m&aring;ste jag skaffa en ny soffa. Jag kan ju inte ha en rosa\/bl&aring;\/r&ouml;d\/terrakotta-f&auml;rgad soffa n&auml;r gardiner och annat g&aring;r i gr&aring;tt\/orange\/svart\/vitt!!??!!<\/p>\n<p>&nbsp;<\/p>\n","protected":false},"excerpt":{"rendered":"<p>Idag hittade vi tyg att kl&auml; baksidan av bokhyllorna med tyg till gardiner i vardagsrummet en lampa med sk&auml;rm till k&ouml;ket en h&aring;llare f&ouml;r toarullar Tyget till hyllorna kommer det troligen att bli en del &ouml;ver av, s&aring; vi k&ouml;pte tv&aring; stora ramar ocks&aring;, s&aring; kan det bli en matchande &#8221;tavla&#8221; av resterna. Lampfoten och&#8230;<\/p>\n","protected":false},"author":1,"featured_media":0,"comment_status":"open","ping_status":"open","sticky":false,"template":"","format":"standard","meta":{"jetpack_post_was_ever_published":false,"_jetpack_newsletter_access":"","_jetpack_dont_email_post_to_subs":false,"_jetpack_newsletter_tier_id":0,"_jetpack_memberships_contains_paywalled_content":false,"_jetpack_memberships_contains_paid_content":false,"footnotes":"","jetpack_publicize_message":"","jetpack_publicize_feature_enabled":true,"jetpack_social_post_already_shared":false,"jetpack_social_options":{"image_generator_settings":{"template":"highway","default_image_id":0,"font":"","enabled":false},"version":2}},"categories":[47],"tags":[],"class_list":["post-89","post","type-post","status-publish","format-standard","hentry","category-vardagsliv"],"jetpack_publicize_connections":[],"jetpack_featured_media_url":"","jetpack_shortlink":"https:\/\/wp.me\/p3qko4-1r","jetpack_sharing_enabled":true,"jetpack_likes_enabled":true,"jetpack-related-posts":[{"id":3030,"url":"https:\/\/blogg.fumei.se\/?p=3030","url_meta":{"origin":89,"position":0},"title":"DIY &#8211; smyckesh\u00e5llare","author":"M :)","date":"2013-07-15","format":false,"excerpt":"Jag var lite tr\u00f6tt p\u00e5 att alla mina halsband och armband l\u00e5g och dr\u00e4llde i en h\u00f6g f\u00f6r att de inte fick plats i mitt smyckeskrin, s\u00e5 idag gjorde jag en smyckesh\u00e5llare av en gammal anslagstavla. Jag b\u00f6rjade med att plocka fram allt jag beh\u00f6vde: Anslagstavla, tyg, hammare, avbitare, h\u00e4ftpistol,\u2026","rel":"","context":"I \u201dVardagsliv\u201d","block_context":{"text":"Vardagsliv","link":"https:\/\/blogg.fumei.se\/?cat=47"},"img":{"alt_text":"","src":"","width":0,"height":0},"classes":[]},{"id":209,"url":"https:\/\/blogg.fumei.se\/?p=209","url_meta":{"origin":89,"position":1},"title":"Ink\u00f6pslista","author":"EmEff","date":"2010-06-26","format":false,"excerpt":"Draperivajer x 2. Soffa. Helst st\u00f6rre och snyggare och mer komfortabel \u00e4n den vi har nu. Draperier. S\u00e4nggavlar. Hyllor. Exempelvis en styck Expedit eller Lack med m\u00e5nga \"h\u00e5l\" och s\u00e5 flera enplans. Nya gardiner. Mattor. Sm\u00e5lampor. K\u00f6ksstolar. F\u00e4rg till k\u00f6ket och till Fias rum. Problemet \u00e4r bara att allt kostar\u2026","rel":"","context":"I \u201dVardagsliv\u201d","block_context":{"text":"Vardagsliv","link":"https:\/\/blogg.fumei.se\/?cat=47"},"img":{"alt_text":"","src":"","width":0,"height":0},"classes":[]},{"id":3807,"url":"https:\/\/blogg.fumei.se\/?p=3807","url_meta":{"origin":89,"position":2},"title":"DIY: Kl\u00e4 om lampsk\u00e4rmar","author":"M :)","date":"2016-01-10","format":false,"excerpt":"Tredagarsledig helg utan planer, s\u00e4llskap eller pengar (Januari...) g\u00f6r l\u00e4tt att man blir lite uttr\u00e5kad av sitt eget (och kattens) s\u00e4llskap, s\u00e5 jag var tvungen att hitta p\u00e5 n\u00e5got, och d\u00e5 kom jag p\u00e5 att jag ju har en hel lista med DIY jag vill g\u00f6ra, s\u00e5 jag b\u00f6rjade med\u2026","rel":"","context":"I \u201dPyssel, DIY och knep&amp;kn\u00e5p\u201d","block_context":{"text":"Pyssel, DIY och knep&amp;kn\u00e5p","link":"https:\/\/blogg.fumei.se\/?cat=32"},"img":{"alt_text":"download","src":"https:\/\/i0.wp.com\/blogg.fumei.se\/wp-content\/uploads\/2016\/01\/download.jpg?resize=350%2C200","width":350,"height":200},"classes":[]},{"id":814,"url":"https:\/\/blogg.fumei.se\/?p=814","url_meta":{"origin":89,"position":3},"title":"Sn\u00e4lla v\u00e4nner och kollegor","author":"M :)","date":"2009-01-12","format":false,"excerpt":"N\u00e4r vi flyttar har jag t\u00e4nkt g\u00f6ra mig av med den gamla bokhyllan. Det \u00e4r en historia fr\u00e5n 70-talet, i m\u00f6rkt tr\u00e4 och med luckor som p\u00e5minner om s\u00e5na d\u00e4r f\u00f6nsterluckor som finns p\u00e5 hus i medelhavsomr\u00e5det. Inte s\u00e5 himla snygg med andra ord. Den fyller ju sin funktion, men\u2026","rel":"","context":"I \u201dVardagsliv\u201d","block_context":{"text":"Vardagsliv","link":"https:\/\/blogg.fumei.se\/?cat=47"},"img":{"alt_text":"","src":"","width":0,"height":0},"classes":[]},{"id":79,"url":"https:\/\/blogg.fumei.se\/?p=79","url_meta":{"origin":89,"position":4},"title":"Out with the old&#8230;","author":"M :)","date":"2011-02-13","format":false,"excerpt":"Jag har tr\u00f6ttnat p\u00e5 att inte ha ett s\u00e4ngbord. S\u00e5 idag n\u00e4r jag l\u00e4ste i\u00a0[Calinas] blogg\u00a0om\u00a0hur hon gjorde sina egna s\u00e4ngbord blev jag sjukt sugen p\u00e5 att g\u00f6ra det ocks\u00e5! Dessutom vill jag ha en s\u00e4nggavel, ni vet en s\u00e5n d\u00e4r fin h\u00f6g gavel som \u00e4r kl\u00e4dd med tyg. Den\u2026","rel":"","context":"I \u201dVardagsliv\u201d","block_context":{"text":"Vardagsliv","link":"https:\/\/blogg.fumei.se\/?cat=47"},"img":{"alt_text":"","src":"","width":0,"height":0},"classes":[]},{"id":257,"url":"https:\/\/blogg.fumei.se\/?p=257","url_meta":{"origin":89,"position":5},"title":"Glad p\u00e5sk","author":"M :)","date":"2010-04-04","format":false,"excerpt":"\u00c4ven om den snart \u00e4r \u00f6ver...Jag har tillbringat g\u00e5rdagen och dagen p\u00e5 jobbet. Det var v\u00e4ldigt trevligt, massor med god mat och trevliga arbetskamrater. Nu jobbade jag ju inte med mitt eget lag, men det var s\u00e5 bra \u00e4nd\u00e5! Vi brukar ta med oss mat och ordna som lite buff\u00e8\u2026","rel":"","context":"I \u201dVardagsliv\u201d","block_context":{"text":"Vardagsliv","link":"https:\/\/blogg.fumei.se\/?cat=47"},"img":{"alt_text":"","src":"","width":0,"height":0},"classes":[]}],"_links":{"self":[{"href":"https:\/\/blogg.fumei.se\/index.php?rest_route=\/wp\/v2\/posts\/89","targetHints":{"allow":["GET"]}}],"collection":[{"href":"https:\/\/blogg.fumei.se\/index.php?rest_route=\/wp\/v2\/posts"}],"about":[{"href":"https:\/\/blogg.fumei.se\/index.php?rest_route=\/wp\/v2\/types\/post"}],"author":[{"embeddable":true,"href":"https:\/\/blogg.fumei.se\/index.php?rest_route=\/wp\/v2\/users\/1"}],"replies":[{"embeddable":true,"href":"https:\/\/blogg.fumei.se\/index.php?rest_route=%2Fwp%2Fv2%2Fcomments&post=89"}],"version-history":[{"count":0,"href":"https:\/\/blogg.fumei.se\/index.php?rest_route=\/wp\/v2\/posts\/89\/revisions"}],"wp:attachment":[{"href":"https:\/\/blogg.fumei.se\/index.php?rest_route=%2Fwp%2Fv2%2Fmedia&parent=89"}],"wp:term":[{"taxonomy":"category","embeddable":true,"href":"https:\/\/blogg.fumei.se\/index.php?rest_route=%2Fwp%2Fv2%2Fcategories&post=89"},{"taxonomy":"post_tag","embeddable":true,"href":"https:\/\/blogg.fumei.se\/index.php?rest_route=%2Fwp%2Fv2%2Ftags&post=89"}],"curies":[{"name":"wp","href":"https:\/\/api.w.org\/{rel}","templated":true}]}}