{"id":90,"date":"2011-02-05T13:33:00","date_gmt":"2011-02-05T13:33:00","guid":{"rendered":"\/Blogg\/post\/30-dagar-i-bocker-Dag-1.aspx"},"modified":"2011-02-05T13:33:00","modified_gmt":"2011-02-05T13:33:00","slug":"30-dagar-i-bocker-dag-1","status":"publish","type":"post","link":"https:\/\/blogg.fumei.se\/?p=90","title":{"rendered":"30 dagar i b\u00f6cker &#8211; Dag 1"},"content":{"rendered":"<p><strong>Day 01 &ndash; Best book you read last year<\/strong><\/p>\n<p>Av de b&ouml;cker jag minns att jag l&auml;ste f&ouml;rra &aring;ret vacklar jag mellan &#8221;Flickan fr&aring;n ovan&#8221; av Alice Sebold och &#8221;M&auml;nniskohamn&#8221; av John Ajvide Lindqvist. B&aring;da f&aring;ngade mig omedelbart, h&ouml;ll mig i sitt grepp hela v&auml;gen, och b&aring;da gav ett s&aring; best&aring;ende intryck att jag ibland t&auml;nker p&aring; saker, meningar, h&auml;ndelser ur b&ouml;ckerna.<\/p>\n","protected":false},"excerpt":{"rendered":"<p>Day 01 &ndash; Best book you read last year Av de b&ouml;cker jag minns att jag l&auml;ste f&ouml;rra &aring;ret vacklar jag mellan &#8221;Flickan fr&aring;n ovan&#8221; av Alice Sebold och &#8221;M&auml;nniskohamn&#8221; av John Ajvide Lindqvist. B&aring;da f&aring;ngade mig omedelbart, h&ouml;ll mig i sitt grepp hela v&auml;gen, och b&aring;da gav ett s&aring; best&aring;ende intryck att jag ibland&#8230;<\/p>\n","protected":false},"author":1,"featured_media":0,"comment_status":"open","ping_status":"open","sticky":false,"template":"","format":"standard","meta":{"jetpack_post_was_ever_published":false,"_jetpack_newsletter_access":"","_jetpack_dont_email_post_to_subs":false,"_jetpack_newsletter_tier_id":0,"_jetpack_memberships_contains_paywalled_content":false,"_jetpack_memberships_contains_paid_content":false,"footnotes":"","jetpack_publicize_message":"","jetpack_publicize_feature_enabled":true,"jetpack_social_post_already_shared":false,"jetpack_social_options":{"image_generator_settings":{"template":"highway","default_image_id":0,"font":"","enabled":false},"version":2}},"categories":[47],"tags":[],"class_list":["post-90","post","type-post","status-publish","format-standard","hentry","category-vardagsliv"],"jetpack_publicize_connections":[],"jetpack_featured_media_url":"","jetpack_shortlink":"https:\/\/wp.me\/p3qko4-1s","jetpack_sharing_enabled":true,"jetpack_likes_enabled":true,"jetpack-related-posts":[{"id":968,"url":"https:\/\/blogg.fumei.se\/?p=968","url_meta":{"origin":90,"position":0},"title":"N\u00e5ja","author":"M :)","date":"2009-06-28","format":false,"excerpt":"jag \u00e4r ju svinbra p\u00e5 att skjuta upp saker till en annan dag, s\u00e5 att jag f\u00e5tt gjort n\u00e5gra av sakerna p\u00e5 dagens lista m\u00e5ste v\u00e4l \u00e4nd\u00e5 ses om bra jobbat?!? Jag har dammsugning, dammtorkning och \u00e5tervinningen \u00e4r kvar. Och samtalet till syster yster, men det kan jag ta imorgon\u2026","rel":"","context":"I \u201dVardagsliv\u201d","block_context":{"text":"Vardagsliv","link":"https:\/\/blogg.fumei.se\/?cat=47"},"img":{"alt_text":"","src":"","width":0,"height":0},"classes":[]},{"id":5623,"url":"https:\/\/blogg.fumei.se\/?p=5623","url_meta":{"origin":90,"position":1},"title":"B\u00f6cker","author":"M :)","date":"2024-01-13","format":false,"excerpt":"Jag har alltid l\u00e4st, s\u00e5 l\u00e4nge jag kan minnas. Minst ett kapitel i en bok varje dag, ibland en hel bok p\u00e5 en dag, ibland ett par. Barn- och ungdomsbiblioteket l\u00e5g tv\u00e4rs \u00f6ver gatan fr\u00e5n v\u00e5rt hus, och jag var d\u00e4r s\u00e5 ofta att det var d\u00e4r mamma letade f\u00f6rst\u2026","rel":"","context":"I \u201dB\u00f6cker och l\u00e4sning\u201d","block_context":{"text":"B\u00f6cker och l\u00e4sning","link":"https:\/\/blogg.fumei.se\/?cat=29"},"img":{"alt_text":"","src":"","width":0,"height":0},"classes":[]},{"id":1608,"url":"https:\/\/blogg.fumei.se\/?p=1608","url_meta":{"origin":90,"position":2},"title":"L\u00e4sarenk\u00e4t","author":"M :)","date":"2011-10-15","format":false,"excerpt":"Hur \u00e4r du som l\u00e4sare? Det undrar Enligt O, och jag \u00e4r inte sen att haka p\u00e5. snabb \u00a0l\u00e5ngsam l\u00e4ser alla ord \u00a0skummar en del - om boken best\u00e5r av l\u00e5nga, tradiga uppreprningar och stycken som inte ger n\u00e5got till ber\u00e4ttelsen gillar l\u00e5nga beskrivningar hoppar \u00f6ver det som inte f\u00f6r\u2026","rel":"","context":"I \u201dVardagsliv\u201d","block_context":{"text":"Vardagsliv","link":"https:\/\/blogg.fumei.se\/?cat=47"},"img":{"alt_text":"","src":"","width":0,"height":0},"classes":[]},{"id":324,"url":"https:\/\/blogg.fumei.se\/?p=324","url_meta":{"origin":90,"position":3},"title":"Tjej&#038;Killsnack vecka 49, 2009","author":"EmEff","date":"2009-12-06","format":false,"excerpt":"Vill du ocks\u00e5 vara med? Du hittar Tjejsnack h\u00e4r. Barnb\u00f6cker 1. Om du skulle skriva en barnbok, vad skulle den handla om?F\u00f6rmodligen n\u00e5got mainstream som prinsar och prinsessor och drakar och troll och skatter och f\u00f6rtrollade skogar. Jag \u00e4lskar ju som sagt sagor och magiska ber\u00e4ttelser, och har de lyckliga\u2026","rel":"","context":"I \u201dVardagsliv\u201d","block_context":{"text":"Vardagsliv","link":"https:\/\/blogg.fumei.se\/?cat=47"},"img":{"alt_text":"","src":"","width":0,"height":0},"classes":[]},{"id":472,"url":"https:\/\/blogg.fumei.se\/?p=472","url_meta":{"origin":90,"position":4},"title":"Nostalgisk","author":"M :)","date":"2008-08-20","format":false,"excerpt":"N\u00e4r jag var s\u00e5d\u00e4r en 11 \u00e5r eller s\u00e5, gick jag tipspromenad p\u00e5 ungdomsbiblioteket under sportlovsveckan. Jag vann tom ett pris, en bok (s\u00e5klart). Jag fick ett presentkort till bokhandeln och fick v\u00e4lja alldeles sj\u00e4lv. Jag valde en bok som heter \"H\u00e4xt\u00e4vlingen\" av Eva Ibbotson. Jag gillade den, faktist s\u00e5\u2026","rel":"","context":"I \u201dB\u00f6cker och l\u00e4sning\u201d","block_context":{"text":"B\u00f6cker och l\u00e4sning","link":"https:\/\/blogg.fumei.se\/?cat=29"},"img":{"alt_text":"","src":"","width":0,"height":0},"classes":[]},{"id":80,"url":"https:\/\/blogg.fumei.se\/?p=80","url_meta":{"origin":90,"position":5},"title":"30 dagar i b\u00f6cker &#8211; Dag 9","author":"M :)","date":"2011-02-13","format":false,"excerpt":"Day 09 \u2013 A book you thought you wouldn\u2019t like but ended up loving Inte en bok, utan tre (eller fyra, hur man nu vill se p\u00e5 saken); [b\u00f6ckerna om Arn] av Jan Guillou. Jag t\u00e4nkte l\u00e4nge att jag inte ville l\u00e4sa dem f\u00f6r att jag l\u00e4st andra b\u00f6cker av\u2026","rel":"","context":"I \u201dVardagsliv\u201d","block_context":{"text":"Vardagsliv","link":"https:\/\/blogg.fumei.se\/?cat=47"},"img":{"alt_text":"","src":"","width":0,"height":0},"classes":[]}],"_links":{"self":[{"href":"https:\/\/blogg.fumei.se\/index.php?rest_route=\/wp\/v2\/posts\/90","targetHints":{"allow":["GET"]}}],"collection":[{"href":"https:\/\/blogg.fumei.se\/index.php?rest_route=\/wp\/v2\/posts"}],"about":[{"href":"https:\/\/blogg.fumei.se\/index.php?rest_route=\/wp\/v2\/types\/post"}],"author":[{"embeddable":true,"href":"https:\/\/blogg.fumei.se\/index.php?rest_route=\/wp\/v2\/users\/1"}],"replies":[{"embeddable":true,"href":"https:\/\/blogg.fumei.se\/index.php?rest_route=%2Fwp%2Fv2%2Fcomments&post=90"}],"version-history":[{"count":0,"href":"https:\/\/blogg.fumei.se\/index.php?rest_route=\/wp\/v2\/posts\/90\/revisions"}],"wp:attachment":[{"href":"https:\/\/blogg.fumei.se\/index.php?rest_route=%2Fwp%2Fv2%2Fmedia&parent=90"}],"wp:term":[{"taxonomy":"category","embeddable":true,"href":"https:\/\/blogg.fumei.se\/index.php?rest_route=%2Fwp%2Fv2%2Fcategories&post=90"},{"taxonomy":"post_tag","embeddable":true,"href":"https:\/\/blogg.fumei.se\/index.php?rest_route=%2Fwp%2Fv2%2Ftags&post=90"}],"curies":[{"name":"wp","href":"https:\/\/api.w.org\/{rel}","templated":true}]}}