{"id":94,"date":"2011-02-02T19:51:00","date_gmt":"2011-02-02T19:51:00","guid":{"rendered":"\/Blogg\/post\/Forandringarnas-tid-ar-har.aspx"},"modified":"2011-02-02T19:51:00","modified_gmt":"2011-02-02T19:51:00","slug":"forandringarnas-tid-ar-har","status":"publish","type":"post","link":"https:\/\/blogg.fumei.se\/?p=94","title":{"rendered":"F\u00f6r\u00e4ndringarnas tid \u00e4r h\u00e4r"},"content":{"rendered":"<p>From idag &#8211; f&ouml;r bara en liten stund sedan &#8211; heter bloggen &#8221;Miss Green &#8211; en blogg bland andra bloggar&#8221;. Nytt namn och &#8221;nya kl&auml;der&#8221;, och s&aring; ska vi se om jag inte kan fylla den med lite trevligt inneh&aring;ll fram&ouml;ver&#8230;det har ju blivit lite sn&aring;lt med uppdateringar den senaste tiden.<\/p>\n<p>S&aring;&#8230;vad tycks? Jag &auml;r inte heln&ouml;jd med headern, s&aring; den kommer nog att bytas ut s&aring; sm&aring;ningom&#8230;<\/p>\n","protected":false},"excerpt":{"rendered":"<p>From idag &#8211; f&ouml;r bara en liten stund sedan &#8211; heter bloggen &#8221;Miss Green &#8211; en blogg bland andra bloggar&#8221;. Nytt namn och &#8221;nya kl&auml;der&#8221;, och s&aring; ska vi se om jag inte kan fylla den med lite trevligt inneh&aring;ll fram&ouml;ver&#8230;det har ju blivit lite sn&aring;lt med uppdateringar den senaste tiden. S&aring;&#8230;vad tycks? Jag &auml;r&#8230;<\/p>\n","protected":false},"author":1,"featured_media":0,"comment_status":"open","ping_status":"open","sticky":false,"template":"","format":"standard","meta":{"jetpack_post_was_ever_published":false,"_jetpack_newsletter_access":"","_jetpack_dont_email_post_to_subs":false,"_jetpack_newsletter_tier_id":0,"_jetpack_memberships_contains_paywalled_content":false,"_jetpack_memberships_contains_paid_content":false,"footnotes":"","jetpack_publicize_message":"","jetpack_publicize_feature_enabled":true,"jetpack_social_post_already_shared":false,"jetpack_social_options":{"image_generator_settings":{"template":"highway","default_image_id":0,"font":"","enabled":false},"version":2}},"categories":[47],"tags":[],"class_list":["post-94","post","type-post","status-publish","format-standard","hentry","category-vardagsliv"],"jetpack_publicize_connections":[],"jetpack_featured_media_url":"","jetpack_shortlink":"https:\/\/wp.me\/p3qko4-1w","jetpack_sharing_enabled":true,"jetpack_likes_enabled":true,"jetpack-related-posts":[{"id":395,"url":"https:\/\/blogg.fumei.se\/?p=395","url_meta":{"origin":94,"position":0},"title":"Adress\u00e4ndring","author":"M :)","date":"2011-08-27","format":false,"excerpt":"Bloggen har f\u00e5tt ny adress och en lite lagom ny look. Det \u00e4r k\u00e4re bror som har ordnat s\u00e5 att allt jag har i mina tv\u00e5 bloggar nu kan f\u00f6ras \u00f6ver till en enda, gemensam blogg tack vare att den nu k\u00f6rs i wordpress! tack Silvio! Tills vidare \u00e4r den\u2026","rel":"","context":"I \u201dVardagsliv\u201d","block_context":{"text":"Vardagsliv","link":"https:\/\/blogg.fumei.se\/?cat=47"},"img":{"alt_text":"","src":"","width":0,"height":0},"classes":[]},{"id":1811,"url":"https:\/\/blogg.fumei.se\/?p=1811","url_meta":{"origin":94,"position":1},"title":"Bes\u00f6k","author":"M :)","date":"2011-12-01","format":false,"excerpt":"Ja, enligt bes\u00f6ksstatistiken p\u00e5 bloggen s\u00e5 ska i runda sl\u00e4ngar en 4800 personer ha kollat in min blogg. Visserligen \u00e4r v\u00e4l de flesta \u00e5terkommande bes\u00f6kare, men det l\u00e5ter himla kul med s\u00e5 m\u00e5nga \u00e4nd\u00e5 p\u00e5 s\u00e5 kort tid som 3 m\u00e5nader. Lite trist \u00e4r det att med tanke p\u00e5 antalet\u2026","rel":"","context":"I \u201dVardagsliv\u201d","block_context":{"text":"Vardagsliv","link":"https:\/\/blogg.fumei.se\/?cat=47"},"img":{"alt_text":"","src":"","width":0,"height":0},"classes":[]},{"id":2966,"url":"https:\/\/blogg.fumei.se\/?p=2966","url_meta":{"origin":94,"position":2},"title":"Och h\u00f6r sen!","author":"M :)","date":"2013-05-29","format":false,"excerpt":"Om du l\u00e4ser den h\u00e4r bloggen n\u00e4r det skrivs n\u00e5got h\u00e4r, s\u00e5 vet du att jag fick en kallelse ttill h\u00f6rcentralen. Jag var d\u00e4r, och audionomen sa att det var solklart att jag h\u00f6r mycket s\u00e4mre p\u00e5 v\u00e4nster \u00f6ra \u00e4n p\u00e5 h\u00f6ger. Tyv\u00e4rr kunde hon inte g\u00f6ra n\u00e5got mer d\u00e4r,\u2026","rel":"","context":"I \u201dVardagsliv\u201d","block_context":{"text":"Vardagsliv","link":"https:\/\/blogg.fumei.se\/?cat=47"},"img":{"alt_text":"","src":"","width":0,"height":0},"classes":[]},{"id":3105,"url":"https:\/\/blogg.fumei.se\/?p=3105","url_meta":{"origin":94,"position":3},"title":"Statistiken ljuger inte","author":"M :)","date":"2013-07-31","format":false,"excerpt":"Den 23:e Juli skev jag ett inl\u00e4gg d\u00e4r jag undrade lite \u00f6ver vilka som egentligen l\u00e4ser den h\u00e4r bloggen. Det \u00e4r r\u00e4tt fascinerande att s\u00e5 m\u00e5nga m\u00e4nniskor l\u00e4ser min blogg! Det \u00e4r \u00e4nnu mer fascinerande att det bara \u00e4r 10 av dessa som verkar vilka erk\u00e4nna det. Av 77 bes\u00f6kare\u2026","rel":"","context":"I \u201dVardagsliv\u201d","block_context":{"text":"Vardagsliv","link":"https:\/\/blogg.fumei.se\/?cat=47"},"img":{"alt_text":"","src":"","width":0,"height":0},"classes":[]},{"id":702,"url":"https:\/\/blogg.fumei.se\/?p=702","url_meta":{"origin":94,"position":4},"title":"Utvecklande invecklingar","author":"M :)","date":"2008-11-03","format":false,"excerpt":"Nyss hemkommen fr\u00e5n Robins skola, d\u00e4r jag (vi) varit p\u00e5 utvecklingssamtal. Det var inte s\u00e5 mycket nytt, han sk\u00f6ter sig och g\u00f6r bra ifr\u00e5n sig i alla \u00e4mnen. Som vanligt h\u00f6ll jag p\u00e5 att s\u00e4ga, f\u00f6r det har n\u00e4stan bara varit den responsen sen han b\u00f6rjade skolan. Det \u00e4r v\u00e4ldigt\u2026","rel":"","context":"I \u201dVardagsliv\u201d","block_context":{"text":"Vardagsliv","link":"https:\/\/blogg.fumei.se\/?cat=47"},"img":{"alt_text":"","src":"","width":0,"height":0},"classes":[]},{"id":446,"url":"https:\/\/blogg.fumei.se\/?p=446","url_meta":{"origin":94,"position":5},"title":"V\u00e4lkommen till min nya blogg!","author":"M :)","date":"2008-07-16","format":false,"excerpt":"Nya och nya...jag som aldrig varit med blogg innan tycker ju att det l\u00e5ter som om jag har b\u00f6rjat p\u00e5 ny kula med bloggandet, medan jag i sj\u00e4lva verket \u00e4r totalt nyb\u00f6rjare p\u00e5 det h\u00e4r! S\u00e5 faktiskt har jag inte den blekaste om vad jag ska skriva om. men det\u2026","rel":"","context":"I \u201dVardagsliv\u201d","block_context":{"text":"Vardagsliv","link":"https:\/\/blogg.fumei.se\/?cat=47"},"img":{"alt_text":"","src":"","width":0,"height":0},"classes":[]}],"_links":{"self":[{"href":"https:\/\/blogg.fumei.se\/index.php?rest_route=\/wp\/v2\/posts\/94","targetHints":{"allow":["GET"]}}],"collection":[{"href":"https:\/\/blogg.fumei.se\/index.php?rest_route=\/wp\/v2\/posts"}],"about":[{"href":"https:\/\/blogg.fumei.se\/index.php?rest_route=\/wp\/v2\/types\/post"}],"author":[{"embeddable":true,"href":"https:\/\/blogg.fumei.se\/index.php?rest_route=\/wp\/v2\/users\/1"}],"replies":[{"embeddable":true,"href":"https:\/\/blogg.fumei.se\/index.php?rest_route=%2Fwp%2Fv2%2Fcomments&post=94"}],"version-history":[{"count":0,"href":"https:\/\/blogg.fumei.se\/index.php?rest_route=\/wp\/v2\/posts\/94\/revisions"}],"wp:attachment":[{"href":"https:\/\/blogg.fumei.se\/index.php?rest_route=%2Fwp%2Fv2%2Fmedia&parent=94"}],"wp:term":[{"taxonomy":"category","embeddable":true,"href":"https:\/\/blogg.fumei.se\/index.php?rest_route=%2Fwp%2Fv2%2Fcategories&post=94"},{"taxonomy":"post_tag","embeddable":true,"href":"https:\/\/blogg.fumei.se\/index.php?rest_route=%2Fwp%2Fv2%2Ftags&post=94"}],"curies":[{"name":"wp","href":"https:\/\/api.w.org\/{rel}","templated":true}]}}