{"id":96,"date":"2011-02-01T14:01:00","date_gmt":"2011-02-01T14:01:00","guid":{"rendered":"\/Blogg\/post\/30-dagarslista3b-Dag-29.aspx"},"modified":"2011-02-01T14:01:00","modified_gmt":"2011-02-01T14:01:00","slug":"30-dagarslista-dag-29","status":"publish","type":"post","link":"https:\/\/blogg.fumei.se\/?p=96","title":{"rendered":"30-dagarslista; Dag 29"},"content":{"rendered":"<p>Dag 29: En bild som alltid f&aring;r dig att le.<\/p>\n<p>&nbsp;<img decoding=\"async\" src=\"\/blogg\/image.axd?picture=2011%2f2%2fskansen07.png\" alt=\"\" \/><\/p>\n<p>Lyckliga barn smaskar p&aring; pannkakor med sylt och gr&auml;dde efter en heldag med Junibacken och Skansen. Efter fikat styrde vi kosan mot gr&ouml;na Lund, men det var en liten besvikelse, vi som var vana vid det m&auml;ktiga Liseberg!<\/p>\n<p>&nbsp;<\/p>\n<p>&nbsp;<\/p>\n","protected":false},"excerpt":{"rendered":"<p>Dag 29: En bild som alltid f&aring;r dig att le. &nbsp; Lyckliga barn smaskar p&aring; pannkakor med sylt och gr&auml;dde efter en heldag med Junibacken och Skansen. Efter fikat styrde vi kosan mot gr&ouml;na Lund, men det var en liten besvikelse, vi som var vana vid det m&auml;ktiga Liseberg! &nbsp; &nbsp;<\/p>\n","protected":false},"author":1,"featured_media":0,"comment_status":"open","ping_status":"open","sticky":false,"template":"","format":"standard","meta":{"jetpack_post_was_ever_published":false,"_jetpack_newsletter_access":"","_jetpack_dont_email_post_to_subs":false,"_jetpack_newsletter_tier_id":0,"_jetpack_memberships_contains_paywalled_content":false,"_jetpack_memberships_contains_paid_content":false,"footnotes":"","jetpack_publicize_message":"","jetpack_publicize_feature_enabled":true,"jetpack_social_post_already_shared":false,"jetpack_social_options":{"image_generator_settings":{"template":"highway","default_image_id":0,"font":"","enabled":false},"version":2}},"categories":[47],"tags":[],"class_list":["post-96","post","type-post","status-publish","format-standard","hentry","category-vardagsliv"],"jetpack_publicize_connections":[],"jetpack_featured_media_url":"","jetpack_shortlink":"https:\/\/wp.me\/p3qko4-1y","jetpack_sharing_enabled":true,"jetpack_likes_enabled":true,"jetpack-related-posts":[{"id":86,"url":"https:\/\/blogg.fumei.se\/?p=86","url_meta":{"origin":96,"position":0},"title":"30 dagar i b\u00f6cker &#8211; Dag 4","author":"M :)","date":"2011-02-08","format":false,"excerpt":"Day 04 \u2013 Favorite book of your favorite series Jag har tv\u00e5 favoriter i Sagan om Isfolket -\u00a0bok nr 29; [Lucifers k\u00e4rlek] och bok nr 36; [Trollm\u00e5ne] . Jag antar att det \u00e4r romantikern i\u00a0mig som tjusas av dem.","rel":"","context":"I \u201dVardagsliv\u201d","block_context":{"text":"Vardagsliv","link":"https:\/\/blogg.fumei.se\/?cat=47"},"img":{"alt_text":"","src":"","width":0,"height":0},"classes":[]},{"id":203,"url":"https:\/\/blogg.fumei.se\/?p=203","url_meta":{"origin":96,"position":1},"title":"Bytt, bytt&#8230;","author":"M :)","date":"2010-07-08","format":false,"excerpt":"...kommer aldrig mer igen??? Snart \u00e4r det semester. Jag har lagt in min semester under veckorna 29-32. Nu blev det ju lite dumt med billiga biljetter och s\u00e5nt d\u00e4r, s\u00e5 J kommer inte f\u00f6rr\u00e4n tre dagar efter min semester.Av den anledningen har jag nu tagit bort f\u00f6rsta veckan (v 29)\u2026","rel":"","context":"I \u201dVardagsliv\u201d","block_context":{"text":"Vardagsliv","link":"https:\/\/blogg.fumei.se\/?cat=47"},"img":{"alt_text":"","src":"","width":0,"height":0},"classes":[]},{"id":3194,"url":"https:\/\/blogg.fumei.se\/?p=3194","url_meta":{"origin":96,"position":2},"title":"Arbete p\u00e5g\u00e5r&#8230;","author":"M :)","date":"2014-01-29","format":false,"excerpt":"Idag \u00e4r tredje dagen p\u00e5 badrumsrenoveringen. Det artar sig bra, \u00e4n s\u00e5 l\u00e4nge. I m\u00e5ndags kom r\u00f6rpelle och monterade ner alltt, och s\u00e5 flyttade han golvbrunnen. Ig\u00e5r kom muraren och slet ner tapeter, matta och kakel. Tyv\u00e4rr \u00e4r huset byggt f\u00f6r sis\u00e5d\u00e4r en 50-60 \u00e5r sedan, s\u00e5 kaklet satt direkt\u2026","rel":"","context":"I \u201dHemmet\u201d","block_context":{"text":"Hemmet","link":"https:\/\/blogg.fumei.se\/?cat=31"},"img":{"alt_text":"2014-01-27 07.42.10","src":"https:\/\/i0.wp.com\/blogg.fumei.se\/wp-content\/uploads\/2014\/01\/2014-01-27-07.42.10.jpg?resize=350%2C200","width":350,"height":200,"srcset":"https:\/\/i0.wp.com\/blogg.fumei.se\/wp-content\/uploads\/2014\/01\/2014-01-27-07.42.10.jpg?resize=350%2C200 1x, https:\/\/i0.wp.com\/blogg.fumei.se\/wp-content\/uploads\/2014\/01\/2014-01-27-07.42.10.jpg?resize=525%2C300 1.5x"},"classes":[]},{"id":143,"url":"https:\/\/blogg.fumei.se\/?p=143","url_meta":{"origin":96,"position":3},"title":"30-dagarslista","author":"M :)","date":"2011-01-01","format":false,"excerpt":"Dag 1: En bild p\u00e5 dig sj\u00e4lv och femton fakta om dig sj\u00e4lv.Dag 2; En bild p\u00e5 dig sj\u00e4lv och den person du varit v\u00e4n med l\u00e4ngst.Dag 3; En bild p\u00e5 dig och n\u00e5gon som f\u00e5r dig att skratta mycket.Dag 4; En bild p\u00e5 n\u00e5got du skulle vilja g\u00f6ra igen.Dag\u2026","rel":"","context":"I \u201dVardagsliv\u201d","block_context":{"text":"Vardagsliv","link":"https:\/\/blogg.fumei.se\/?cat=47"},"img":{"alt_text":"","src":"","width":0,"height":0},"classes":[]},{"id":206,"url":"https:\/\/blogg.fumei.se\/?p=206","url_meta":{"origin":96,"position":4},"title":"Antingen eller&#8230;","author":"EmEff","date":"2010-07-02","format":false,"excerpt":"Dags f\u00f6r en lista. Det var ett tag sen, mest f\u00f6r att jag inte hittat n\u00e5n rolig, men nu k\u00f6r vi!Kopiera till din egen blogg och markera dina val med fetstil. 1. Volvo eller Saab?2. Kjol eller Byxa?3. Tulpan eller Ros?4. Svart eller Vit?5. V\u00e5r eller H\u00f6st?6.\u00a0Hund eller Katt?7. Kaffe\u2026","rel":"","context":"I \u201dVardagsliv\u201d","block_context":{"text":"Vardagsliv","link":"https:\/\/blogg.fumei.se\/?cat=47"},"img":{"alt_text":"","src":"","width":0,"height":0},"classes":[]},{"id":729,"url":"https:\/\/blogg.fumei.se\/?p=729","url_meta":{"origin":96,"position":5},"title":"Sm\u00e5. platta paket","author":"M :)","date":"2008-12-19","format":false,"excerpt":"och ett lite st\u00f6rre, mjukt kom fr\u00e5n syster yster idag. P\u00e5 s\u00f6ndag f\u00e5r barnen veta vad som \u00e4r i deras. D\u00e5 ska vi ha lilla-jul h\u00e4r hemma i samband med adventsfika. De \u00e5ker ju till sin pappa p\u00e5 m\u00e5ndag, och ska vara borta till den 28 eller 29. Har fixat\u2026","rel":"","context":"I \u201dVardagsliv\u201d","block_context":{"text":"Vardagsliv","link":"https:\/\/blogg.fumei.se\/?cat=47"},"img":{"alt_text":"","src":"","width":0,"height":0},"classes":[]}],"_links":{"self":[{"href":"https:\/\/blogg.fumei.se\/index.php?rest_route=\/wp\/v2\/posts\/96","targetHints":{"allow":["GET"]}}],"collection":[{"href":"https:\/\/blogg.fumei.se\/index.php?rest_route=\/wp\/v2\/posts"}],"about":[{"href":"https:\/\/blogg.fumei.se\/index.php?rest_route=\/wp\/v2\/types\/post"}],"author":[{"embeddable":true,"href":"https:\/\/blogg.fumei.se\/index.php?rest_route=\/wp\/v2\/users\/1"}],"replies":[{"embeddable":true,"href":"https:\/\/blogg.fumei.se\/index.php?rest_route=%2Fwp%2Fv2%2Fcomments&post=96"}],"version-history":[{"count":0,"href":"https:\/\/blogg.fumei.se\/index.php?rest_route=\/wp\/v2\/posts\/96\/revisions"}],"wp:attachment":[{"href":"https:\/\/blogg.fumei.se\/index.php?rest_route=%2Fwp%2Fv2%2Fmedia&parent=96"}],"wp:term":[{"taxonomy":"category","embeddable":true,"href":"https:\/\/blogg.fumei.se\/index.php?rest_route=%2Fwp%2Fv2%2Fcategories&post=96"},{"taxonomy":"post_tag","embeddable":true,"href":"https:\/\/blogg.fumei.se\/index.php?rest_route=%2Fwp%2Fv2%2Ftags&post=96"}],"curies":[{"name":"wp","href":"https:\/\/api.w.org\/{rel}","templated":true}]}}